{"id":55895,"date":"2024-06-20T00:19:39","date_gmt":"2024-06-19T23:19:39","guid":{"rendered":"https:\/\/www.africanchallenges.com\/?p=55895"},"modified":"2024-06-20T00:21:11","modified_gmt":"2024-06-19T23:21:11","slug":"tunisie-lancement-de-la-seconde-phase-du-projet-gtex-menatex-visant-a-appuyer-le-secteur-textile-et-habillement","status":"publish","type":"post","link":"https:\/\/www.africanchallenges.com\/?p=55895","title":{"rendered":"Tunisie : Lancement de la seconde phase du Projet GTEX\/MENATEX, visant \u00e0 appuyer le secteur Textile et Habillement"},"content":{"rendered":"\n<p class=\"wp-block-paragraph\">Le&nbsp;Programme Global Textiles et Habillement (GTEX) et le Programme Textiles Pour la R\u00e9gion Moyen-Orient et Afrique du Nord (MENATEX),&nbsp;en abr\u00e9g\u00e9 \u00ab&nbsp;GTEX\/MENATEX&nbsp;\u00bb,&nbsp;a annonc\u00e9 le&nbsp;d\u00e9marrage officiel en Tunisie de sa seconde phase d\u2019une dur\u00e9e de 4 ans&nbsp;\u00ab&nbsp;2024 &#8211; 2027&nbsp;\u00bb.<br><br><strong>Le programme GTEX\/MENATEX<\/strong>&nbsp;est mis en \u0153uvre par le Centre de Commerce International (ITC) et financ\u00e9 par le Secr\u00e9tariat d&rsquo;\u00c9tat \u00e0 l&rsquo;\u00e9conomie (SECO) de la Conf\u00e9d\u00e9ration Suisse et l&rsquo;Agence su\u00e9doise de coop\u00e9ration internationale au d\u00e9veloppement (Sida).<br><br>II vise \u00e0 soutenir le secteur Textile et Habillement dans 5 pays dont la Tunisie, pour accro\u00eetre&nbsp;sa comp\u00e9titivit\u00e9 \u00e0 l&rsquo;exportation, en se concentrant sur la digitalisation, les aspects de durabilit\u00e9 et de circularit\u00e9 en tant que moteurs cl\u00e9s de la comp\u00e9titivit\u00e9. Il s\u2019engage \u00e9galement \u00e0 cr\u00e9er des emplois d\u00e9cents, en particulier pour les femmes, tout en contribuant \u00e0 r\u00e9duire la pauvret\u00e9&nbsp;et \u00e0 att\u00e9nuer le changement climatique.<br>Pour ce faire, le programme a pour double objectif de soutenir l\u2019\u00e9cosyst\u00e8me institutionnel en Tunisie, ainsi que les entreprises et les cr\u00e9ateurs de mode du secteur textile et habillement.<br><br>Le lancement officiel de cette nouvelle phase a \u00e9t\u00e9 c\u00e9l\u00e9br\u00e9 le vendredi 14 juin 2024 \u00e0 Tunis, en pr\u00e9sence de l\u2019\u00e9quipe de l\u2019ITC, des repr\u00e9sentants des donateurs du projet, SECO et Sida, des repr\u00e9sentants des institutions tunisiennes et d\u2019autres initiatives et bailleurs de fonds travaillant sur l\u2019appui au secteur textile et habillement. Ont pris part \u00e9galement \u00e0 la c\u00e9r\u00e9monie, les responsables des entreprises industrielles et les cr\u00e9ateurs de mode qui viennent d\u2019\u00eatre s\u00e9lectionn\u00e9s en tant que b\u00e9n\u00e9ficiaires&nbsp;de cette 2<sup>\u00e8me<\/sup>&nbsp;phase&nbsp;du projet.<br><br>Lors du mot de bienvenue de cette c\u00e9r\u00e9monie,&nbsp;<strong>M. Mehdi Chaker,&nbsp;gestionnaire du projet en Tunisie au niveau du Centre de Commerce International<\/strong>,&nbsp;a d\u00e9clar\u00e9 \u00ab&nbsp;Nous c\u00e9l\u00e9brons \u00e0 travers cet \u00e9v\u00e8nement les succ\u00e8s de la premi\u00e8re phase, et entamons un nouveau chapitre prometteur visant \u00e0 renforcer la comp\u00e9titivit\u00e9 \u00e0 l&rsquo;exportation du secteur textile tunisien, gr\u00e2ce \u00e0 un engagement pour le d\u00e9veloppement \u00e9conomique et la cr\u00e9ation d&#8217;emplois&nbsp;\u00bb.<br><br>La rencontre a \u00e9galement \u00e9t\u00e9 marqu\u00e9e par des allocutions et des messages forts de la part de repr\u00e9sentants de premier plan des deux donateurs et des partenaires institutionnels du projet.<br><br><strong>Mme Fatma Thabet Chiboub, Ministre de l&rsquo;Industrie, des Mines et de l&rsquo;\u00c9nergie<\/strong>, a affirm\u00e9 \u00ab&nbsp;Les r\u00e9ussites de la premi\u00e8re phase nous permettent de d\u00e9buter cette deuxi\u00e8me phase avec confiance. Gr\u00e2ce au soutien du SECO, de la Sida et des institutions nationales, nous esp\u00e9rons am\u00e9liorer la qualit\u00e9 et la comp\u00e9titivit\u00e9 des produits textiles tunisiens. \u00bb<br><br><strong>Son Excellence M.&nbsp;Josef Renggli,&nbsp;Ambassadeur de Suisse en Tunisie<\/strong>, a soulign\u00e9 l&rsquo;engagement de la coop\u00e9ration suisse pour le soutien du d\u00e9veloppement \u00e9conomique de la Tunisie, notamment dans le secteur du textile&nbsp;: \u00ab&nbsp;Nous visons \u00e0 renforcer la comp\u00e9titivit\u00e9 du textile tunisien pour cr\u00e9er davantage de valeur ajout\u00e9e, avec un accent particulier sur la durabilit\u00e9, la digitalisation et l&rsquo;\u00e9galit\u00e9 des genres. \u00bb<br><\/p>\n\n\n\n<p class=\"wp-block-paragraph\">De son c\u00f4t\u00e9,&nbsp;<strong>Mme&nbsp;Matilda Linden, Cheffe de mission adjointe \u00e0 l\u2019ambassade&nbsp;de la Su\u00e8de en Tunisie<\/strong>, a d\u00e9clar\u00e9&nbsp;:&nbsp;\u00ab\u00a0Nous nous engageons \u00e0 renforcer un mod\u00e8le textile tunisien durable et circulaire, conforme aux normes et r\u00e9glementations europ\u00e9ennes.\u00a0\u00bb<br><br>Enfin, M.&nbsp;<strong>Haithem Bouagila, Pr\u00e9sident de la FTTH a ajout\u00e9 :<\/strong>&nbsp;\u00ab\u00a0Durant la phase 2 du projet, nous soutiendrons plus efficacement les PME et les cr\u00e9ateurs de mode b\u00e9n\u00e9ficiaires pour les aider \u00e0 acc\u00e9der aux march\u00e9s internationaux. Pour cela, il est crucial d&rsquo;am\u00e9liorer le cadre r\u00e9glementaire national et de renforcer la collaboration entre les diff\u00e9rents acteurs de ce secteur.\u00a0\u00bb<\/p>\n\n\n\n<p class=\"wp-block-paragraph\">Au cours de cette c\u00e9r\u00e9monie, les invit\u00e9s ont eu l\u2019occasion de retracer les r\u00e9alisations en Tunisie de la phase 1 et les r\u00e9sultats attendus de la 2\u00e8me phase du projet GTEX\/MENATEX.<br>Les pr\u00e9sentations ont \u00e9t\u00e9 suivies d&rsquo;un espace d\u2019\u00e9change entre les diff\u00e9rentes organisations nationales et internationales pr\u00e9sentes. La soir\u00e9e s&rsquo;est cl\u00f4tur\u00e9e par un d\u00e9fil\u00e9 de mode, offrant un aper\u00e7u des derni\u00e8res collections des cr\u00e9ateurs et cr\u00e9atrices de mode tunisiens membres du projet.<br><br><br><strong>Retour sur les&nbsp;accomplissements de la Premi\u00e8re Phase (2018 &#8211; 2023)<\/strong><\/p>\n\n\n\n<p class=\"wp-block-paragraph\">La premi\u00e8re phase du projet a permis d\u2019atteindre de notables r\u00e9alisations pour l\u2019industrie tunisienne du textile et de l\u2019habillement, notamment&nbsp;en termes de :<\/p>\n\n\n\n<p class=\"wp-block-paragraph\">\u00b7&nbsp;&nbsp;&nbsp;&nbsp;&nbsp;&nbsp;&nbsp;&nbsp;<strong>Appui strat\u00e9gique aux politiques nationales :<\/strong>&nbsp;participation \u00e0 l\u2019\u00e9laboration d\u2019\u00e9tudes strat\u00e9giques, telles que l\u2019\u00e9tude sur l&rsquo;impact de la crise du COVID-19 et le plan de relance. Elle a \u00e9galement soutenu la mise en place de l\u2019acte de comp\u00e9titivit\u00e9 du secteur T&amp;H qui a \u00e9t\u00e9 sign\u00e9 entre le Gouvernement et la F\u00e9d\u00e9ration Tunisienne du Textile et Habillement (FTTH).<br><\/p>\n\n\n\n<p class=\"wp-block-paragraph\">\u00b7&nbsp;&nbsp;&nbsp;&nbsp;&nbsp;&nbsp;&nbsp;&nbsp;<strong>Renforcement des capacit\u00e9s des organismes d\u2019appui et des Institutions acad\u00e9miques :<\/strong>&nbsp;plus de 450 participants des institutions partenaires et plus de 40 enseignants universitaires ont b\u00e9n\u00e9fici\u00e9 de formations cibl\u00e9es, permettant un renforcement significatif des capacit\u00e9s locales, ainsi que la digitalisation des services pour les institutions d\u2019appui \u00e0 l\u2019industrie textile.<br><\/p>\n\n\n\n<p class=\"wp-block-paragraph\">\u00b7&nbsp;&nbsp;&nbsp;&nbsp;&nbsp;&nbsp;&nbsp;&nbsp;<strong>Am\u00e9lioration de la comp\u00e9titivit\u00e9 des PME et des cr\u00e9ateurs de mode du secteur :<\/strong>&nbsp;A travers la formation et le coaching des PME et des cr\u00e9ateurs de mode, facilitant leur acc\u00e8s aux march\u00e9s internationaux. Plus de 60 PME et cr\u00e9ateurs tunisiens ont particip\u00e9 \u00e0 des salons internationaux et \u00e0 des missions B2B et de sourcing en France, Turquie, \u00c9gypte, Maroc, Italie, Allemagne, Belgique, Espagne, et aux Pays-Bas. Ces efforts ont abouti \u00e0 environ 600 nouveaux contrats sign\u00e9s par les b\u00e9n\u00e9ficiaires avec des clients et fournisseurs internationaux.<br><\/p>\n\n\n\n<p class=\"wp-block-paragraph\">\u00b7&nbsp;&nbsp;&nbsp;&nbsp;&nbsp;&nbsp;&nbsp;&nbsp;<strong>Renforcement des capacit\u00e9s en digitalisation et durabilit\u00e9 :<\/strong>&nbsp;parmi les r\u00e9alisations, 19 PME ont adopt\u00e9 des processus de num\u00e9risation, et 30 PME ont int\u00e9gr\u00e9 des pratiques de durabilit\u00e9 sociale et environnementale, d\u00e9montrant un engagement envers des pratiques plus durables et modernes.<br><\/p>\n\n\n\n<p class=\"wp-block-paragraph\">\u00b7&nbsp;&nbsp;&nbsp;&nbsp;&nbsp;&nbsp;&nbsp;&nbsp;<strong>Appui sp\u00e9cifique aux r\u00e9gions int\u00e9rieures :<\/strong>&nbsp;un effort particulier a \u00e9t\u00e9 fait pour soutenir les PME des r\u00e9gions int\u00e9rieures, avec 8 PME augmentant leur comp\u00e9titivit\u00e9, dont 2 PME qui ont commenc\u00e9 \u00e0 produire des produits finis.<\/p>\n\n\n\n<p class=\"wp-block-paragraph\"><br>Pour plus d\u2019information sur le GTEX\/MENATEX II, consultez les pages du programme GTEX\/MENATEX sur&nbsp;<a rel=\"noreferrer noopener\" target=\"_blank\" href=\"https:\/\/www.linkedin.com\/company\/gtex-menatex-tunisie\/?viewAsMember=true\">LinkedIn<\/a>&nbsp;et&nbsp;<a rel=\"noreferrer noopener\" target=\"_blank\" href=\"https:\/\/www.facebook.com\/gtextunisie\">Facebook<\/a><br><\/p>\n\n\n\n<p class=\"wp-block-paragraph\">\u00c0 propos du Centre du Commerce International :<\/p>\n\n\n\n<p class=\"wp-block-paragraph\">Le Centre du Commerce International (ITC) est une agence conjointe des Nations Unies et de l&rsquo;Organisation mondiale du commerce, qui soutient un d\u00e9veloppement \u00e9conomique durable et inclusif sur le march\u00e9 mondial. Gr\u00e2ce \u00e0 ses diverses initiatives et programmes, l\u2019ITC promeut le commerce, am\u00e9liore la comp\u00e9titivit\u00e9 et renforce les entreprises, en particulier les PME, dans les pays en voie de d\u00e9veloppement.<\/p>\n\n\n\n<p class=\"wp-block-paragraph\"><strong>Avec Communiqu\u00e9<\/strong><\/p>\n","protected":false},"excerpt":{"rendered":"<p>Le&nbsp;Programme Global Textiles et Habillement (GTEX) et le Programme Textiles Pour la R\u00e9gion Moyen-Orient et Afrique du Nord (MENATEX),&nbsp;en abr\u00e9g\u00e9 \u00ab&nbsp;GTEX\/MENATEX&nbsp;\u00bb,&nbsp;a annonc\u00e9 le&nbsp;d\u00e9marrage officiel en Tunisie de sa seconde phase d\u2019une dur\u00e9e de 4 ans&nbsp;\u00ab&nbsp;2024 &#8211; 2027&nbsp;\u00bb. Le programme GTEX\/MENATEX&nbsp;est mis en \u0153uvre par le Centre de Commerce International (ITC) et financ\u00e9 par le Secr\u00e9tariat [&hellip;]<\/p>\n","protected":false},"author":4,"featured_media":55900,"comment_status":"open","ping_status":"closed","sticky":false,"template":"","format":"standard","meta":{"content-type":"","jnews-multi-image_gallery":[],"jnews_single_post":{"subtitle":"","format":"standard","video":"","gallery":"","source_name":"","source_url":"","via_name":"","via_url":"","override_template":"0","override":[{"template":"1","single_blog_custom":"","parallax":"1","fullscreen":"1","layout":"right-sidebar","sidebar":"default-sidebar","second_sidebar":"default-sidebar","sticky_sidebar":"1","share_position":"top","share_float_style":"share-monocrhome","show_share_counter":"1","show_view_counter":"1","show_featured":"1","show_post_meta":"1","show_post_author":"1","show_post_author_image":"1","show_post_date":"1","post_date_format":"default","post_date_format_custom":"Y\/m\/d","show_post_category":"1","show_post_reading_time":"0","post_reading_time_wpm":"300","show_zoom_button":"0","zoom_button_out_step":"2","zoom_button_in_step":"3","show_post_tag":"1","show_prev_next_post":"1","show_popup_post":"1","number_popup_post":"1","show_author_box":"0","show_post_related":"0","show_inline_post_related":"0"}],"override_image_size":"0","image_override":[{"single_post_thumbnail_size":"crop-500","single_post_gallery_size":"crop-500"}],"trending_post":"0","trending_post_position":"meta","trending_post_label":"Trending","sponsored_post":"0","sponsored_post_label":"Sponsored by","sponsored_post_name":"","sponsored_post_url":"","sponsored_post_logo_enable":"0","sponsored_post_logo":"","sponsored_post_desc":"","disable_ad":"0"},"jnews_primary_category":{"id":"","hide":""},"jnews_override_bookmark_settings":[],"jnews_review":[],"enable_review":"","type":"","name":"","summary":"","brand":"","sku":"","good":[],"bad":[],"score_override":"","override_value":"","rating":[],"price":[],"jnews_post_split":[],"footnotes":""},"categories":[43,73],"tags":[12424,759,1040,8950,12425,54],"class_list":["post-55895","post","type-post","status-publish","format-standard","has-post-thumbnail","hentry","category-eco-business","category-eco","tag-gtex-menatex","tag-lancement","tag-projet","tag-secteur","tag-textile-et-habillement","tag-tunisie"],"_links":{"self":[{"href":"https:\/\/www.africanchallenges.com\/index.php?rest_route=\/wp\/v2\/posts\/55895","targetHints":{"allow":["GET"]}}],"collection":[{"href":"https:\/\/www.africanchallenges.com\/index.php?rest_route=\/wp\/v2\/posts"}],"about":[{"href":"https:\/\/www.africanchallenges.com\/index.php?rest_route=\/wp\/v2\/types\/post"}],"author":[{"embeddable":true,"href":"https:\/\/www.africanchallenges.com\/index.php?rest_route=\/wp\/v2\/users\/4"}],"replies":[{"embeddable":true,"href":"https:\/\/www.africanchallenges.com\/index.php?rest_route=%2Fwp%2Fv2%2Fcomments&post=55895"}],"version-history":[{"count":1,"href":"https:\/\/www.africanchallenges.com\/index.php?rest_route=\/wp\/v2\/posts\/55895\/revisions"}],"predecessor-version":[{"id":55901,"href":"https:\/\/www.africanchallenges.com\/index.php?rest_route=\/wp\/v2\/posts\/55895\/revisions\/55901"}],"wp:featuredmedia":[{"embeddable":true,"href":"https:\/\/www.africanchallenges.com\/index.php?rest_route=\/wp\/v2\/media\/55900"}],"wp:attachment":[{"href":"https:\/\/www.africanchallenges.com\/index.php?rest_route=%2Fwp%2Fv2%2Fmedia&parent=55895"}],"wp:term":[{"taxonomy":"category","embeddable":true,"href":"https:\/\/www.africanchallenges.com\/index.php?rest_route=%2Fwp%2Fv2%2Fcategories&post=55895"},{"taxonomy":"post_tag","embeddable":true,"href":"https:\/\/www.africanchallenges.com\/index.php?rest_route=%2Fwp%2Fv2%2Ftags&post=55895"}],"curies":[{"name":"wp","href":"https:\/\/api.w.org\/{rel}","templated":true}]}}