{"id":55609,"date":"2024-06-10T15:01:44","date_gmt":"2024-06-10T14:01:44","guid":{"rendered":"https:\/\/www.africanchallenges.com\/?p=55609"},"modified":"2024-06-10T15:25:56","modified_gmt":"2024-06-10T14:25:56","slug":"tunisie-la-delegation-generale-wallonie-bruxelles-en-tunisie-organise-une-projection-du-film-documentaire-un-divan-sur-la-colline-realise-par-francois-ducat-le-12-juin","status":"publish","type":"post","link":"https:\/\/www.africanchallenges.com\/?p=55609","title":{"rendered":"Tunisie :La D\u00e9l\u00e9gation g\u00e9n\u00e9rale Wallonie-Bruxelles en Tunisie organise une projection du film documentaire \u00ab\u00a0Un divan sur la colline\u00a0\u00bb r\u00e9alis\u00e9 par Fran\u00e7ois Ducat, le 12 juin"},"content":{"rendered":"\n<p class=\"wp-block-paragraph\">La D\u00e9l\u00e9gation g\u00e9n\u00e9rale Wallonie-Bruxelles en Tunisie organise une projection du film documentaire \u00ab\u00a0Un divan sur la colline\u00a0\u00bb r\u00e9alis\u00e9 par Fran\u00e7ois Ducat dans le cadre du Festival du Film Francophone.<\/p>\n\n\n\n<p class=\"wp-block-paragraph\">La projection aura lieu \u00e0 l\u2019Institut Fran\u00e7ais de Tunis, le mercredi 12 juin \u00e0 19h30. Elle sera suivie d\u2019un d\u00e9bat avec le r\u00e9alisateur.<\/p>\n\n\n\n<p class=\"wp-block-paragraph\">Ce film a \u00e9t\u00e9 r\u00e9alis\u00e9 notamment avec le soutien du programme de coop\u00e9ration Wallonie-Bruxelles \/Palestine qui est principalement ax\u00e9e sur le droit des enfants et des jeunes.<\/p>\n\n\n\n<p class=\"wp-block-paragraph\"><strong>Synopsis :<\/strong><\/p>\n\n\n\n<p class=\"wp-block-paragraph\">Bara\u2019a, Ala\u2019 et Ibraheem, trois jeunes palestiniens qui vivent dans un village de Cisjordanie, terminent leur scolarit\u00e9 et envisagent de partir poursuivre leurs \u00e9tudes en Europe. A l\u2019image du train qu\u2019ils ne peuvent pas prendre et qui passe \u00e0 c\u00f4t\u00e9 de leur \u00e9cole toutes les 25 minutes, leur futur butte contre une multitude d\u2019interdits et de r\u00eaves impossibles, avec comme seule ligne d\u2019horizon l\u2019impression d\u2019\u00eatre condamn\u00e9s \u00e0 vie \u00e0 arpenter leur seul petit territoire natal. Parfois, ces jeunes et leurs proches prennent place sur un divan install\u00e9 en plein air et nous racontent ce qu\u2019il leur reste d\u2019espoir.<\/p>\n\n\n\n<p class=\"wp-block-paragraph\"><strong>Vid\u00e9o de <\/strong><strong>la bande-annonce&nbsp;<\/strong><strong>:<\/strong><\/p>\n\n\n\n<figure class=\"wp-block-embed is-type-video is-provider-vimeo wp-block-embed-vimeo wp-embed-aspect-16-9 wp-has-aspect-ratio\"><div class=\"wp-block-embed__wrapper\">\n<div class=\"jeg_video_container jeg_video_content\"><iframe title=\"UN DIVAN SUR LA COLLINE - trailer FR\" src=\"https:\/\/player.vimeo.com\/video\/821190856?h=c28d1ef499&amp;dnt=1&amp;app_id=122963\" width=\"500\" height=\"281\" frameborder=\"0\" allow=\"autoplay; fullscreen; picture-in-picture; clipboard-write\"><\/iframe><\/div>\n<\/div><\/figure>\n","protected":false},"excerpt":{"rendered":"<p>La D\u00e9l\u00e9gation g\u00e9n\u00e9rale Wallonie-Bruxelles en Tunisie organise une projection du film documentaire \u00ab\u00a0Un divan sur la colline\u00a0\u00bb r\u00e9alis\u00e9 par Fran\u00e7ois Ducat dans le cadre du Festival du Film Francophone. La projection aura lieu \u00e0 l\u2019Institut Fran\u00e7ais de Tunis, le mercredi 12 juin \u00e0 19h30. Elle sera suivie d\u2019un d\u00e9bat avec le r\u00e9alisateur. Ce film a [&hellip;]<\/p>\n","protected":false},"author":4,"featured_media":55610,"comment_status":"open","ping_status":"closed","sticky":false,"template":"","format":"standard","meta":{"content-type":"","jnews-multi-image_gallery":[],"jnews_single_post":{"subtitle":"","format":"standard","video":"","gallery":"","source_name":"","source_url":"","via_name":"","via_url":"","override_template":"0","override":[{"template":"1","single_blog_custom":"","parallax":"1","fullscreen":"1","layout":"right-sidebar","sidebar":"default-sidebar","second_sidebar":"default-sidebar","sticky_sidebar":"1","share_position":"top","share_float_style":"share-monocrhome","show_share_counter":"1","show_view_counter":"1","show_featured":"1","show_post_meta":"1","show_post_author":"1","show_post_author_image":"1","show_post_date":"1","post_date_format":"default","post_date_format_custom":"Y\/m\/d","show_post_category":"1","show_post_reading_time":"0","post_reading_time_wpm":"300","show_zoom_button":"0","zoom_button_out_step":"2","zoom_button_in_step":"3","show_post_tag":"1","show_prev_next_post":"1","show_popup_post":"1","number_popup_post":"1","show_author_box":"0","show_post_related":"0","show_inline_post_related":"0"}],"override_image_size":"0","image_override":[{"single_post_thumbnail_size":"crop-500","single_post_gallery_size":"crop-500"}],"trending_post":"0","trending_post_position":"meta","trending_post_label":"Trending","sponsored_post":"0","sponsored_post_label":"Sponsored by","sponsored_post_name":"","sponsored_post_url":"","sponsored_post_logo_enable":"0","sponsored_post_logo":"","sponsored_post_desc":"","disable_ad":"0"},"jnews_primary_category":{"id":"","hide":""},"jnews_override_bookmark_settings":[],"jnews_review":[],"enable_review":"","type":"","name":"","summary":"","brand":"","sku":"","good":[],"bad":[],"score_override":"","override_value":"","rating":[],"price":[],"jnews_post_split":[],"footnotes":""},"categories":[17],"tags":[480,12312,12310,1677,12311],"class_list":["post-55609","post","type-post","status-publish","format-standard","has-post-thumbnail","hentry","category-entertainment","tag-film","tag-francois-ducat","tag-la-delegation-generale-wallonie-bruxelles-2","tag-projection","tag-un-divan-sur-la-colline"],"_links":{"self":[{"href":"https:\/\/www.africanchallenges.com\/index.php?rest_route=\/wp\/v2\/posts\/55609","targetHints":{"allow":["GET"]}}],"collection":[{"href":"https:\/\/www.africanchallenges.com\/index.php?rest_route=\/wp\/v2\/posts"}],"about":[{"href":"https:\/\/www.africanchallenges.com\/index.php?rest_route=\/wp\/v2\/types\/post"}],"author":[{"embeddable":true,"href":"https:\/\/www.africanchallenges.com\/index.php?rest_route=\/wp\/v2\/users\/4"}],"replies":[{"embeddable":true,"href":"https:\/\/www.africanchallenges.com\/index.php?rest_route=%2Fwp%2Fv2%2Fcomments&post=55609"}],"version-history":[{"count":1,"href":"https:\/\/www.africanchallenges.com\/index.php?rest_route=\/wp\/v2\/posts\/55609\/revisions"}],"predecessor-version":[{"id":55611,"href":"https:\/\/www.africanchallenges.com\/index.php?rest_route=\/wp\/v2\/posts\/55609\/revisions\/55611"}],"wp:featuredmedia":[{"embeddable":true,"href":"https:\/\/www.africanchallenges.com\/index.php?rest_route=\/wp\/v2\/media\/55610"}],"wp:attachment":[{"href":"https:\/\/www.africanchallenges.com\/index.php?rest_route=%2Fwp%2Fv2%2Fmedia&parent=55609"}],"wp:term":[{"taxonomy":"category","embeddable":true,"href":"https:\/\/www.africanchallenges.com\/index.php?rest_route=%2Fwp%2Fv2%2Fcategories&post=55609"},{"taxonomy":"post_tag","embeddable":true,"href":"https:\/\/www.africanchallenges.com\/index.php?rest_route=%2Fwp%2Fv2%2Ftags&post=55609"}],"curies":[{"name":"wp","href":"https:\/\/api.w.org\/{rel}","templated":true}]}}