{"id":55467,"date":"2024-06-05T09:18:02","date_gmt":"2024-06-05T08:18:02","guid":{"rendered":"https:\/\/www.africanchallenges.com\/?p=55467"},"modified":"2024-06-05T09:20:16","modified_gmt":"2024-06-05T08:20:16","slug":"la-tunisie-et-le-kenya-aspirent-a-renforcer-leur-collaboration","status":"publish","type":"post","link":"https:\/\/www.africanchallenges.com\/?p=55467","title":{"rendered":"La Tunisie et le Kenya aspirent \u00e0 renforcer leur collaboration."},"content":{"rendered":"\n<p class=\"wp-block-paragraph\">Le chef du gouvernement, Ahmed Hachani, s\u2019est entretenu, hier mardi 4 juin 2024, \u00e0 S\u00e9oul, en marge de sa participation au premier Sommet Cor\u00e9e-Afrique, avec le pr\u00e9sident de la R\u00e9publique du Kenya, William Ruto.<\/p>\n\n\n\n<p class=\"wp-block-paragraph\">Hachani a, \u00e0 cette occasion, soulign\u00e9 la disposition de la Tunisie \u00e0 renforcer les relations de coop\u00e9ration avec le Kenya dans les domaines de l\u2019enseignement sup\u00e9rieur, de la sant\u00e9 et de la digitalisation, indique un communiqu\u00e9 de la pr\u00e9sidence du gouvernement.<\/p>\n\n\n\n<p class=\"wp-block-paragraph\">A ce propos, il a pr\u00e9cis\u00e9 que l\u2019organisation, \u00e0 l\u2019avenir, de la premi\u00e8re Commission mixte entre les deux pays sera l\u2019occasion de consolider la coop\u00e9ration bilat\u00e9rale et de cr\u00e9er une dynamique \u00e9conomique durable.<\/p>\n\n\n\n<p class=\"wp-block-paragraph\">De son c\u00f4t\u00e9, le pr\u00e9sident kenyan a fait part de la volont\u00e9 de so pays de renforcer la coop\u00e9ration avec la Tunisie, affirmant que les efforts se poursuivent pour inaugurer l\u2019ambassade de Kenya \u00e0 Tunis.<\/p>\n\n\n\n<p class=\"wp-block-paragraph\">Il a, en outre, soulign\u00e9 la n\u00e9cessit\u00e9 d\u2019intensifier la coordination entre les deux pays au sein de l\u2019Union africaine pour faire face aux d\u00e9fis communs, dont la lutte contre les changements climatiques.<\/p>\n\n\n\n<p class=\"wp-block-paragraph\">Selon le communiqu\u00e9, l\u2019entretien s\u2019est d\u00e9roul\u00e9 en pr\u00e9sence du ministre des Affaires \u00e9trang\u00e8res, de la Migration et des Tunisiens \u00e0 l\u2019\u00e9tranger, Nabil Ammar, et de la ministre de l\u2019Economie et de la Planification Feriel Ouerghi.<\/p>\n\n\n\n<p class=\"wp-block-paragraph\">Le chef du gouvernement conduit la d\u00e9l\u00e9gation tunisienne au premier Sommet Cor\u00e9e-Afrique qui se tient \u00e0 S\u00e9oul.<\/p>\n","protected":false},"excerpt":{"rendered":"<p>Le chef du gouvernement, Ahmed Hachani, s\u2019est entretenu, hier mardi 4 juin 2024, \u00e0 S\u00e9oul, en marge de sa participation au premier Sommet Cor\u00e9e-Afrique, avec le pr\u00e9sident de la R\u00e9publique du Kenya, William Ruto. Hachani a, \u00e0 cette occasion, soulign\u00e9 la disposition de la Tunisie \u00e0 renforcer les relations de coop\u00e9ration avec le Kenya dans [&hellip;]<\/p>\n","protected":false},"author":4,"featured_media":55468,"comment_status":"open","ping_status":"closed","sticky":false,"template":"","format":"standard","meta":{"content-type":"","jnews-multi-image_gallery":[],"jnews_single_post":{"subtitle":"","format":"standard","video":"","gallery":"","source_name":"","source_url":"","via_name":"","via_url":"","override_template":"0","override":[{"template":"1","single_blog_custom":"","parallax":"1","fullscreen":"1","layout":"right-sidebar","sidebar":"default-sidebar","second_sidebar":"default-sidebar","sticky_sidebar":"1","share_position":"top","share_float_style":"share-monocrhome","show_share_counter":"1","show_view_counter":"1","show_featured":"1","show_post_meta":"1","show_post_author":"1","show_post_author_image":"1","show_post_date":"1","post_date_format":"default","post_date_format_custom":"Y\/m\/d","show_post_category":"1","show_post_reading_time":"0","post_reading_time_wpm":"300","show_zoom_button":"0","zoom_button_out_step":"2","zoom_button_in_step":"3","show_post_tag":"1","show_prev_next_post":"1","show_popup_post":"1","number_popup_post":"1","show_author_box":"0","show_post_related":"0","show_inline_post_related":"0"}],"override_image_size":"0","image_override":[{"single_post_thumbnail_size":"crop-500","single_post_gallery_size":"crop-500"}],"trending_post":"0","trending_post_position":"meta","trending_post_label":"Trending","sponsored_post":"0","sponsored_post_label":"Sponsored by","sponsored_post_name":"","sponsored_post_url":"","sponsored_post_logo_enable":"0","sponsored_post_logo":"","sponsored_post_desc":"","disable_ad":"0"},"jnews_primary_category":{"id":"","hide":""},"jnews_override_bookmark_settings":[],"jnews_review":[],"enable_review":"","type":"","name":"","summary":"","brand":"","sku":"","good":[],"bad":[],"score_override":"","override_value":"","rating":[],"price":[],"jnews_post_split":[],"footnotes":""},"categories":[2],"tags":[1896,155,12284,54],"class_list":["post-55467","post","type-post","status-publish","format-standard","has-post-thumbnail","hentry","category-news-politique","tag-collaboration","tag-kenya","tag-sommet-coree-afrique","tag-tunisie"],"_links":{"self":[{"href":"https:\/\/www.africanchallenges.com\/index.php?rest_route=\/wp\/v2\/posts\/55467","targetHints":{"allow":["GET"]}}],"collection":[{"href":"https:\/\/www.africanchallenges.com\/index.php?rest_route=\/wp\/v2\/posts"}],"about":[{"href":"https:\/\/www.africanchallenges.com\/index.php?rest_route=\/wp\/v2\/types\/post"}],"author":[{"embeddable":true,"href":"https:\/\/www.africanchallenges.com\/index.php?rest_route=\/wp\/v2\/users\/4"}],"replies":[{"embeddable":true,"href":"https:\/\/www.africanchallenges.com\/index.php?rest_route=%2Fwp%2Fv2%2Fcomments&post=55467"}],"version-history":[{"count":1,"href":"https:\/\/www.africanchallenges.com\/index.php?rest_route=\/wp\/v2\/posts\/55467\/revisions"}],"predecessor-version":[{"id":55469,"href":"https:\/\/www.africanchallenges.com\/index.php?rest_route=\/wp\/v2\/posts\/55467\/revisions\/55469"}],"wp:featuredmedia":[{"embeddable":true,"href":"https:\/\/www.africanchallenges.com\/index.php?rest_route=\/wp\/v2\/media\/55468"}],"wp:attachment":[{"href":"https:\/\/www.africanchallenges.com\/index.php?rest_route=%2Fwp%2Fv2%2Fmedia&parent=55467"}],"wp:term":[{"taxonomy":"category","embeddable":true,"href":"https:\/\/www.africanchallenges.com\/index.php?rest_route=%2Fwp%2Fv2%2Fcategories&post=55467"},{"taxonomy":"post_tag","embeddable":true,"href":"https:\/\/www.africanchallenges.com\/index.php?rest_route=%2Fwp%2Fv2%2Ftags&post=55467"}],"curies":[{"name":"wp","href":"https:\/\/api.w.org\/{rel}","templated":true}]}}