{"id":55413,"date":"2024-06-03T10:02:14","date_gmt":"2024-06-03T09:02:14","guid":{"rendered":"https:\/\/www.africanchallenges.com\/?p=55413"},"modified":"2024-06-03T10:04:16","modified_gmt":"2024-06-03T09:04:16","slug":"tunisie-le-chef-du-gouvernement-effectue-une-visite-en-coree-du-sud","status":"publish","type":"post","link":"https:\/\/www.africanchallenges.com\/?p=55413","title":{"rendered":"Tunisie : Le chef du gouvernement effectue une visite en Cor\u00e9e du Sud"},"content":{"rendered":"\n<p class=\"wp-block-paragraph\">Sous mandat du Pr\u00e9sident de la R\u00e9publique, Ka\u00efs Sa\u00efed, le Chef du gouvernement, Ahmed Hachani, effectuera une visite de travail en Cor\u00e9e du Sud du 3 au 6 juin.<\/p>\n\n\n\n<p class=\"wp-block-paragraph\">M. Ahmed Hachani pr\u00e9sidera la d\u00e9l\u00e9gation tunisienne participant \u00e0 la premi\u00e8re \u00e9dition du Sommet Cor\u00e9e-Afrique, qui se tiendra \u00e0 S\u00e9oul sous le th\u00e8me \u00ab L\u2019avenir que nous construisons ensemble : croissance commune, durabilit\u00e9 et solidarit\u00e9 \u00bb.<\/p>\n\n\n\n<p class=\"wp-block-paragraph\">Le Chef du gouvernement sera accompagn\u00e9 durant cette visite par le Ministre des Affaires \u00e9trang\u00e8res, de la Migration et des Tunisiens \u00e0 l\u2019\u00e9tranger, M. Nabil Ammar, ainsi que par la Ministre de l\u2019\u00c9conomie et de la Planification, Mme Feryel Ourghi Sebai.<\/p>\n\n\n\n<p class=\"wp-block-paragraph\">Cette visite vise \u00e0 renforcer la coop\u00e9ration avec le continent africain et \u00e0 consolider les liens politiques et \u00e9conomiques entre les pays africains et la Cor\u00e9e, en mettant particuli\u00e8rement l\u2019accent sur les domaines des infrastructures, des \u00e9nergies renouvelables et de la num\u00e9risation.<\/p>\n\n\n\n<p class=\"wp-block-paragraph\"><\/p>\n","protected":false},"excerpt":{"rendered":"<p>Sous mandat du Pr\u00e9sident de la R\u00e9publique, Ka\u00efs Sa\u00efed, le Chef du gouvernement, Ahmed Hachani, effectuera une visite de travail en Cor\u00e9e du Sud du 3 au 6 juin. M. Ahmed Hachani pr\u00e9sidera la d\u00e9l\u00e9gation tunisienne participant \u00e0 la premi\u00e8re \u00e9dition du Sommet Cor\u00e9e-Afrique, qui se tiendra \u00e0 S\u00e9oul sous le th\u00e8me \u00ab L\u2019avenir que [&hellip;]<\/p>\n","protected":false},"author":4,"featured_media":55415,"comment_status":"open","ping_status":"closed","sticky":false,"template":"","format":"standard","meta":{"content-type":"","jnews-multi-image_gallery":[],"jnews_single_post":{"subtitle":"","format":"standard","video":"","gallery":"","source_name":"","source_url":"","via_name":"","via_url":"","override_template":"0","override":[{"template":"1","single_blog_custom":"","parallax":"1","fullscreen":"1","layout":"right-sidebar","sidebar":"default-sidebar","second_sidebar":"default-sidebar","sticky_sidebar":"1","share_position":"top","share_float_style":"share-monocrhome","show_share_counter":"1","show_view_counter":"1","show_featured":"1","show_post_meta":"1","show_post_author":"1","show_post_author_image":"1","show_post_date":"1","post_date_format":"default","post_date_format_custom":"Y\/m\/d","show_post_category":"1","show_post_reading_time":"0","post_reading_time_wpm":"300","show_zoom_button":"0","zoom_button_out_step":"2","zoom_button_in_step":"3","show_post_tag":"1","show_prev_next_post":"1","show_popup_post":"1","number_popup_post":"1","show_author_box":"0","show_post_related":"0","show_inline_post_related":"0"}],"override_image_size":"0","image_override":[{"single_post_thumbnail_size":"crop-500","single_post_gallery_size":"crop-500"}],"trending_post":"0","trending_post_position":"meta","trending_post_label":"Trending","sponsored_post":"0","sponsored_post_label":"Sponsored by","sponsored_post_name":"","sponsored_post_url":"","sponsored_post_logo_enable":"0","sponsored_post_logo":"","sponsored_post_desc":"","disable_ad":"0"},"jnews_primary_category":{"id":"","hide":""},"jnews_override_bookmark_settings":[],"jnews_review":[],"enable_review":"","type":"","name":"","summary":"","brand":"","sku":"","good":[],"bad":[],"score_override":"","override_value":"","rating":[],"price":[],"jnews_post_split":[],"footnotes":""},"categories":[2],"tags":[10617,6484,1190],"class_list":["post-55413","post","type-post","status-publish","format-standard","has-post-thumbnail","hentry","category-news-politique","tag-ahmed-hachani","tag-coree-du-sud","tag-visite"],"_links":{"self":[{"href":"https:\/\/www.africanchallenges.com\/index.php?rest_route=\/wp\/v2\/posts\/55413","targetHints":{"allow":["GET"]}}],"collection":[{"href":"https:\/\/www.africanchallenges.com\/index.php?rest_route=\/wp\/v2\/posts"}],"about":[{"href":"https:\/\/www.africanchallenges.com\/index.php?rest_route=\/wp\/v2\/types\/post"}],"author":[{"embeddable":true,"href":"https:\/\/www.africanchallenges.com\/index.php?rest_route=\/wp\/v2\/users\/4"}],"replies":[{"embeddable":true,"href":"https:\/\/www.africanchallenges.com\/index.php?rest_route=%2Fwp%2Fv2%2Fcomments&post=55413"}],"version-history":[{"count":1,"href":"https:\/\/www.africanchallenges.com\/index.php?rest_route=\/wp\/v2\/posts\/55413\/revisions"}],"predecessor-version":[{"id":55414,"href":"https:\/\/www.africanchallenges.com\/index.php?rest_route=\/wp\/v2\/posts\/55413\/revisions\/55414"}],"wp:featuredmedia":[{"embeddable":true,"href":"https:\/\/www.africanchallenges.com\/index.php?rest_route=\/wp\/v2\/media\/55415"}],"wp:attachment":[{"href":"https:\/\/www.africanchallenges.com\/index.php?rest_route=%2Fwp%2Fv2%2Fmedia&parent=55413"}],"wp:term":[{"taxonomy":"category","embeddable":true,"href":"https:\/\/www.africanchallenges.com\/index.php?rest_route=%2Fwp%2Fv2%2Fcategories&post=55413"},{"taxonomy":"post_tag","embeddable":true,"href":"https:\/\/www.africanchallenges.com\/index.php?rest_route=%2Fwp%2Fv2%2Ftags&post=55413"}],"curies":[{"name":"wp","href":"https:\/\/api.w.org\/{rel}","templated":true}]}}