{"id":54659,"date":"2024-05-18T23:04:02","date_gmt":"2024-05-18T22:04:02","guid":{"rendered":"https:\/\/www.africanchallenges.com\/?p=54659"},"modified":"2024-05-19T00:17:44","modified_gmt":"2024-05-18T23:17:44","slug":"la-tunisie-participe-a-la-troisieme-edition-du-forum-international-vers-le-sud-la-strategie-europeenne-pour-une-nouvelle-saison-geopolitique-economique-et-socioculturelle-en-mediterranee","status":"publish","type":"post","link":"https:\/\/www.africanchallenges.com\/?p=54659","title":{"rendered":"La Tunisie participe \u00e0 la troisi\u00e8me \u00e9dition du Forum international \u00ab Vers le sud : La strat\u00e9gie europ\u00e9enne pour une nouvelle saison g\u00e9opolitique, \u00e9conomique et socioculturelle en M\u00e9diterran\u00e9e \u00bb, les 17 et 18 mai \u00e0 Sorrente (Italie)"},"content":{"rendered":"\n<p class=\"wp-block-paragraph\">La Tunisie a pris part \u00e0 la troisi\u00e8me \u00e9dition du Forum international \u00ab Vers le sud : La strat\u00e9gie europ\u00e9enne pour une nouvelle saison g\u00e9opolitique, \u00e9conomique et socioculturelle en M\u00e9diterran\u00e9e \u00bb, qui se tient, les 17 et 18 mai, \u00e0 Sorrente (Italie).<\/p>\n\n\n\n<p class=\"wp-block-paragraph\">Ce forum a \u00e9t\u00e9 marqu\u00e9 par la pr\u00e9sence de 200 participants dont des ministres charg\u00e9s de l\u2019\u00e9nergie, des politiciens, des d\u00e9cideurs \u00e9conomiques et des chefs d\u2019entreprises internationales de plus de 30 pays.<\/p>\n\n\n\n<p class=\"wp-block-paragraph\">Intervenant au cours d\u2019un atelier tenue en marge du forum sous le th\u00e8me \u00ab La nouvelle vision \u00e9nerg\u00e9tique du Sud \u00bb, la ministre de l\u2019Industrie, des mines et de l\u2019\u00e9nergie, Fatma Thabet Chiboub a indiqu\u00e9 que l\u2019instabilit\u00e9 des prix du p\u00e9trole et du gaz sur les march\u00e9s internationaux et la d\u00e9gradation de la s\u00e9curit\u00e9 de l\u2019approvisionnement, demeurent un souci pour la majorit\u00e9 des pays importateurs d\u2019\u00e9nergie dans le cadre des conflits g\u00e9opolitiques internationaux.<\/p>\n\n\n\n<p class=\"wp-block-paragraph\">Elle a, dans ce cadre, rappel\u00e9 que la Tunisie a adopt\u00e9 une strat\u00e9gie nationale de l\u2019\u00e9nergie \u00e0 l\u2019horizon 2035 qui r\u00e9pond aux exigences de la conjoncture actuelle.<\/p>\n\n\n\n<p class=\"wp-block-paragraph\">Et d\u2019ajouter que cette strat\u00e9gie qui s\u2019inscrit dans le cadre d\u2019une vision globale \u00e9nerg\u00e9tique climatique et sociale, vise notamment \u00e0 favoriser la transition du syst\u00e8me conventionnel de production et de consommation vers un mod\u00e8le \u00e9nerg\u00e9tique durable bas\u00e9 sur la diversification des sources d\u2019\u00e9nergie propre, citant \u00e0 titre d\u2019exemple l\u2019hydrog\u00e8ne vert.<\/p>\n\n\n\n<p class=\"wp-block-paragraph\">Elle rappel\u00e9 que la Tunisie envisage de porter la part des \u00e9nergies renouvelables \u00e0 35% de la capacit\u00e9 de production \u00e9lectrique d\u2019ici 2030 vise \u00e0 r\u00e9duire la d\u00e9pendance \u00e9nerg\u00e9tique et d\u00e9velopper la comp\u00e9titivit\u00e9 du secteur de l\u2019\u00e9nergie au niveau mondial.<\/p>\n\n\n\n<p class=\"wp-block-paragraph\">Elle pr\u00e9cis\u00e9 que cette strat\u00e9gie est bas\u00e9e sur le renforcement de l\u2019efficience \u00e9nerg\u00e9tique de tous les secteurs notamment celui du transport pour ma\u00eetriser davantage la demande en \u00e9nergie et le changement du comportement de consommation.<\/p>\n\n\n\n<p class=\"wp-block-paragraph\">Chiboub s\u2019est entretenue, par ailleurs, avec le ministre alg\u00e9rien de l\u2019Energie et des mines, Mohamed Arkab.<\/p>\n\n\n\n<p class=\"wp-block-paragraph\">Cette rencontre a permis de discuter des relations de partenariats entre les deux pays notamment dans le domaine de l\u2019\u00e9nergie, les moyens de d\u00e9veloppement de la coop\u00e9ration dans le secteur des mines et des engrais, et ce, via l\u2019incitation des entreprises des deux pays \u00e0 mettre en place des projets conjoints, outre l\u2019impulsion de la coop\u00e9ration commerciale et technique et l\u2019\u00e9changes d\u2019exp\u00e9riences et d\u2019expertises entre les deux parties.<\/p>\n\n\n\n<p class=\"wp-block-paragraph\"><strong>Avec TAP<\/strong><\/p>\n","protected":false},"excerpt":{"rendered":"<p>La Tunisie a pris part \u00e0 la troisi\u00e8me \u00e9dition du Forum international \u00ab Vers le sud : La strat\u00e9gie europ\u00e9enne pour une nouvelle saison g\u00e9opolitique, \u00e9conomique et socioculturelle en M\u00e9diterran\u00e9e \u00bb, qui se tient, les 17 et 18 mai, \u00e0 Sorrente (Italie). Ce forum a \u00e9t\u00e9 marqu\u00e9 par la pr\u00e9sence de 200 participants dont des [&hellip;]<\/p>\n","protected":false},"author":4,"featured_media":54666,"comment_status":"open","ping_status":"closed","sticky":false,"template":"","format":"standard","meta":{"content-type":"","jnews-multi-image_gallery":[],"jnews_single_post":{"subtitle":"","format":"standard","video":"","gallery":"","source_name":"","source_url":"","via_name":"","via_url":"","override_template":"0","override":[{"template":"1","single_blog_custom":"","parallax":"1","fullscreen":"1","layout":"right-sidebar","sidebar":"default-sidebar","second_sidebar":"default-sidebar","sticky_sidebar":"1","share_position":"top","share_float_style":"share-monocrhome","show_share_counter":"1","show_view_counter":"1","show_featured":"1","show_post_meta":"1","show_post_author":"1","show_post_author_image":"1","show_post_date":"1","post_date_format":"default","post_date_format_custom":"Y\/m\/d","show_post_category":"1","show_post_reading_time":"0","post_reading_time_wpm":"300","show_zoom_button":"0","zoom_button_out_step":"2","zoom_button_in_step":"3","show_post_tag":"1","show_prev_next_post":"1","show_popup_post":"1","number_popup_post":"1","show_author_box":"0","show_post_related":"0","show_inline_post_related":"0"}],"override_image_size":"0","image_override":[{"single_post_thumbnail_size":"crop-500","single_post_gallery_size":"crop-500"}],"trending_post":"0","trending_post_position":"meta","trending_post_label":"Trending","sponsored_post":"0","sponsored_post_label":"Sponsored by","sponsored_post_name":"","sponsored_post_url":"","sponsored_post_logo_enable":"0","sponsored_post_logo":"","sponsored_post_desc":"","disable_ad":"0"},"jnews_primary_category":{"id":"","hide":""},"jnews_override_bookmark_settings":[],"jnews_review":[],"enable_review":"","type":"","name":"","summary":"","brand":"","sku":"","good":[],"bad":[],"score_override":"","override_value":"","rating":[],"price":[],"jnews_post_split":[],"footnotes":""},"categories":[43,73],"tags":[12128,3599,1478,54],"class_list":["post-54659","post","type-post","status-publish","format-standard","has-post-thumbnail","hentry","category-eco-business","category-eco","tag-forum-international-vers-le-sud","tag-italie","tag-participation","tag-tunisie"],"_links":{"self":[{"href":"https:\/\/www.africanchallenges.com\/index.php?rest_route=\/wp\/v2\/posts\/54659","targetHints":{"allow":["GET"]}}],"collection":[{"href":"https:\/\/www.africanchallenges.com\/index.php?rest_route=\/wp\/v2\/posts"}],"about":[{"href":"https:\/\/www.africanchallenges.com\/index.php?rest_route=\/wp\/v2\/types\/post"}],"author":[{"embeddable":true,"href":"https:\/\/www.africanchallenges.com\/index.php?rest_route=\/wp\/v2\/users\/4"}],"replies":[{"embeddable":true,"href":"https:\/\/www.africanchallenges.com\/index.php?rest_route=%2Fwp%2Fv2%2Fcomments&post=54659"}],"version-history":[{"count":1,"href":"https:\/\/www.africanchallenges.com\/index.php?rest_route=\/wp\/v2\/posts\/54659\/revisions"}],"predecessor-version":[{"id":54660,"href":"https:\/\/www.africanchallenges.com\/index.php?rest_route=\/wp\/v2\/posts\/54659\/revisions\/54660"}],"wp:featuredmedia":[{"embeddable":true,"href":"https:\/\/www.africanchallenges.com\/index.php?rest_route=\/wp\/v2\/media\/54666"}],"wp:attachment":[{"href":"https:\/\/www.africanchallenges.com\/index.php?rest_route=%2Fwp%2Fv2%2Fmedia&parent=54659"}],"wp:term":[{"taxonomy":"category","embeddable":true,"href":"https:\/\/www.africanchallenges.com\/index.php?rest_route=%2Fwp%2Fv2%2Fcategories&post=54659"},{"taxonomy":"post_tag","embeddable":true,"href":"https:\/\/www.africanchallenges.com\/index.php?rest_route=%2Fwp%2Fv2%2Ftags&post=54659"}],"curies":[{"name":"wp","href":"https:\/\/api.w.org\/{rel}","templated":true}]}}