{"id":54495,"date":"2024-05-14T21:34:48","date_gmt":"2024-05-14T20:34:48","guid":{"rendered":"https:\/\/www.africanchallenges.com\/?p=54495"},"modified":"2024-05-14T21:35:03","modified_gmt":"2024-05-14T20:35:03","slug":"la-france-exprime-sa-preoccupation-a-la-suite-de-larrestation-de-lavocate-et-chroniqueuse-sonia-dahmani","status":"publish","type":"post","link":"https:\/\/www.africanchallenges.com\/?p=54495","title":{"rendered":"La France exprime sa pr\u00e9occupation \u00e0 la suite de l\u2019arrestation de l\u2019avocate et chroniqueuse, Sonia Dahmani"},"content":{"rendered":"\n<p class=\"wp-block-paragraph\">La France a exprim\u00e9 sa pr\u00e9occupation \u00e0 la suite de l\u2019arrestation de l\u2019avocate Sonia Dahmani, dans le contexte d\u2019autres arrestations et interpellations, notamment de journalistes et membres d\u2019associations, lit-on dans un communiqu\u00e9 publi\u00e9 ce mardi 14 mai 2024, par la page officielle de France diplomatie.<\/p>\n\n\n\n<p class=\"wp-block-paragraph\">\u00ab&nbsp;La libert\u00e9 d\u2019expression et la libert\u00e9 d\u2019association, comme l\u2019ind\u00e9pendance de la justice et les droits de la d\u00e9fense, sont des principes garantis par la constitution tunisienne ainsi que par les conventions des Nations unies auxquelles la Tunisie comme la France ont souscrit. \u00ab&nbsp; a ajout\u00e9 la m\u00eame source.<\/p>\n\n\n\n<p class=\"wp-block-paragraph\">Il est \u00e0 rappeler que Samedi soir 11 mai 2024, les forces de l\u2019ordre ont pris d\u2019assaut, les locaux de la Maison de l&rsquo;avocat de Tunis o\u00f9 s\u2019\u00e9tait r\u00e9fugi\u00e9e l&rsquo;avocate et chroniqueuse Sonia Dahmani apr\u00e8s avoir fait l&rsquo;objet d&rsquo;un mandat d&rsquo;amener<\/p>\n","protected":false},"excerpt":{"rendered":"<p>La France a exprim\u00e9 sa pr\u00e9occupation \u00e0 la suite de l\u2019arrestation de l\u2019avocate Sonia Dahmani, dans le contexte d\u2019autres arrestations et interpellations, notamment de journalistes et membres d\u2019associations, lit-on dans un communiqu\u00e9 publi\u00e9 ce mardi 14 mai 2024, par la page officielle de France diplomatie. \u00ab&nbsp;La libert\u00e9 d\u2019expression et la libert\u00e9 d\u2019association, comme l\u2019ind\u00e9pendance de [&hellip;]<\/p>\n","protected":false},"author":4,"featured_media":37167,"comment_status":"open","ping_status":"closed","sticky":false,"template":"","format":"standard","meta":{"content-type":"","jnews-multi-image_gallery":[],"jnews_single_post":{"subtitle":"","format":"standard","video":"","gallery":"","source_name":"","source_url":"","via_name":"","via_url":"","override_template":"0","override":[{"template":"1","single_blog_custom":"","parallax":"1","fullscreen":"1","layout":"right-sidebar","sidebar":"default-sidebar","second_sidebar":"default-sidebar","sticky_sidebar":"1","share_position":"top","share_float_style":"share-monocrhome","show_share_counter":"1","show_view_counter":"1","show_featured":"1","show_post_meta":"1","show_post_author":"1","show_post_author_image":"1","show_post_date":"1","post_date_format":"default","post_date_format_custom":"Y\/m\/d","show_post_category":"1","show_post_reading_time":"0","post_reading_time_wpm":"300","show_zoom_button":"0","zoom_button_out_step":"2","zoom_button_in_step":"3","show_post_tag":"1","show_prev_next_post":"1","show_popup_post":"1","number_popup_post":"1","show_author_box":"0","show_post_related":"0","show_inline_post_related":"0"}],"override_image_size":"0","image_override":[{"single_post_thumbnail_size":"crop-500","single_post_gallery_size":"crop-500"}],"trending_post":"0","trending_post_position":"meta","trending_post_label":"Trending","sponsored_post":"0","sponsored_post_label":"Sponsored by","sponsored_post_name":"","sponsored_post_url":"","sponsored_post_logo_enable":"0","sponsored_post_logo":"","sponsored_post_desc":"","disable_ad":"0"},"jnews_primary_category":{"id":"","hide":""},"jnews_override_bookmark_settings":[],"jnews_review":[],"enable_review":"","type":"","name":"","summary":"","brand":"","sku":"","good":[],"bad":[],"score_override":"","override_value":"","rating":[],"price":[],"jnews_post_split":[],"footnotes":""},"categories":[2],"tags":[3480,245,11508,12078],"class_list":["post-54495","post","type-post","status-publish","format-standard","has-post-thumbnail","hentry","category-news-politique","tag-arrestation","tag-france","tag-preoccupation","tag-sonia-dahmani"],"_links":{"self":[{"href":"https:\/\/www.africanchallenges.com\/index.php?rest_route=\/wp\/v2\/posts\/54495","targetHints":{"allow":["GET"]}}],"collection":[{"href":"https:\/\/www.africanchallenges.com\/index.php?rest_route=\/wp\/v2\/posts"}],"about":[{"href":"https:\/\/www.africanchallenges.com\/index.php?rest_route=\/wp\/v2\/types\/post"}],"author":[{"embeddable":true,"href":"https:\/\/www.africanchallenges.com\/index.php?rest_route=\/wp\/v2\/users\/4"}],"replies":[{"embeddable":true,"href":"https:\/\/www.africanchallenges.com\/index.php?rest_route=%2Fwp%2Fv2%2Fcomments&post=54495"}],"version-history":[{"count":1,"href":"https:\/\/www.africanchallenges.com\/index.php?rest_route=\/wp\/v2\/posts\/54495\/revisions"}],"predecessor-version":[{"id":54496,"href":"https:\/\/www.africanchallenges.com\/index.php?rest_route=\/wp\/v2\/posts\/54495\/revisions\/54496"}],"wp:featuredmedia":[{"embeddable":true,"href":"https:\/\/www.africanchallenges.com\/index.php?rest_route=\/wp\/v2\/media\/37167"}],"wp:attachment":[{"href":"https:\/\/www.africanchallenges.com\/index.php?rest_route=%2Fwp%2Fv2%2Fmedia&parent=54495"}],"wp:term":[{"taxonomy":"category","embeddable":true,"href":"https:\/\/www.africanchallenges.com\/index.php?rest_route=%2Fwp%2Fv2%2Fcategories&post=54495"},{"taxonomy":"post_tag","embeddable":true,"href":"https:\/\/www.africanchallenges.com\/index.php?rest_route=%2Fwp%2Fv2%2Ftags&post=54495"}],"curies":[{"name":"wp","href":"https:\/\/api.w.org\/{rel}","templated":true}]}}