{"id":54478,"date":"2024-05-13T20:04:01","date_gmt":"2024-05-13T19:04:01","guid":{"rendered":"https:\/\/www.africanchallenges.com\/?p=54478"},"modified":"2024-05-13T20:05:32","modified_gmt":"2024-05-13T19:05:32","slug":"tunisie-greve-generale-des-avocats-en-tunisie","status":"publish","type":"post","link":"https:\/\/www.africanchallenges.com\/?p=54478","title":{"rendered":"Tunisie :Gr\u00e8ve g\u00e9n\u00e9rale des avocats en Tunisie"},"content":{"rendered":"\n<p class=\"wp-block-paragraph\">Le b\u00e2tonnier, Hatem Mziou, a indiqu\u00e9, le 12 mai 2024, \u00e0 l\u2019issue d\u2019une r\u00e9union d\u2019urgence de l\u2019Ordre national des avocats de Tunisie que le conseil de l\u2019ordre a d\u00e9cid\u00e9 d\u2019observer une gr\u00e8ve g\u00e9n\u00e9rale sur tout le territoire tunisien \u00e0 partir de demain, lundi 13 mai 2024.<\/p>\n\n\n\n<p class=\"wp-block-paragraph\">Hatem Mziou a, \u00e9galement, annonc\u00e9, dans une d\u00e9claration aux m\u00e9dias, le boycott des officiers de la police judiciaire, ainsi que toutes les brigades s\u00e9curitaires.<\/p>\n\n\n\n<p class=\"wp-block-paragraph\">Le b\u00e2tonnier a assur\u00e9 qu&rsquo;une conf\u00e9rence de presse sera organis\u00e9e, lundi, \u00e0 la Maison de l&rsquo;avocat. Elle sera suivie d&rsquo;un sit-in de protestation nationale devant la Maison de l&rsquo;avocat.<\/p>\n\n\n\n<p class=\"wp-block-paragraph\">Hatem Mziou a indiqu\u00e9 que l\u2019agression et l\u2019intrusion dans la Maison de l\u2019avocat doit \u00eatre fermement d\u00e9nonc\u00e9e, ne devrait pas passer inaper\u00e7ue et n\u00e9cessite la prise de mesures en ad\u00e9quation avec la gravit\u00e9 de l\u2019agression.<\/p>\n\n\n\n<p class=\"wp-block-paragraph\">Il a ajout\u00e9 que la vigilance reste de mise et que tous les avocats doivent se conformer aux d\u00e9cisions des structures du m\u00e9tier. Le b\u00e2tonnier a assur\u00e9 qu&rsquo;il faut resserrer les rangs, mettant l&rsquo;accent sur l&rsquo;importance de l&rsquo;union dans ces circonstances d\u00e9licates.<\/p>\n\n\n\n<p class=\"wp-block-paragraph\">Plus tard dans la soir\u00e9e, l\u2019Ordre national des avocats de Tunis a publi\u00e9 un communiqu\u00e9, rappelant qu\u2019une gr\u00e8ve g\u00e9n\u00e9rale pr\u00e9sentielle aura lieu dans tous les tribunaux du pays.<\/p>\n\n\n\n<p class=\"wp-block-paragraph\">Une journ\u00e9e de col\u00e8re nationale et un sit-in de protestation devant le palais de la Justice seront \u00e9galement organis\u00e9, le jeudi 16 mai 2024.<\/p>\n\n\n\n<p class=\"wp-block-paragraph\">L\u2019ordre a, aussi, d\u00e9cid\u00e9 le boycott des officiers de la police judiciaire ainsi que les brigades s\u00e9curitaires les 14, 15 et 16 mai.<\/p>\n\n\n\n<p class=\"wp-block-paragraph\">Des plaintes judiciaires seront d\u00e9pos\u00e9es contre ceux qui ont \u00e9mis les ordres d\u2019intrusion dans les locaux de la Maison de l\u2019avocat et ceux qui les ont ex\u00e9cut\u00e9s.<\/p>\n\n\n\n<p class=\"wp-block-paragraph\">L\u2019Ordre des avocats a annonc\u00e9 par ailleurs la cr\u00e9ation de l\u2019observatoire des avocats pour la documentation des violations relatives aux droits et libert\u00e9s.<\/p>\n","protected":false},"excerpt":{"rendered":"<p>Le b\u00e2tonnier, Hatem Mziou, a indiqu\u00e9, le 12 mai 2024, \u00e0 l\u2019issue d\u2019une r\u00e9union d\u2019urgence de l\u2019Ordre national des avocats de Tunisie que le conseil de l\u2019ordre a d\u00e9cid\u00e9 d\u2019observer une gr\u00e8ve g\u00e9n\u00e9rale sur tout le territoire tunisien \u00e0 partir de demain, lundi 13 mai 2024. Hatem Mziou a, \u00e9galement, annonc\u00e9, dans une d\u00e9claration aux [&hellip;]<\/p>\n","protected":false},"author":4,"featured_media":54479,"comment_status":"open","ping_status":"closed","sticky":false,"template":"","format":"standard","meta":{"content-type":"","jnews-multi-image_gallery":[],"jnews_single_post":{"subtitle":"","format":"standard","video":"","gallery":"","source_name":"","source_url":"","via_name":"","via_url":"","override_template":"0","override":[{"template":"1","single_blog_custom":"","parallax":"1","fullscreen":"1","layout":"right-sidebar","sidebar":"default-sidebar","second_sidebar":"default-sidebar","sticky_sidebar":"1","share_position":"top","share_float_style":"share-monocrhome","show_share_counter":"1","show_view_counter":"1","show_featured":"1","show_post_meta":"1","show_post_author":"1","show_post_author_image":"1","show_post_date":"1","post_date_format":"default","post_date_format_custom":"Y\/m\/d","show_post_category":"1","show_post_reading_time":"0","post_reading_time_wpm":"300","show_zoom_button":"0","zoom_button_out_step":"2","zoom_button_in_step":"3","show_post_tag":"1","show_prev_next_post":"1","show_popup_post":"1","number_popup_post":"1","show_author_box":"0","show_post_related":"0","show_inline_post_related":"0"}],"override_image_size":"0","image_override":[{"single_post_thumbnail_size":"crop-500","single_post_gallery_size":"crop-500"}],"trending_post":"0","trending_post_position":"meta","trending_post_label":"Trending","sponsored_post":"0","sponsored_post_label":"Sponsored by","sponsored_post_name":"","sponsored_post_url":"","sponsored_post_logo_enable":"0","sponsored_post_logo":"","sponsored_post_desc":"","disable_ad":"0"},"jnews_primary_category":{"id":"","hide":""},"jnews_override_bookmark_settings":[],"jnews_review":[],"enable_review":"","type":"","name":"","summary":"","brand":"","sku":"","good":[],"bad":[],"score_override":"","override_value":"","rating":[],"price":[],"jnews_post_split":[],"footnotes":""},"categories":[61],"tags":[1929,2136,9007,54],"class_list":["post-54478","post","type-post","status-publish","format-standard","has-post-thumbnail","hentry","category-societe","tag-avocats","tag-greve-generale","tag-lordre-national-des-avocats","tag-tunisie"],"_links":{"self":[{"href":"https:\/\/www.africanchallenges.com\/index.php?rest_route=\/wp\/v2\/posts\/54478","targetHints":{"allow":["GET"]}}],"collection":[{"href":"https:\/\/www.africanchallenges.com\/index.php?rest_route=\/wp\/v2\/posts"}],"about":[{"href":"https:\/\/www.africanchallenges.com\/index.php?rest_route=\/wp\/v2\/types\/post"}],"author":[{"embeddable":true,"href":"https:\/\/www.africanchallenges.com\/index.php?rest_route=\/wp\/v2\/users\/4"}],"replies":[{"embeddable":true,"href":"https:\/\/www.africanchallenges.com\/index.php?rest_route=%2Fwp%2Fv2%2Fcomments&post=54478"}],"version-history":[{"count":1,"href":"https:\/\/www.africanchallenges.com\/index.php?rest_route=\/wp\/v2\/posts\/54478\/revisions"}],"predecessor-version":[{"id":54480,"href":"https:\/\/www.africanchallenges.com\/index.php?rest_route=\/wp\/v2\/posts\/54478\/revisions\/54480"}],"wp:featuredmedia":[{"embeddable":true,"href":"https:\/\/www.africanchallenges.com\/index.php?rest_route=\/wp\/v2\/media\/54479"}],"wp:attachment":[{"href":"https:\/\/www.africanchallenges.com\/index.php?rest_route=%2Fwp%2Fv2%2Fmedia&parent=54478"}],"wp:term":[{"taxonomy":"category","embeddable":true,"href":"https:\/\/www.africanchallenges.com\/index.php?rest_route=%2Fwp%2Fv2%2Fcategories&post=54478"},{"taxonomy":"post_tag","embeddable":true,"href":"https:\/\/www.africanchallenges.com\/index.php?rest_route=%2Fwp%2Fv2%2Ftags&post=54478"}],"curies":[{"name":"wp","href":"https:\/\/api.w.org\/{rel}","templated":true}]}}