{"id":54447,"date":"2024-05-10T09:08:30","date_gmt":"2024-05-10T08:08:30","guid":{"rendered":"https:\/\/www.africanchallenges.com\/?p=54447"},"modified":"2024-05-10T09:08:46","modified_gmt":"2024-05-10T08:08:46","slug":"tunisie-le-ministre-de-linterieur-recoit-une-delegation-du-syndicat-national-des-journalistes-tunisiens-conduite-par-son-president-zied-dabbar","status":"publish","type":"post","link":"https:\/\/www.africanchallenges.com\/?p=54447","title":{"rendered":"Tunisie : Le ministre de l\u2019int\u00e9rieur re\u00e7oit une d\u00e9l\u00e9gation du \u00a0Syndicat national des journalistes Tunisiens conduite par son pr\u00e9sident Zied Dabbar"},"content":{"rendered":"\n<p class=\"wp-block-paragraph\">Le jeudi 9 mai 2024, le Ministre de l\u2019Int\u00e9rieur, Kamal El Fakih, a accueilli une d\u00e9l\u00e9gation du Syndicat national des journalistes tunisiens, dirig\u00e9e par Zied Dabbar, au si\u00e8ge du minist\u00e8re.<\/p>\n\n\n\n<p class=\"wp-block-paragraph\">L&rsquo;objectif de cette r\u00e9union \u00e9tait d\u2019examiner divers m\u00e9canismes visant \u00e0 faciliter le travail des journalistes.<\/p>\n\n\n\n<p class=\"wp-block-paragraph\">Le ministre de l\u2019Int\u00e9rieur a soulign\u00e9 que le minist\u00e8re, \u00e0 tous ses niveaux, veille \u00e0 garantir tous les droits, y compris le droit \u00e0 l\u2019expression et la libert\u00e9 de la presse, en s\u2019engageant \u00e0 prot\u00e9ger les journalistes lors de leur travail sur le terrain et \u00e0 faciliter leurs t\u00e2ches pour acc\u00e9der \u00e0 l\u2019information conform\u00e9ment aux lois en vigueur. Dans le m\u00eame contexte, il a soulign\u00e9 la n\u00e9cessit\u00e9 de respecter l\u2019\u00e9thique professionnelle du journalisme et la sp\u00e9cificit\u00e9 du travail s\u00e9curitaire, dans l\u2019int\u00e9r\u00eat sup\u00e9rieur de la nation.<\/p>\n\n\n\n<p class=\"wp-block-paragraph\">Au cours de la r\u00e9union, l\u2019importance du d\u00e9veloppement du partenariat strat\u00e9gique entre les deux parties et le renforcement des points de contact et des programmes de formation communs ont \u00e9t\u00e9 soulign\u00e9s, ainsi que l\u2019examen et l\u2019acc\u00e9l\u00e9ration des diverses situations particuli\u00e8res des journalistes, notamment en facilitant l\u2019obtention de leurs documents administratifs dans le cadre de la loi.<\/p>\n","protected":false},"excerpt":{"rendered":"<p>Le jeudi 9 mai 2024, le Ministre de l\u2019Int\u00e9rieur, Kamal El Fakih, a accueilli une d\u00e9l\u00e9gation du Syndicat national des journalistes tunisiens, dirig\u00e9e par Zied Dabbar, au si\u00e8ge du minist\u00e8re. L&rsquo;objectif de cette r\u00e9union \u00e9tait d\u2019examiner divers m\u00e9canismes visant \u00e0 faciliter le travail des journalistes. Le ministre de l\u2019Int\u00e9rieur a soulign\u00e9 que le minist\u00e8re, \u00e0 [&hellip;]<\/p>\n","protected":false},"author":4,"featured_media":54448,"comment_status":"open","ping_status":"closed","sticky":false,"template":"","format":"standard","meta":{"content-type":"","jnews-multi-image_gallery":[],"jnews_single_post":{"subtitle":"","format":"standard","video":"","gallery":"","source_name":"","source_url":"","via_name":"","via_url":"","override_template":"0","override":[{"template":"1","single_blog_custom":"","parallax":"1","fullscreen":"1","layout":"right-sidebar","sidebar":"default-sidebar","second_sidebar":"default-sidebar","sticky_sidebar":"1","share_position":"top","share_float_style":"share-monocrhome","show_share_counter":"1","show_view_counter":"1","show_featured":"1","show_post_meta":"1","show_post_author":"1","show_post_author_image":"1","show_post_date":"1","post_date_format":"default","post_date_format_custom":"Y\/m\/d","show_post_category":"1","show_post_reading_time":"0","post_reading_time_wpm":"300","show_zoom_button":"0","zoom_button_out_step":"2","zoom_button_in_step":"3","show_post_tag":"1","show_prev_next_post":"1","show_popup_post":"1","number_popup_post":"1","show_author_box":"0","show_post_related":"0","show_inline_post_related":"0"}],"override_image_size":"0","image_override":[{"single_post_thumbnail_size":"crop-500","single_post_gallery_size":"crop-500"}],"trending_post":"0","trending_post_position":"meta","trending_post_label":"Trending","sponsored_post":"0","sponsored_post_label":"Sponsored by","sponsored_post_name":"","sponsored_post_url":"","sponsored_post_logo_enable":"0","sponsored_post_logo":"","sponsored_post_desc":"","disable_ad":"0"},"jnews_primary_category":{"id":"","hide":""},"jnews_override_bookmark_settings":[],"jnews_review":[],"enable_review":"","type":"","name":"","summary":"","brand":"","sku":"","good":[],"bad":[],"score_override":"","override_value":"","rating":[],"price":[],"jnews_post_split":[],"footnotes":""},"categories":[2],"tags":[4015,978],"class_list":["post-54447","post","type-post","status-publish","format-standard","has-post-thumbnail","hentry","category-news-politique","tag-ministre-de-linterieur-2","tag-syndicat-national-des-journalistes-tunisiens"],"_links":{"self":[{"href":"https:\/\/www.africanchallenges.com\/index.php?rest_route=\/wp\/v2\/posts\/54447","targetHints":{"allow":["GET"]}}],"collection":[{"href":"https:\/\/www.africanchallenges.com\/index.php?rest_route=\/wp\/v2\/posts"}],"about":[{"href":"https:\/\/www.africanchallenges.com\/index.php?rest_route=\/wp\/v2\/types\/post"}],"author":[{"embeddable":true,"href":"https:\/\/www.africanchallenges.com\/index.php?rest_route=\/wp\/v2\/users\/4"}],"replies":[{"embeddable":true,"href":"https:\/\/www.africanchallenges.com\/index.php?rest_route=%2Fwp%2Fv2%2Fcomments&post=54447"}],"version-history":[{"count":1,"href":"https:\/\/www.africanchallenges.com\/index.php?rest_route=\/wp\/v2\/posts\/54447\/revisions"}],"predecessor-version":[{"id":54449,"href":"https:\/\/www.africanchallenges.com\/index.php?rest_route=\/wp\/v2\/posts\/54447\/revisions\/54449"}],"wp:featuredmedia":[{"embeddable":true,"href":"https:\/\/www.africanchallenges.com\/index.php?rest_route=\/wp\/v2\/media\/54448"}],"wp:attachment":[{"href":"https:\/\/www.africanchallenges.com\/index.php?rest_route=%2Fwp%2Fv2%2Fmedia&parent=54447"}],"wp:term":[{"taxonomy":"category","embeddable":true,"href":"https:\/\/www.africanchallenges.com\/index.php?rest_route=%2Fwp%2Fv2%2Fcategories&post=54447"},{"taxonomy":"post_tag","embeddable":true,"href":"https:\/\/www.africanchallenges.com\/index.php?rest_route=%2Fwp%2Fv2%2Ftags&post=54447"}],"curies":[{"name":"wp","href":"https:\/\/api.w.org\/{rel}","templated":true}]}}