{"id":54402,"date":"2024-05-09T12:06:48","date_gmt":"2024-05-09T11:06:48","guid":{"rendered":"https:\/\/www.africanchallenges.com\/?p=54402"},"modified":"2024-05-09T12:09:45","modified_gmt":"2024-05-09T11:09:45","slug":"tunisie-la-rencontre-eu4youth-talks-coorganisee-par-lunion-europeenne-et-le-ministere-de-la-jeunesse-et-des-sports-a-loccasion-de-la-journee-de-leurope","status":"publish","type":"post","link":"https:\/\/www.africanchallenges.com\/?p=54402","title":{"rendered":"Tunisie : La rencontre EU4Youth Talks, coorganis\u00e9e par l&rsquo;Union europ\u00e9enne et le minist\u00e8re de la Jeunesse et des Sports \u00e0 l&rsquo;occasion de la Journ\u00e9e de l&rsquo;Europe"},"content":{"rendered":"\n<p class=\"wp-block-paragraph\">Le Complexe de la Jeunesse de la Manouba a accueilli le 8 mai 2024, la rencontre EU4Youth Talks, coorganis\u00e9e par l&rsquo;Union europ\u00e9enne et le minist\u00e8re de la Jeunesse et des Sports \u00e0 l&rsquo;occasion de la Journ\u00e9e de l&rsquo;Europe. Plus de soixante participants, dont une trentaine de jeunes, femmes et hommes, b\u00e9n\u00e9ficiaires du programme EU4Youth en Tunisie, des repr\u00e9sentants du minist\u00e8re de la Jeunesse et des Sports et des partenaires cl\u00e9s de la jeunesse, se sont r\u00e9unis pour un dialogue ouvert et inclusif.<\/p>\n\n\n\n<p class=\"wp-block-paragraph\">L&rsquo;\u00e9v\u00e9nement a \u00e9t\u00e9 l&rsquo;occasion d&rsquo;\u00e9change entre les jeunes, le ministre de la Jeunesse et des Sports, Dr. Kamel Deguiche, ainsi que l\u2019Ambassadeur de l&rsquo;Union europ\u00e9enne en Tunisie, M. Marcus Cornaro. Les jeunes ont pu partager leurs v\u00e9cus, leurs d\u00e9fis et leurs aspirations, dans un environnement propice \u00e0 l&rsquo;\u00e9change et \u00e0 l&rsquo;\u00e9coute.<\/p>\n\n\n\n<p class=\"wp-block-paragraph\">Le ministre de la Jeunesse et des sports,&nbsp;Dr.&nbsp;Deguiche&nbsp;a r\u00e9affirm\u00e9 l&rsquo;engagement du Gouvernement&nbsp;\u00e0 soutenir la jeunesse tunisienne,&nbsp;notamment apr\u00e8s l\u2019approbation&nbsp;en Conseil&nbsp;minist\u00e9riel, mardi&nbsp;7 mai 2024,&nbsp;de la strat\u00e9gie nationale de la jeunesse.&nbsp;Cette strat\u00e9gie&nbsp;vise \u00e0 renforcer&nbsp;les opportunit\u00e9s d\u2019int\u00e9gration&nbsp;des jeunes dans la vie&nbsp;professionnelle, \u00e0 stimuler leurs&nbsp;cr\u00e9ativit\u00e9s&nbsp;dans divers domaines, \u00e0 les encourager \u00e0 s\u2019engager pleinement&nbsp;dans la vie publique&nbsp;et la soci\u00e9t\u00e9 de savoir<a><\/a>,&nbsp;tout en favorisant l&rsquo;\u00e9galit\u00e9&nbsp;des chances entre diff\u00e9rentes cat\u00e9gories de jeunes et \u00e0 cibler les plus vuln\u00e9rables parmi eux.&nbsp;Il a \u00e9galement salu\u00e9 le partenariat strat\u00e9gique entre la Tunisie et l\u2019Union europ\u00e9enne, en particulier dans le domaine de la jeunesse. &nbsp;<\/p>\n\n\n\n<p class=\"wp-block-paragraph\">De son c\u00f4t\u00e9, M. Cornaro a r\u00e9affirm\u00e9 l\u2019engagement de l\u2019union Europe pour appuyer&nbsp;la Tunisie dans ses efforts pour offrir \u00e0 ses jeunes un avenir meilleur, notamment \u00e0 travers le programme EU4Youth. Il a&nbsp;affirm\u00e9 :&nbsp;\u00ab\u00a0L&rsquo;UE est un partenaire solide de la Tunisie et accorde une priorit\u00e9 absolue \u00e0 la jeunesse. Le programme EU4Youth est un exemple concret de notre engagement \u00e0 soutenir les jeunes tunisiens et \u00e0 les accompagner pour r\u00e9aliser leur plein potentiel.\u00a0\u00bb<\/p>\n\n\n\n<p class=\"wp-block-paragraph\">Les jeunes b\u00e9n\u00e9ficiaires du programme EU4Youth ont partag\u00e9 leurs exp\u00e9riences, t\u00e9moignant de l&rsquo;impact positif du programme sur leur vie et leur communaut\u00e9. Mohamed Mejri, jeune entrepreneur soutenu par EU4Youth, a d\u00e9clar\u00e9 : \u00ab\u00a0Le programme EU4Youth m&rsquo;a donn\u00e9 l&rsquo;opportunit\u00e9 de d\u00e9velopper mes comp\u00e9tences et de lancer mon propre projet. Je suis reconnaissant du soutien de l&rsquo;Union europ\u00e9enne et du Minist\u00e8re de la Jeunesse et des Sports.\u00a0\u00bb<\/p>\n\n\n\n<p class=\"wp-block-paragraph\">L&rsquo;acc\u00e8s \u00e0 une \u00e9ducation et \u00e0 une formation de qualit\u00e9, permettant une meilleure insertion sur le march\u00e9 du travail, figurait en t\u00eate des pr\u00e9occupations des jeunes. Ils ont \u00e9galement insist\u00e9 sur l&rsquo;importance de l&rsquo;inclusion sociale et du d\u00e9veloppement d&rsquo;un \u00e9cosyst\u00e8me entrepreneurial favorable \u00e0 l&rsquo;\u00e9mergence de projets innovants.<\/p>\n\n\n\n<p class=\"wp-block-paragraph\">A\u00efcha Marzouki, une autre jeune b\u00e9n\u00e9ficiaire, a exprim\u00e9 son optimisme quant \u00e0 l\u2019avenir : \u00ab\u00a0Je suis fi\u00e8re de faire partie de la jeunesse tunisienne et je suis convaincue que nous avons d\u2019accomplir de grandes r\u00e9alisations. J&rsquo;encourage tous les jeunes \u00e0 s&rsquo;engager et \u00e0 contribuer \u00e0 l&rsquo;avenir de notre pays.\u00a0\u00bb<\/p>\n\n\n\n<p class=\"wp-block-paragraph\">En Tunisie, l&rsquo;appui de l&rsquo;UE \u00e0 la jeunesse s&rsquo;inscrit dans le cadre d&rsquo;un partenariat solide datant de 2016. Dot\u00e9 d&rsquo;un budget de 60 millions d&rsquo;euros, le programme EU4Youth vise \u00e0 cr\u00e9er des opportunit\u00e9s d&#8217;emploi, \u00e0 favoriser l&rsquo;engagement citoyen des jeunes et \u00e0 leur donner une voix.<\/p>\n\n\n\n<p class=\"wp-block-paragraph\">Plus de 10 000 jeunes ont d\u00e9j\u00e0 b\u00e9n\u00e9fici\u00e9 du programme EU4Youth \u00e0 travers six projets mis en \u0153uvre sur l\u2019ensemble de territoire tunisien : Jeun\u2019ESS, Maghroumin, Go4Youth, Swafy, Irada4Youth et Fe3il.a . A ce jour, 293 projets et plus de 100 organisations de la soci\u00e9t\u00e9 civile b\u00e9n\u00e9ficient de l\u2019appui technique et financier du programme et plus de 1000 emplois cr\u00e9\u00e9s et\/ou consolid\u00e9s.<\/p>\n\n\n\n<p class=\"wp-block-paragraph\"><strong>EU4Youth en chiffres :<\/strong><\/p>\n\n\n\n<ul class=\"wp-block-list\">\n<li>Plus de 10 000 b\u00e9n\u00e9ficiaires<\/li>\n\n\n\n<li>6 projets mis en \u0153uvre sur tout le territoire tunisien<\/li>\n\n\n\n<li>293 projets soutenus financi\u00e8rement et accompagn\u00e9s par du conseil technique et du coaching<\/li>\n\n\n\n<li>Plus de 100 associations appuy\u00e9es<\/li>\n\n\n\n<li>6 Bureaux de l\u2019emploi et du travail ind\u00e9pendant pilotes accompagn\u00e9s dans le processus de digitalisation.<\/li>\n<\/ul>\n","protected":false},"excerpt":{"rendered":"<p>Le Complexe de la Jeunesse de la Manouba a accueilli le 8 mai 2024, la rencontre EU4Youth Talks, coorganis\u00e9e par l&rsquo;Union europ\u00e9enne et le minist\u00e8re de la Jeunesse et des Sports \u00e0 l&rsquo;occasion de la Journ\u00e9e de l&rsquo;Europe. Plus de soixante participants, dont une trentaine de jeunes, femmes et hommes, b\u00e9n\u00e9ficiaires du programme EU4Youth en [&hellip;]<\/p>\n","protected":false},"author":4,"featured_media":54405,"comment_status":"open","ping_status":"closed","sticky":false,"template":"","format":"standard","meta":{"content-type":"","jnews-multi-image_gallery":[],"jnews_single_post":{"subtitle":"","format":"standard","video":"","gallery":"","source_name":"","source_url":"","via_name":"","via_url":"","override_template":"0","override":[{"template":"1","single_blog_custom":"","parallax":"1","fullscreen":"1","layout":"right-sidebar","sidebar":"default-sidebar","second_sidebar":"default-sidebar","sticky_sidebar":"1","share_position":"top","share_float_style":"share-monocrhome","show_share_counter":"1","show_view_counter":"1","show_featured":"1","show_post_meta":"1","show_post_author":"1","show_post_author_image":"1","show_post_date":"1","post_date_format":"default","post_date_format_custom":"Y\/m\/d","show_post_category":"1","show_post_reading_time":"0","post_reading_time_wpm":"300","show_zoom_button":"0","zoom_button_out_step":"2","zoom_button_in_step":"3","show_post_tag":"1","show_prev_next_post":"1","show_popup_post":"1","number_popup_post":"1","show_author_box":"0","show_post_related":"0","show_inline_post_related":"0"}],"override_image_size":"0","image_override":[{"single_post_thumbnail_size":"crop-500","single_post_gallery_size":"crop-500"}],"trending_post":"0","trending_post_position":"meta","trending_post_label":"Trending","sponsored_post":"0","sponsored_post_label":"Sponsored by","sponsored_post_name":"","sponsored_post_url":"","sponsored_post_logo_enable":"0","sponsored_post_logo":"","sponsored_post_desc":"","disable_ad":"0"},"jnews_primary_category":{"id":"","hide":""},"jnews_override_bookmark_settings":[],"jnews_review":[],"enable_review":"","type":"","name":"","summary":"","brand":"","sku":"","good":[],"bad":[],"score_override":"","override_value":"","rating":[],"price":[],"jnews_post_split":[],"footnotes":""},"categories":[61],"tags":[12048,12013,1282],"class_list":["post-54402","post","type-post","status-publish","format-standard","has-post-thumbnail","hentry","category-societe","tag-eu4youth-talks","tag-journee-de-leurope","tag-rencontre"],"_links":{"self":[{"href":"https:\/\/www.africanchallenges.com\/index.php?rest_route=\/wp\/v2\/posts\/54402","targetHints":{"allow":["GET"]}}],"collection":[{"href":"https:\/\/www.africanchallenges.com\/index.php?rest_route=\/wp\/v2\/posts"}],"about":[{"href":"https:\/\/www.africanchallenges.com\/index.php?rest_route=\/wp\/v2\/types\/post"}],"author":[{"embeddable":true,"href":"https:\/\/www.africanchallenges.com\/index.php?rest_route=\/wp\/v2\/users\/4"}],"replies":[{"embeddable":true,"href":"https:\/\/www.africanchallenges.com\/index.php?rest_route=%2Fwp%2Fv2%2Fcomments&post=54402"}],"version-history":[{"count":1,"href":"https:\/\/www.africanchallenges.com\/index.php?rest_route=\/wp\/v2\/posts\/54402\/revisions"}],"predecessor-version":[{"id":54403,"href":"https:\/\/www.africanchallenges.com\/index.php?rest_route=\/wp\/v2\/posts\/54402\/revisions\/54403"}],"wp:featuredmedia":[{"embeddable":true,"href":"https:\/\/www.africanchallenges.com\/index.php?rest_route=\/wp\/v2\/media\/54405"}],"wp:attachment":[{"href":"https:\/\/www.africanchallenges.com\/index.php?rest_route=%2Fwp%2Fv2%2Fmedia&parent=54402"}],"wp:term":[{"taxonomy":"category","embeddable":true,"href":"https:\/\/www.africanchallenges.com\/index.php?rest_route=%2Fwp%2Fv2%2Fcategories&post=54402"},{"taxonomy":"post_tag","embeddable":true,"href":"https:\/\/www.africanchallenges.com\/index.php?rest_route=%2Fwp%2Fv2%2Ftags&post=54402"}],"curies":[{"name":"wp","href":"https:\/\/api.w.org\/{rel}","templated":true}]}}