{"id":54283,"date":"2024-05-07T23:13:36","date_gmt":"2024-05-07T22:13:36","guid":{"rendered":"https:\/\/www.africanchallenges.com\/?p=54283"},"modified":"2024-05-08T19:54:45","modified_gmt":"2024-05-08T18:54:45","slug":"tunisie-perspectives-sur-la-gestion-de-lenseignement-superieur-militaire-et-de-la-recherche-scientifique-en-2030-defis-et-enjeux","status":"publish","type":"post","link":"https:\/\/www.africanchallenges.com\/?p=54283","title":{"rendered":"Tunisie\u00a0&#8211; Perspectives relatives \u00e0 la gestion de l&rsquo;enseignement sup\u00e9rieur militaire et de la recherche scientifique en 2030 : D\u00e9fis et enjeux"},"content":{"rendered":"\n<p class=\"wp-block-paragraph\">Dans le cadre des visites des m\u00e9dias aux institutions militaires, le minist\u00e8re de la d\u00e9fense nationale a organis\u00e9 une visite guid\u00e9e \u00e0 l&rsquo;administration de l\u2019enseignement sup\u00e9rieur militaire et de la recherche scientifique, situ\u00e9e \u00e0 la base militaire de l&rsquo;Aouina, ce mardi 7 mai 2024.<\/p>\n\n\n\n<p class=\"wp-block-paragraph\">Le directeur de l\u2019enseignement sup\u00e9rieur militaire et de la recherche scientifique, le doyen Nabil ben Abdallah, a soulign\u00e9 que l&rsquo;institution est plac\u00e9e sous la supervision du ministre de la d\u00e9fense nationale. Son r\u00f4le est de mettre en place la strat\u00e9gie du minist\u00e8re pour la formation des cadres militaires en fonction des besoins des forces arm\u00e9es.<\/p>\n\n\n\n<p class=\"wp-block-paragraph\">L&rsquo;institution collabore avec l&rsquo;arm\u00e9e de terre, l&rsquo;arm\u00e9e de l&rsquo;air, la marine et les acad\u00e9mies militaires pour am\u00e9liorer les programmes d&rsquo;enseignement afin de proposer des formations scientifiques et technologiques adapt\u00e9es. Elle recrute des professeurs universitaires et des chercheurs sp\u00e9cialis\u00e9s et r\u00e9alise des \u00e9tudes et des statistiques pour faire progresser les acad\u00e9mies militaires et les institutions d&rsquo;enseignement sup\u00e9rieur militaire.<\/p>\n\n\n\n<figure class=\"wp-block-embed is-type-video is-provider-youtube wp-block-embed-youtube wp-embed-aspect-4-3 wp-has-aspect-ratio\"><div class=\"wp-block-embed__wrapper\">\n<div class=\"jeg_video_container jeg_video_content\"><iframe title=\"Le doyen Nabil ben Abdallah\" width=\"500\" height=\"375\" src=\"https:\/\/www.youtube.com\/embed\/2zdUA72tLuE?feature=oembed\" frameborder=\"0\" allow=\"accelerometer; autoplay; clipboard-write; encrypted-media; gyroscope; picture-in-picture; web-share\" referrerpolicy=\"strict-origin-when-cross-origin\" allowfullscreen><\/iframe><\/div>\n<\/div><\/figure>\n\n\n\n<p class=\"wp-block-paragraph\"><strong>Vision de l\u2019administration de l\u2019enseignement sup\u00e9rieur militaire et de la recherche scientifique 2030&nbsp;:<\/strong><\/p>\n\n\n\n<p class=\"wp-block-paragraph\">Le doyen a soulign\u00e9 que la strat\u00e9gie de l&rsquo;enseignement sup\u00e9rieur militaire et de la recherche scientifique pour 2030 repose sur trois axes principaux :<\/p>\n\n\n\n<p class=\"wp-block-paragraph\">L&rsquo;excellence, il a mentionn\u00e9 la future certification des acad\u00e9mies selon la norme ISO 21001 d&rsquo;ici 2025-2026<\/p>\n\n\n\n<p class=\"wp-block-paragraph\">(Acad\u00e9mies concern\u00e9es : Fondek Jdid, Menzel Bourguiba et Borj El Amri, ainsi que l&rsquo;\u00c9cole de la Sant\u00e9 Militaire), l&rsquo;accr\u00e9ditation.<\/p>\n\n\n\n<p class=\"wp-block-paragraph\">Il a mis en avant l&rsquo;objectif de cr\u00e9er un p\u00f4le technologique d&rsquo;excellence en s&rsquo;ouvrant aux pays d&rsquo;Afrique, faisant de la Tunisie un hub.<\/p>\n\n\n\n<p class=\"wp-block-paragraph\">Pour les \u00e9tudiants qui r\u00e9ussiront leur baccalaur\u00e9at, le doyen a annonc\u00e9 que l&rsquo;ouverture des inscriptions est pr\u00e9vue du 25 juillet au 20 ao\u00fbt sur le site du minist\u00e8re.<\/p>\n\n\n\n<p class=\"wp-block-paragraph\">Une nouveaut\u00e9 cette ann\u00e9e, l&rsquo;inauguration du centre d&rsquo;examens de B\u00e9ja pour se rapprocher de la population de la r\u00e9gion du nord.<\/p>\n\n\n\n<p class=\"wp-block-paragraph\">Les candidats seront r\u00e9partis dans 3 centres d&rsquo;examens : Gab\u00e8s, Bizerte et B\u00e9j\u00e0.<\/p>\n\n\n\n<p class=\"wp-block-paragraph\">Lors de la pr\u00e9sentation de l&rsquo;administration  de l\u2019enseignement sup\u00e9rieur militaire et de la recherche scientifique, le doyen a pass\u00e9 en revue les crit\u00e8res d&rsquo;admission des candidats et, \u00e0 l&rsquo;occasion, les m\u00e9dias ont  rencontr\u00e9 les 3 majors de promotion des institutions militaires qui ont partag\u00e9 leur parcours acad\u00e9mique ainsi que leurs exp\u00e9riences \u00e0 l&rsquo;\u00e9chelle nationale et internationale\u00a0: le lieutenant Mohmed Amine Mzoughi de l&rsquo;arm\u00e9e de terre, le lieutenant Yomna Dlaily de l&rsquo;arm\u00e9e de l&rsquo;air, actuellement la premi\u00e8re femme, pilote d\u2019 un avion de chasse, et le lieutenant Ahmed Ben Jaballah de la marine.<\/p>\n\n\n\n<figure class=\"wp-block-embed is-type-video is-provider-youtube wp-block-embed-youtube wp-embed-aspect-4-3 wp-has-aspect-ratio\"><div class=\"wp-block-embed__wrapper\">\n<div class=\"jeg_video_container jeg_video_content\"><iframe title=\"Le lieutenant Mohmed Amine Mzoughi de l&#039;arm\u00e9e de terre\" width=\"500\" height=\"375\" src=\"https:\/\/www.youtube.com\/embed\/M-jQeuDboeQ?feature=oembed\" frameborder=\"0\" allow=\"accelerometer; autoplay; clipboard-write; encrypted-media; gyroscope; picture-in-picture; web-share\" referrerpolicy=\"strict-origin-when-cross-origin\" allowfullscreen><\/iframe><\/div>\n<\/div><\/figure>\n\n\n\n<div class=\"jeg_video_container jeg_video_content\"><iframe title=\"Le lieutenant Ahmed Ben Jaballah de la marine\" width=\"500\" height=\"375\" src=\"https:\/\/www.youtube.com\/embed\/oaanXjvNbVk?feature=oembed\" frameborder=\"0\" allow=\"accelerometer; autoplay; clipboard-write; encrypted-media; gyroscope; picture-in-picture; web-share\" referrerpolicy=\"strict-origin-when-cross-origin\" allowfullscreen><\/iframe><\/div>\n\n\n\n<p>\u00a0<\/p>\n<div class=\"jeg_video_container jeg_video_content\"><iframe title=\"Le lieutenant Yomna Dlaily de l&#039;arm\u00e9e de l&#039;air\" width=\"500\" height=\"375\" src=\"https:\/\/www.youtube.com\/embed\/g0z_CIycq2k?feature=oembed\" frameborder=\"0\" allow=\"accelerometer; autoplay; clipboard-write; encrypted-media; gyroscope; picture-in-picture; web-share\" referrerpolicy=\"strict-origin-when-cross-origin\" allowfullscreen><\/iframe><\/div>\n","protected":false},"excerpt":{"rendered":"<p>Dans le cadre des visites des m\u00e9dias aux institutions militaires, le minist\u00e8re de la d\u00e9fense nationale a organis\u00e9 une visite guid\u00e9e \u00e0 l&rsquo;administration de l\u2019enseignement sup\u00e9rieur militaire et de la recherche scientifique, situ\u00e9e \u00e0 la base militaire de l&rsquo;Aouina, ce mardi 7 mai 2024. Le directeur de l\u2019enseignement sup\u00e9rieur militaire et de la recherche scientifique, [&hellip;]<\/p>\n","protected":false},"author":3,"featured_media":54284,"comment_status":"open","ping_status":"closed","sticky":false,"template":"","format":"standard","meta":{"content-type":"","jnews-multi-image_gallery":[],"jnews_single_post":{"subtitle":"","format":"standard","video":"","gallery":"","source_name":"","source_url":"","via_name":"","via_url":"","override_template":"0","override":[{"template":"1","single_blog_custom":"","parallax":"1","fullscreen":"1","layout":"right-sidebar","sidebar":"default-sidebar","second_sidebar":"default-sidebar","sticky_sidebar":"1","share_position":"top","share_float_style":"share-monocrhome","show_share_counter":"1","show_view_counter":"1","show_featured":"1","show_post_meta":"1","show_post_author":"1","show_post_author_image":"1","show_post_date":"1","post_date_format":"default","post_date_format_custom":"Y\/m\/d","show_post_category":"1","show_post_reading_time":"0","post_reading_time_wpm":"300","show_zoom_button":"0","zoom_button_out_step":"2","zoom_button_in_step":"3","show_post_tag":"1","show_prev_next_post":"1","show_popup_post":"1","number_popup_post":"1","show_author_box":"0","show_post_related":"0","show_inline_post_related":"0"}],"override_image_size":"0","image_override":[{"single_post_thumbnail_size":"crop-500","single_post_gallery_size":"crop-500"}],"trending_post":"0","trending_post_position":"meta","trending_post_label":"Trending","sponsored_post":"0","sponsored_post_label":"Sponsored by","sponsored_post_name":"","sponsored_post_url":"","sponsored_post_logo_enable":"0","sponsored_post_logo":"","sponsored_post_desc":"","disable_ad":"0"},"jnews_primary_category":{"id":"","hide":""},"jnews_override_bookmark_settings":[],"jnews_review":[],"enable_review":"","type":"","name":"","summary":"","brand":"","sku":"","good":[],"bad":[],"score_override":"","override_value":"","rating":[],"price":[],"jnews_post_split":[],"footnotes":""},"categories":[2],"tags":[4079,4229,3960,54],"class_list":["post-54283","post","type-post","status-publish","format-standard","has-post-thumbnail","hentry","category-news-politique","tag-gestion","tag-ministere-de-la-defense-nationale","tag-perspectives","tag-tunisie"],"_links":{"self":[{"href":"https:\/\/www.africanchallenges.com\/index.php?rest_route=\/wp\/v2\/posts\/54283","targetHints":{"allow":["GET"]}}],"collection":[{"href":"https:\/\/www.africanchallenges.com\/index.php?rest_route=\/wp\/v2\/posts"}],"about":[{"href":"https:\/\/www.africanchallenges.com\/index.php?rest_route=\/wp\/v2\/types\/post"}],"author":[{"embeddable":true,"href":"https:\/\/www.africanchallenges.com\/index.php?rest_route=\/wp\/v2\/users\/3"}],"replies":[{"embeddable":true,"href":"https:\/\/www.africanchallenges.com\/index.php?rest_route=%2Fwp%2Fv2%2Fcomments&post=54283"}],"version-history":[{"count":18,"href":"https:\/\/www.africanchallenges.com\/index.php?rest_route=\/wp\/v2\/posts\/54283\/revisions"}],"predecessor-version":[{"id":55636,"href":"https:\/\/www.africanchallenges.com\/index.php?rest_route=\/wp\/v2\/posts\/54283\/revisions\/55636"}],"wp:featuredmedia":[{"embeddable":true,"href":"https:\/\/www.africanchallenges.com\/index.php?rest_route=\/wp\/v2\/media\/54284"}],"wp:attachment":[{"href":"https:\/\/www.africanchallenges.com\/index.php?rest_route=%2Fwp%2Fv2%2Fmedia&parent=54283"}],"wp:term":[{"taxonomy":"category","embeddable":true,"href":"https:\/\/www.africanchallenges.com\/index.php?rest_route=%2Fwp%2Fv2%2Fcategories&post=54283"},{"taxonomy":"post_tag","embeddable":true,"href":"https:\/\/www.africanchallenges.com\/index.php?rest_route=%2Fwp%2Fv2%2Ftags&post=54283"}],"curies":[{"name":"wp","href":"https:\/\/api.w.org\/{rel}","templated":true}]}}