{"id":54240,"date":"2024-05-06T19:42:45","date_gmt":"2024-05-06T18:42:45","guid":{"rendered":"https:\/\/www.africanchallenges.com\/?p=54240"},"modified":"2024-05-06T19:47:18","modified_gmt":"2024-05-06T18:47:18","slug":"tunisie-le-ministere-du-transport-organise-un-seminaire-des-directeurs-regionaux-des-transports-sous-le-slogan-developpement-du-systeme-de-transport-dans-les-regions","status":"publish","type":"post","link":"https:\/\/www.africanchallenges.com\/?p=54240","title":{"rendered":"Tunisie : Le minist\u00e8re du Transport organise un s\u00e9minaire des directeurs r\u00e9gionaux des transports sous le slogan \u00ab\u00a0D\u00e9veloppement du syst\u00e8me de transport dans les r\u00e9gions\u00a0\u00bb"},"content":{"rendered":"\n<p class=\"wp-block-paragraph\">Sous le slogan \u00ab D\u00e9veloppement du syst\u00e8me de transport dans les r\u00e9gions \u00bb, un s\u00e9minaire des directeurs r\u00e9gionaux des transports s\u2019est tenu le 04 mai 2024, sous la supervision de Mme Sarah Zafarani Zanzari, ministre charg\u00e9e de la gestion du minist\u00e8re des Transports, en pr\u00e9sence de l\u2019ensemble des directeurs r\u00e9gionaux des transports et d\u2019un nombre important de responsables et cadres du minist\u00e8re.<\/p>\n\n\n\n<p class=\"wp-block-paragraph\">La ministre a soulign\u00e9 que l\u2019objectif de l\u2019organisation de ce s\u00e9minaire est d\u2019am\u00e9liorer les performances des administrations r\u00e9gionales des transports en les rendant plus int\u00e9gr\u00e9es dans l\u2019am\u00e9lioration du syst\u00e8me de transport et en poussant les investissements au sein du r\u00e9seau des acteurs \u00e9conomiques dans les diff\u00e9rentes r\u00e9gions, et en renfor\u00e7ant leur r\u00f4le dans la d\u00e9centralisation en fonction des d\u00e9veloppements de notre pays, tels que le nouveau d\u00e9coupage territorial et la cr\u00e9ation du Conseil national des r\u00e9gions, des r\u00e9gions et des conseils locaux.<\/p>\n\n\n\n<p class=\"wp-block-paragraph\">Au cours de cette session, une pr\u00e9sentation a \u00e9t\u00e9 faite sur les responsabilit\u00e9s des administrations r\u00e9gionales des transports, et un certain nombre de probl\u00e8mes ont \u00e9t\u00e9 \u00e9tudi\u00e9s en relation avec les diff\u00e9rents types de transport et de logistique dans les r\u00e9gions et l\u2019\u00e9change de vues pour les r\u00e9soudre, et dans ce contexte, Mme Sarah Zafarani Zanzari a appel\u00e9 \u00e0 la n\u00e9cessit\u00e9 d\u2019adopter de nouveaux m\u00e9canismes de travail bas\u00e9s sur le principe de la participation \u00e0 l\u2019\u00e9laboration des programmes et des perceptions et au traitement des dossiers en suspens et d\u2019\u00eatre proactif dans la recherche de solutions pratiques en ligne avec les sp\u00e9cificit\u00e9s de r\u00e9gions.<\/p>\n\n\n\n<p class=\"wp-block-paragraph\">Dans le m\u00eame ordre d\u2019id\u00e9es, elle a soulign\u00e9 la n\u00e9cessit\u00e9 d\u2019un engagement optimal dans le domaine de la transformation num\u00e9rique \u00e0 travers une interconnexion plus \u00e9troite et la cr\u00e9ation d\u2019un syst\u00e8me d\u2019information qui garantisse une information imm\u00e9diate, une interaction en temps r\u00e9el et un partage de donn\u00e9es entre les structures centrales du minist\u00e8re, les institutions et \u00e9tablissements sous tutelle et les directions r\u00e9gionales des transports, notamment en ce qui concerne les b\u00e2timents bloqu\u00e9s et en cours d\u2019ach\u00e8vement.<\/p>\n\n\n\n<p class=\"wp-block-paragraph\">La ministre a recommand\u00e9 aux directeurs r\u00e9gionaux des transports de pr\u00e9senter des rapports p\u00e9riodiques sur l\u2019\u00e9tat d\u2019avancement de la mise en \u0153uvre des diff\u00e9rents projets de d\u00e9veloppement dans les r\u00e9gions, appelant les structures centrales du minist\u00e8re et les \u00e9tablissements et institutions publics sous tutelle \u00e0 faciliter leurs t\u00e2ches et \u00e0 fournir tous les \u00e9l\u00e9ments n\u00e9cessaires qui leur permettent de remplir pleinement leurs fonctions, et \u00e0 \u0153uvrer \u00e0 la r\u00e9vision des cadres l\u00e9gislatifs qui garantissent l\u2019harmonie du travail r\u00e9gional avec la politique g\u00e9n\u00e9rale du minist\u00e8re, ce qui se refl\u00e9tera positivement sur la qualit\u00e9 des services fournis aux habitants de la r\u00e9gion et assurera la rentabilit\u00e9 des installations appartenant au secteur des transports.<\/p>\n\n\n\n<p class=\"wp-block-paragraph\">D\u2019autre part, le ministre en charge de la gestion du minist\u00e8re des Transports a appel\u00e9 \u00e0 une bonne pr\u00e9paration de la saison estivale et au retour des Tunisiens r\u00e9sidant \u00e0 l\u2019\u00e9tranger et \u00e0 intensifier le travail sur le terrain et le suivi dans diverses installations connexes telles que les a\u00e9roports, les ports et les postes frontaliers terrestres.<\/p>\n\n\n\n<p class=\"wp-block-paragraph\">En plus d\u2019assurer la mise en place de toutes les conditions de d\u00e9placement appropri\u00e9es pour la r\u00e9ussite des examens nationaux attendus en coordination avec les entreprises de transport r\u00e9gionales et les autorit\u00e9s r\u00e9gionales, de prendre les pr\u00e9cautions n\u00e9cessaires pour \u00e9viter toute urgence et de pr\u00e9parer la prochaine ann\u00e9e acad\u00e9mique 2024-2025 sur la base d\u2019une \u00e9valuation objective de la saison \u00e9coul\u00e9e, soulignant les efforts concert\u00e9s pour renforcer la connexion des zones isol\u00e9es avec les transports publics n\u00e9cessaires.<\/p>\n","protected":false},"excerpt":{"rendered":"<p>Sous le slogan \u00ab D\u00e9veloppement du syst\u00e8me de transport dans les r\u00e9gions \u00bb, un s\u00e9minaire des directeurs r\u00e9gionaux des transports s\u2019est tenu le 04 mai 2024, sous la supervision de Mme Sarah Zafarani Zanzari, ministre charg\u00e9e de la gestion du minist\u00e8re des Transports, en pr\u00e9sence de l\u2019ensemble des directeurs r\u00e9gionaux des transports et d\u2019un nombre [&hellip;]<\/p>\n","protected":false},"author":4,"featured_media":54242,"comment_status":"open","ping_status":"closed","sticky":false,"template":"","format":"standard","meta":{"content-type":"","jnews-multi-image_gallery":[],"jnews_single_post":{"subtitle":"","format":"standard","video":"","gallery":"","source_name":"","source_url":"","via_name":"","via_url":"","override_template":"0","override":[{"template":"1","single_blog_custom":"","parallax":"1","fullscreen":"1","layout":"right-sidebar","sidebar":"default-sidebar","second_sidebar":"default-sidebar","sticky_sidebar":"1","share_position":"top","share_float_style":"share-monocrhome","show_share_counter":"1","show_view_counter":"1","show_featured":"1","show_post_meta":"1","show_post_author":"1","show_post_author_image":"1","show_post_date":"1","post_date_format":"default","post_date_format_custom":"Y\/m\/d","show_post_category":"1","show_post_reading_time":"0","post_reading_time_wpm":"300","show_zoom_button":"0","zoom_button_out_step":"2","zoom_button_in_step":"3","show_post_tag":"1","show_prev_next_post":"1","show_popup_post":"1","number_popup_post":"1","show_author_box":"0","show_post_related":"0","show_inline_post_related":"0"}],"override_image_size":"0","image_override":[{"single_post_thumbnail_size":"crop-500","single_post_gallery_size":"crop-500"}],"trending_post":"0","trending_post_position":"meta","trending_post_label":"Trending","sponsored_post":"0","sponsored_post_label":"Sponsored by","sponsored_post_name":"","sponsored_post_url":"","sponsored_post_logo_enable":"0","sponsored_post_logo":"","sponsored_post_desc":"","disable_ad":"0"},"jnews_primary_category":{"id":"","hide":""},"jnews_override_bookmark_settings":[],"jnews_review":[],"enable_review":"","type":"","name":"","summary":"","brand":"","sku":"","good":[],"bad":[],"score_override":"","override_value":"","rating":[],"price":[],"jnews_post_split":[],"footnotes":""},"categories":[61],"tags":[2251,1763,7275,1212,12021],"class_list":["post-54240","post","type-post","status-publish","format-standard","has-post-thumbnail","hentry","category-societe","tag-developpement-2","tag-ministere-du-transport","tag-regions","tag-seminaire","tag-systeme-de-transport"],"_links":{"self":[{"href":"https:\/\/www.africanchallenges.com\/index.php?rest_route=\/wp\/v2\/posts\/54240","targetHints":{"allow":["GET"]}}],"collection":[{"href":"https:\/\/www.africanchallenges.com\/index.php?rest_route=\/wp\/v2\/posts"}],"about":[{"href":"https:\/\/www.africanchallenges.com\/index.php?rest_route=\/wp\/v2\/types\/post"}],"author":[{"embeddable":true,"href":"https:\/\/www.africanchallenges.com\/index.php?rest_route=\/wp\/v2\/users\/4"}],"replies":[{"embeddable":true,"href":"https:\/\/www.africanchallenges.com\/index.php?rest_route=%2Fwp%2Fv2%2Fcomments&post=54240"}],"version-history":[{"count":1,"href":"https:\/\/www.africanchallenges.com\/index.php?rest_route=\/wp\/v2\/posts\/54240\/revisions"}],"predecessor-version":[{"id":54241,"href":"https:\/\/www.africanchallenges.com\/index.php?rest_route=\/wp\/v2\/posts\/54240\/revisions\/54241"}],"wp:featuredmedia":[{"embeddable":true,"href":"https:\/\/www.africanchallenges.com\/index.php?rest_route=\/wp\/v2\/media\/54242"}],"wp:attachment":[{"href":"https:\/\/www.africanchallenges.com\/index.php?rest_route=%2Fwp%2Fv2%2Fmedia&parent=54240"}],"wp:term":[{"taxonomy":"category","embeddable":true,"href":"https:\/\/www.africanchallenges.com\/index.php?rest_route=%2Fwp%2Fv2%2Fcategories&post=54240"},{"taxonomy":"post_tag","embeddable":true,"href":"https:\/\/www.africanchallenges.com\/index.php?rest_route=%2Fwp%2Fv2%2Ftags&post=54240"}],"curies":[{"name":"wp","href":"https:\/\/api.w.org\/{rel}","templated":true}]}}