{"id":54209,"date":"2024-05-03T20:07:37","date_gmt":"2024-05-03T19:07:37","guid":{"rendered":"https:\/\/www.africanchallenges.com\/?p=54209"},"modified":"2024-05-03T20:11:32","modified_gmt":"2024-05-03T19:11:32","slug":"tunisie-lexpo-vente-exceptional-une-experience-de-mode-inedite-en-marge-de-la-journee-de-leurope","status":"publish","type":"post","link":"https:\/\/www.africanchallenges.com\/?p=54209","title":{"rendered":"Tunisie : L\u2019expo-vente \u00ab Exceptional \u00bb, une exp\u00e9rience de mode in\u00e9dite en marge de la journ\u00e9e de l\u2019Europe !"},"content":{"rendered":"\n<p class=\"wp-block-paragraph\">Parce que vous \u00eates exceptionnel.le.s, les cr\u00e9ations expos\u00e9es sont exceptionnelles, l\u2019exp\u00e9rience sensorielle est exceptionnelle, venez d\u00e9couvrir l\u2019exposition-vente \u00ab Exceptional \u00bb.<\/p>\n\n\n\n<p class=\"wp-block-paragraph\">De jeudi 09 mai au dimanche le 12 mai 2024, Creative Tunisia, projet de soutien au secteur de l\u2019artisanat, du design et de la mode a mis en place une exposition de mode d\u2019un nouveau genre, en partenariat avec l\u2019Office National de l\u2019Artisanat Tunisien et la F\u00e9d\u00e9ration Nationale de l\u2019Artisanat. Organis\u00e9e en marge des journ\u00e9es de l\u2019Europe, \u00ab Exceptional \u00bb propose \u00e0 la vente les nouvelles collections printemps\/\u00e9t\u00e9 2024 de dix-huit cr\u00e9ateurs autour d\u2019une sc\u00e9nographie futuriste qui repousse les fronti\u00e8res de l&rsquo;exp\u00e9rience de la mode en transformant l&rsquo;espace de \u00ab Culture Art Studio \u00bb \u00e0 Bhar Lazreg.<\/p>\n\n\n\n<p class=\"wp-block-paragraph\">Des robes de soir\u00e9e aux accessoires de mode en passant par des tenues de pr\u00eat-\u00e0-porter, vous serez plong\u00e9 dans des univers visuels captivants qui raconteront la d\u00e9marche cr\u00e9ative de chaque marque.<\/p>\n\n\n\n<p class=\"wp-block-paragraph\">Cet \u00e9v\u00e9nement s&rsquo;inscrit dans le cadre de la consolidation du cluster mode soutenu par le projet Creative Tunisia. Le projet consiste \u00e0 soutenir les cr\u00e9ateurs dans la formation d&rsquo;une chambre syndicale au sein de l&rsquo;UTICA. Les fondateurs de cette chambre sont activement engag\u00e9s dans l&rsquo;organisation de cet \u00e9v\u00e9nement et ils apporteront leur expertise technique et leur soutien financier pour sa r\u00e9alisation.<\/p>\n\n\n\n<p class=\"wp-block-paragraph\">Creative Tunisia, composante du programme europ\u00e9en Tounes Wijhetouna, \u0153uvre pour d\u00e9velopper le secteur de l\u2019artisanat en Tunisie en soutenant le renforcement des chaines de valeur artisanales et notamment celle de la mode \u00e0 travers l\u2019appui au d\u00e9veloppement du cluster mode \u00e0 Tunis. Depuis quatre ans le projet a soutenu la participation ou la mise en place de nombreux \u00e9v\u00e9nements de valorisation et de promotion d\u00e9di\u00e9s \u00e0 la mode, tels que AFRICA 2020, FACETTES DE DOUGGA, STOCKHOLM INTERNATIONAL FASHION FAIR 2023 ou encore le salon parisien WHO\u2019S NEXT ; C\u2019est dans ce sillon qu\u2019est n\u00e9e cette initiative insuffl\u00e9e par les membres du cluster mode Tunis, qui invite \u00e0 d\u00e9couvrir une nouvelle vision de la mode tunisienne autour d\u2019un parcours immersif.<\/p>\n\n\n\n<p class=\"wp-block-paragraph\">Financ\u00e9 par l\u2019Union europ\u00e9enne avec une contribution financi\u00e8re de l\u2019Agence Italienne pour la Coop\u00e9ration au D\u00e9veloppement et mis en \u0153uvre par l\u2019Organisation des Nations Unies pour le D\u00e9veloppement Industriel (ONUDI) en partenariat avec l\u2019Office National de l\u2019Artisanat, Creative Tunisia est fier de porter cette initiative qui contribue \u00e0 la structuration de ce secteur.<\/p>\n\n\n\n<p class=\"wp-block-paragraph\"><strong>Participe \u00e0 cette exposition-vente :<\/strong><\/p>\n\n\n\n<p class=\"wp-block-paragraph\"><strong>Amin Hajri \/ Anissa Aida \/ Ashai \/ Atelier Fantar \/ Atelier Saif \/ Balkon \/ Chaltout Art \/ Gentle Ties \/ Jowa \/ Hamasset Fanneya \/ Houriettes \/ Nee \/ Rahma Njeh\/ Rumena \/ Salah Barka \/ Vintage Diet\/ Wishka \/ Cachalot<\/strong><\/p>\n\n\n\n<p class=\"wp-block-paragraph\"><strong><em>O\u00f9 : Art Culture Studio, Bhar Lazreg<\/em><\/strong><\/p>\n\n\n\n<p class=\"wp-block-paragraph\"><strong><em>Quand : du 09 au 12 Mai 2024<\/em><\/strong><\/p>\n","protected":false},"excerpt":{"rendered":"<p>Parce que vous \u00eates exceptionnel.le.s, les cr\u00e9ations expos\u00e9es sont exceptionnelles, l\u2019exp\u00e9rience sensorielle est exceptionnelle, venez d\u00e9couvrir l\u2019exposition-vente \u00ab Exceptional \u00bb. De jeudi 09 mai au dimanche le 12 mai 2024, Creative Tunisia, projet de soutien au secteur de l\u2019artisanat, du design et de la mode a mis en place une exposition de mode d\u2019un nouveau [&hellip;]<\/p>\n","protected":false},"author":4,"featured_media":54210,"comment_status":"open","ping_status":"closed","sticky":false,"template":"","format":"standard","meta":{"content-type":"","jnews-multi-image_gallery":[],"jnews_single_post":{"subtitle":"","format":"standard","video":"","gallery":"","source_name":"","source_url":"","via_name":"","via_url":"","override_template":"0","override":[{"template":"1","single_blog_custom":"","parallax":"1","fullscreen":"1","layout":"right-sidebar","sidebar":"default-sidebar","second_sidebar":"default-sidebar","sticky_sidebar":"1","share_position":"top","share_float_style":"share-monocrhome","show_share_counter":"1","show_view_counter":"1","show_featured":"1","show_post_meta":"1","show_post_author":"1","show_post_author_image":"1","show_post_date":"1","post_date_format":"default","post_date_format_custom":"Y\/m\/d","show_post_category":"1","show_post_reading_time":"0","post_reading_time_wpm":"300","show_zoom_button":"0","zoom_button_out_step":"2","zoom_button_in_step":"3","show_post_tag":"1","show_prev_next_post":"1","show_popup_post":"1","number_popup_post":"1","show_author_box":"0","show_post_related":"0","show_inline_post_related":"0"}],"override_image_size":"0","image_override":[{"single_post_thumbnail_size":"crop-500","single_post_gallery_size":"crop-500"}],"trending_post":"0","trending_post_position":"meta","trending_post_label":"Trending","sponsored_post":"0","sponsored_post_label":"Sponsored by","sponsored_post_name":"","sponsored_post_url":"","sponsored_post_logo_enable":"0","sponsored_post_logo":"","sponsored_post_desc":"","disable_ad":"0"},"jnews_primary_category":{"id":"","hide":""},"jnews_override_bookmark_settings":[],"jnews_review":[],"enable_review":"","type":"","name":"","summary":"","brand":"","sku":"","good":[],"bad":[],"score_override":"","override_value":"","rating":[],"price":[],"jnews_post_split":[],"footnotes":""},"categories":[17],"tags":[12012,8856,12013,12011,1652],"class_list":["post-54209","post","type-post","status-publish","format-standard","has-post-thumbnail","hentry","category-entertainment","tag-exceptional","tag-experience","tag-journee-de-leurope","tag-lexpo-vente","tag-mode"],"_links":{"self":[{"href":"https:\/\/www.africanchallenges.com\/index.php?rest_route=\/wp\/v2\/posts\/54209","targetHints":{"allow":["GET"]}}],"collection":[{"href":"https:\/\/www.africanchallenges.com\/index.php?rest_route=\/wp\/v2\/posts"}],"about":[{"href":"https:\/\/www.africanchallenges.com\/index.php?rest_route=\/wp\/v2\/types\/post"}],"author":[{"embeddable":true,"href":"https:\/\/www.africanchallenges.com\/index.php?rest_route=\/wp\/v2\/users\/4"}],"replies":[{"embeddable":true,"href":"https:\/\/www.africanchallenges.com\/index.php?rest_route=%2Fwp%2Fv2%2Fcomments&post=54209"}],"version-history":[{"count":1,"href":"https:\/\/www.africanchallenges.com\/index.php?rest_route=\/wp\/v2\/posts\/54209\/revisions"}],"predecessor-version":[{"id":54211,"href":"https:\/\/www.africanchallenges.com\/index.php?rest_route=\/wp\/v2\/posts\/54209\/revisions\/54211"}],"wp:featuredmedia":[{"embeddable":true,"href":"https:\/\/www.africanchallenges.com\/index.php?rest_route=\/wp\/v2\/media\/54210"}],"wp:attachment":[{"href":"https:\/\/www.africanchallenges.com\/index.php?rest_route=%2Fwp%2Fv2%2Fmedia&parent=54209"}],"wp:term":[{"taxonomy":"category","embeddable":true,"href":"https:\/\/www.africanchallenges.com\/index.php?rest_route=%2Fwp%2Fv2%2Fcategories&post=54209"},{"taxonomy":"post_tag","embeddable":true,"href":"https:\/\/www.africanchallenges.com\/index.php?rest_route=%2Fwp%2Fv2%2Ftags&post=54209"}],"curies":[{"name":"wp","href":"https:\/\/api.w.org\/{rel}","templated":true}]}}