{"id":54158,"date":"2024-05-01T23:05:51","date_gmt":"2024-05-01T22:05:51","guid":{"rendered":"https:\/\/www.africanchallenges.com\/?p=54158"},"modified":"2024-05-01T23:06:00","modified_gmt":"2024-05-01T22:06:00","slug":"tunisieretour-sur-le-succes-retentissant-de-la-premiere-edition-du-congres-international-paroles-dame-a-tunis-la-tunisie-phare-damour-de-paix-et-de-guerison-pour-le-monde","status":"publish","type":"post","link":"https:\/\/www.africanchallenges.com\/?p=54158","title":{"rendered":"Tunisie: Retour sur le succ\u00e8s retentissant de la premi\u00e8re \u00e9dition du Congr\u00e8s international \u00ab\u00a0Paroles d&rsquo;\u00c2me\u00a0\u00bb \u00e0 Tunis , la Tunisie phare d\u2019amour, de paix et de gu\u00e9rison pour le monde !"},"content":{"rendered":"\n<p class=\"wp-block-paragraph\">Du 19 au 21 avril 2024, la Tunisie a accueilli avec grandeur la premi\u00e8re \u00e9dition du Congr\u00e8s international \u00ab\u00a0Paroles d&rsquo;\u00c2me\u00a0\u00bb, une \u00e9tape r\u00e9volutionnaire dans le monde arabe pour encourager le bien-\u00eatre int\u00e9gral et l&rsquo;\u00e9veil des esprits. Cet \u00e9v\u00e9nement m\u00e9morable, s&rsquo;\u00e9tendant sur trois jours, a offert une diversit\u00e9 d\u2019activit\u00e9s comprenant des conf\u00e9rences captivantes, des workshops enrichissants, des spectacles musicaux envo\u00fbtants ainsi qu\u2019une exposition riche et inspirante.<\/p>\n\n\n\n<p class=\"wp-block-paragraph\">Ce congr\u00e8s, a r\u00e9uni des participants et des intervenants internationaux, tous unis dans leur qu\u00eate collective d\u2019\u00e9volution personnelle et de transformation int\u00e9rieure, des conf\u00e9rences enrichissantes et des th\u00e9matiques vari\u00e9es.<\/p>\n\n\n\n<p class=\"wp-block-paragraph\">&nbsp;La premi\u00e8re journ\u00e9e du Congr\u00e8s \u00ab\u00a0Paroles d&rsquo;\u00c2me\u00a0\u00bb a \u00e9t\u00e9 consacr\u00e9e \u00e0 des conf\u00e9rences passionnantes couvrant quatre th\u00e9matiques diff\u00e9rentes.<\/p>\n\n\n\n<p class=\"wp-block-paragraph\">Le premier panel, intitul\u00e9 \u00ab\u00a0Unicit\u00e9 et Ascension Spirituelle\u00a0\u00bb, a explor\u00e9 la conscience monoth\u00e9iste et son lien avec l&rsquo;\u00e9volution spirituelle, offrant une r\u00e9flexion profonde sur la lib\u00e9ration int\u00e9rieure.<\/p>\n\n\n\n<p class=\"wp-block-paragraph\">Le deuxi\u00e8me panel, \u00ab\u00a0Gu\u00e9rison \u00e9nerg\u00e9tique et lib\u00e9ration \u00e9motionnelle\u00a0\u00bb, a pr\u00e9sent\u00e9 une vari\u00e9t\u00e9 d&rsquo;approches pour favoriser le bien-\u00eatre holistique, y compris des interventions remarquables sur la gu\u00e9rison \u00e9nerg\u00e9tique et la lib\u00e9ration \u00e9motionnelle.<\/p>\n\n\n\n<p class=\"wp-block-paragraph\">Le troisi\u00e8me panel, \u00ab\u00a0Exploration de la Conscience Corporelle et de la M\u00e9decine Int\u00e9grative\u00a0\u00bb, a mis en lumi\u00e8re des approches holistiques de la m\u00e9decine, de l&rsquo;alimentation vivante \u00e0 l&rsquo;impact des fr\u00e9quences sonores sur le corps.<\/p>\n\n\n\n<p class=\"wp-block-paragraph\">Enfin, le quatri\u00e8me panel, \u00ab\u00a0La physique quantique et la spiritualit\u00e9\u00a0\u00bb, a explor\u00e9 la convergence entre la science et la spiritualit\u00e9, offrant une perspective \u00e9largie sur notre existence et notre relation avec l&rsquo;univers.<\/p>\n\n\n\n<p class=\"wp-block-paragraph\">Des workshops pratiques et vari\u00e9s pour l&rsquo;\u00c9panouissement Personnel La deuxi\u00e8me et la troisi\u00e8me journ\u00e9e \u00e9taient d\u00e9di\u00e9es aux workshops qui sont la d\u00e9clinaison pratique de tous les aspects th\u00e9oriques discut\u00e9s lors de la premi\u00e8re journ\u00e9e.<\/p>\n\n\n\n<p class=\"wp-block-paragraph\">Ces workshops ont couvert une large gamme diversifi\u00e9e de techniques et th\u00e9matiques visant \u00e0 favoriser le bien-\u00eatre et l&rsquo;\u00e9panouissement personnel. Chaque workshop a offert une approche unique pour explorer et cultiver diff\u00e9rentes dimensions de la gu\u00e9rison et de la croissance. Certains se sont concentr\u00e9s sur la lib\u00e9ration des traumatismes pass\u00e9s et la promotion de la gu\u00e9rison \u00e9motionnelle et ont fourni des techniques pour rel\u00e2cher les tensions physiques et \u00e9motionnelles. Tandis que d&rsquo;autres ont fourni des outils pour identifier et briser les sch\u00e9mas de comportements toxiques. D&rsquo;autres encore ont explor\u00e9 les bienfaits de la m\u00e9ditation pour la paix int\u00e9rieure et la clart\u00e9 mentale, ou se sont pench\u00e9s sur l&rsquo;exploration des \u00e9nergies subtiles du corps et de l&rsquo;esprit et ont explor\u00e9 les diff\u00e9rentes dimensions de l&rsquo;\u00e9nergie humaine. Certains ont enseign\u00e9 les principes d&rsquo;une alimentation \u00e9quilibr\u00e9e pour une sant\u00e9 optimale, tandis que d&rsquo;autres ont c\u00e9l\u00e9br\u00e9 la diversit\u00e9 culturelle \u00e0 travers les danses universelles pour la paix.<\/p>\n\n\n\n<p class=\"wp-block-paragraph\">Les participants ont \u00e9galement eu l\u2019opportunit\u00e9 de d\u00e9couvrir et de d\u00e9battre des concepts plus avant-gardistes comme le respirianisme ou encore exp\u00e9rimenter les effets b\u00e9n\u00e9fiques des fr\u00e9quences sonores 432Hz sur le corps et l&rsquo;esprit.<\/p>\n\n\n\n<p class=\"wp-block-paragraph\">Soir\u00e9e networking : T\u00e9moignages de R\u00e9alisation de Soi et de Passion.<\/p>\n\n\n\n<p class=\"wp-block-paragraph\">&nbsp;La soir\u00e9e networking a \u00e9t\u00e9 marqu\u00e9e par une session de t\u00e9moignages inspirants o\u00f9 plusieurs participants et exposants passionn\u00e9s ont partag\u00e9 leur parcours vers la d\u00e9couverte de leur mission de vie et de leur passion. Chaque t\u00e9moignage a \u00e9t\u00e9 un r\u00e9cit puissant et personnel, d\u00e9crivant les d\u00e9fis surmont\u00e9s, les moments de doute et de r\u00e9flexion profonde, ainsi que les \u00e9clairs de clart\u00e9 et de motivation qui ont guid\u00e9 leur chemin.<\/p>\n\n\n\n<p class=\"wp-block-paragraph\"><strong>Des spectacles musicaux riches et envo\u00fbtants<\/strong><\/p>\n\n\n\n<p class=\"wp-block-paragraph\">La soir\u00e9e de la premi\u00e8re journ\u00e9e du congr\u00e8s a \u00e9t\u00e9 marqu\u00e9e de myst\u00e8re et de magie avec le groupe Jathb, accompagn\u00e9 de Dr. Olfa Youssef. Ils nous ont transport\u00e9s dans un voyage mystique \u00e0 travers les chants envo\u00fbtants du groupe Jathb et les interludes soufis captivants de Dr. Olfa Youssef, plongeant l&rsquo;auditoire dans la contemplation et la m\u00e9ditation profonde. Quant \u00e0 la soir\u00e9e de cl\u00f4ture, elle a \u00e9t\u00e9 marqu\u00e9e par une diversit\u00e9 et une richesse de styles musicaux avec Nabil Bouthina, Oumaima El Khalil, Hani Siblini et Michele La Paglia. L&rsquo;alchimie entre ces artistes talentueux a cr\u00e9\u00e9 un v\u00e9ritable feu d&rsquo;artifice de cr\u00e9ativit\u00e9 et d&rsquo;\u00e9motion sur sc\u00e8ne. L&rsquo;improvisation magistrale de Oumaima El Khalil et Hani Siblini, accompagn\u00e9s par les notes harmonieuses du sono-th\u00e9rapeute Michele La Paglia, a transport\u00e9 l&rsquo;auditoire dans un voyage sonore \u00e9poustouflant.<\/p>\n\n\n\n<p class=\"wp-block-paragraph\">Ce moment de fusion artistique a \u00e9t\u00e9 une v\u00e9ritable c\u00e9l\u00e9bration de la musique, de la cr\u00e9ativit\u00e9 et de la connexion humaine, laissant une empreinte ind\u00e9l\u00e9bile dans les c\u0153urs et les esprits de tous ceux qui ont eu le privil\u00e8ge d&rsquo;y assister.<\/p>\n\n\n\n<p class=\"wp-block-paragraph\"><strong>L\u2019exposition du bien \u00eatre et du d\u00e9veloppement personnel<\/strong><\/p>\n\n\n\n<p class=\"wp-block-paragraph\">L&rsquo;exposition organis\u00e9e en marge du congr\u00e8s a \u00e9t\u00e9 un rendez-vous incontournable, r\u00e9unissant les sponsors et les exposants \u0153uvrant dans le domaine du d\u00e9veloppement personnel et du bien\u00eatre. Cet espace dynamique a offert aux participants une opportunit\u00e9 pr\u00e9cieuse de d\u00e9couvrir une multitude de ressources, produits et services d\u00e9di\u00e9s \u00e0 l&rsquo;\u00e9panouissement personnel.<\/p>\n\n\n\n<p class=\"wp-block-paragraph\">Des stands proposant des livres inspirants, des outils de m\u00e9ditation, des techniques de relaxation, des produits naturels et biologiques, ainsi que des services de coaching et de th\u00e9rapie ont \u00e9t\u00e9 pr\u00e9sent\u00e9s avec passion et engagement. Les participants ont pu interagir avec les exposants, \u00e9changer des id\u00e9es et des exp\u00e9riences, et d\u00e9couvrir de nouvelles approches pour cultiver leur bien-\u00eatre et leur croissance personnelle.<\/p>\n\n\n\n<p class=\"wp-block-paragraph\">Cette exposition a \u00e9t\u00e9 un compl\u00e9ment enrichissant aux sessions du congr\u00e8s, offrant aux participants une immersion compl\u00e8te dans l&rsquo;univers du d\u00e9veloppement personnel et du bien-\u00eatre holistique.<\/p>\n\n\n\n<p class=\"wp-block-paragraph\">La Tunisie phare d\u2019amour, de paix et de gu\u00e9rison pour le monde ! L&rsquo;\u00e9nergie collective d\u2019amour qui \u00e9manait de tous les participants a v\u00e9ritablement marqu\u00e9 cet \u00e9v\u00e9nement.<\/p>\n\n\n\n<p class=\"wp-block-paragraph\">\u00a0Dans un monde souvent fragment\u00e9 par la division et les dissensions, le Congr\u00e8s \u00ab\u00a0Paroles d&rsquo;\u00c2me\u00a0\u00bb a brill\u00e9 comme un phare d&rsquo;amour, de paix et de gu\u00e9rison. R\u00e9unissant des personnes venues d&rsquo;horizons divers, ce congr\u00e8s a servi de catalyseur pour une vision partag\u00e9e : celle de b\u00e2tir un monde meilleur, tant pour eux-m\u00eames que pour l&rsquo;humanit\u00e9 tout enti\u00e8re. En offrant un espace o\u00f9 les id\u00e9es peuvent fleurir et o\u00f9 les c\u0153urs peuvent se connecter, ce congr\u00e8s n&rsquo;est que le d\u00e9but d&rsquo;une nouvelle \u00e8re de conscience et de bien-\u00eatre, o\u00f9 la collaboration et l&rsquo;harmonie pr\u00e9vaudront sur la division et la discorde.<\/p>\n\n\n\n<p class=\"wp-block-paragraph\"><strong>Avec Communiqu\u00e9<\/strong><\/p>\n","protected":false},"excerpt":{"rendered":"<p>Du 19 au 21 avril 2024, la Tunisie a accueilli avec grandeur la premi\u00e8re \u00e9dition du Congr\u00e8s international \u00ab\u00a0Paroles d&rsquo;\u00c2me\u00a0\u00bb, une \u00e9tape r\u00e9volutionnaire dans le monde arabe pour encourager le bien-\u00eatre int\u00e9gral et l&rsquo;\u00e9veil des esprits. Cet \u00e9v\u00e9nement m\u00e9morable, s&rsquo;\u00e9tendant sur trois jours, a offert une diversit\u00e9 d\u2019activit\u00e9s comprenant des conf\u00e9rences captivantes, des workshops enrichissants, [&hellip;]<\/p>\n","protected":false},"author":4,"featured_media":54159,"comment_status":"open","ping_status":"closed","sticky":false,"template":"","format":"standard","meta":{"content-type":"","jnews-multi-image_gallery":[],"jnews_single_post":{"subtitle":"","format":"standard","video":"","gallery":"","source_name":"","source_url":"","via_name":"","via_url":"","override_template":"0","override":[{"template":"1","single_blog_custom":"","parallax":"1","fullscreen":"1","layout":"right-sidebar","sidebar":"default-sidebar","second_sidebar":"default-sidebar","sticky_sidebar":"1","share_position":"top","share_float_style":"share-monocrhome","show_share_counter":"1","show_view_counter":"1","show_featured":"1","show_post_meta":"1","show_post_author":"1","show_post_author_image":"1","show_post_date":"1","post_date_format":"default","post_date_format_custom":"Y\/m\/d","show_post_category":"1","show_post_reading_time":"0","post_reading_time_wpm":"300","show_zoom_button":"0","zoom_button_out_step":"2","zoom_button_in_step":"3","show_post_tag":"1","show_prev_next_post":"1","show_popup_post":"1","number_popup_post":"1","show_author_box":"0","show_post_related":"0","show_inline_post_related":"0"}],"override_image_size":"0","image_override":[{"single_post_thumbnail_size":"crop-500","single_post_gallery_size":"crop-500"}],"trending_post":"0","trending_post_position":"meta","trending_post_label":"Trending","sponsored_post":"0","sponsored_post_label":"Sponsored by","sponsored_post_name":"","sponsored_post_url":"","sponsored_post_logo_enable":"0","sponsored_post_logo":"","sponsored_post_desc":"","disable_ad":"0"},"jnews_primary_category":{"id":"","hide":""},"jnews_override_bookmark_settings":[],"jnews_review":[],"enable_review":"","type":"","name":"","summary":"","brand":"","sku":"","good":[],"bad":[],"score_override":"","override_value":"","rating":[],"price":[],"jnews_post_split":[],"footnotes":""},"categories":[17],"tags":[732,2985,11994,380],"class_list":["post-54158","post","type-post","status-publish","format-standard","has-post-thumbnail","hentry","category-entertainment","tag-monde","tag-paix","tag-paroles-dame","tag-tunis"],"_links":{"self":[{"href":"https:\/\/www.africanchallenges.com\/index.php?rest_route=\/wp\/v2\/posts\/54158","targetHints":{"allow":["GET"]}}],"collection":[{"href":"https:\/\/www.africanchallenges.com\/index.php?rest_route=\/wp\/v2\/posts"}],"about":[{"href":"https:\/\/www.africanchallenges.com\/index.php?rest_route=\/wp\/v2\/types\/post"}],"author":[{"embeddable":true,"href":"https:\/\/www.africanchallenges.com\/index.php?rest_route=\/wp\/v2\/users\/4"}],"replies":[{"embeddable":true,"href":"https:\/\/www.africanchallenges.com\/index.php?rest_route=%2Fwp%2Fv2%2Fcomments&post=54158"}],"version-history":[{"count":2,"href":"https:\/\/www.africanchallenges.com\/index.php?rest_route=\/wp\/v2\/posts\/54158\/revisions"}],"predecessor-version":[{"id":54161,"href":"https:\/\/www.africanchallenges.com\/index.php?rest_route=\/wp\/v2\/posts\/54158\/revisions\/54161"}],"wp:featuredmedia":[{"embeddable":true,"href":"https:\/\/www.africanchallenges.com\/index.php?rest_route=\/wp\/v2\/media\/54159"}],"wp:attachment":[{"href":"https:\/\/www.africanchallenges.com\/index.php?rest_route=%2Fwp%2Fv2%2Fmedia&parent=54158"}],"wp:term":[{"taxonomy":"category","embeddable":true,"href":"https:\/\/www.africanchallenges.com\/index.php?rest_route=%2Fwp%2Fv2%2Fcategories&post=54158"},{"taxonomy":"post_tag","embeddable":true,"href":"https:\/\/www.africanchallenges.com\/index.php?rest_route=%2Fwp%2Fv2%2Ftags&post=54158"}],"curies":[{"name":"wp","href":"https:\/\/api.w.org\/{rel}","templated":true}]}}