{"id":54070,"date":"2024-04-25T22:22:33","date_gmt":"2024-04-25T21:22:33","guid":{"rendered":"https:\/\/www.africanchallenges.com\/?p=54070"},"modified":"2024-04-25T22:22:35","modified_gmt":"2024-04-25T21:22:35","slug":"tunisie-lancement-du-gabes-cinema-fen-une-programmation-qui-transcende-lhistoire-de-la-resistance-palestinienne-et-les-luttes-des-peuples-contre-la-colonisation-et-loppression","status":"publish","type":"post","link":"https:\/\/www.africanchallenges.com\/?p=54070","title":{"rendered":"Tunisie : Lancement du Gab\u00e8s Cin\u00e9ma Fen, une programmation qui transcende l&rsquo;histoire de la r\u00e9sistance Palestinienne et les luttes des peuples contre la colonisation et l\u2019oppression\u00a0"},"content":{"rendered":"\n<p class=\"wp-block-paragraph\">Le Festival Gab\u00e8s Cin\u00e9ma Fen est de retour pour une nouvelle \u00e9dition. Du 27 avril au 1er mai, Gab\u00e8s ouvre \u00e0 nouveau ses portes pour accueillir un nombre de cin\u00e9philes qui ne cesse de croitre chaque ann\u00e9e, en particulier ceux qui voient dans le cin\u00e9ma un acte de r\u00e9sistance et qui militent en faveur des marginaux et des causes justes, qu&rsquo;elles soient lib\u00e9ratrices ou environnementales. Le cin\u00e9ma est per\u00e7u comme un cri contre les injustices du monde, une expression culturelle et esth\u00e9tique originale.<\/p>\n\n\n\n<p class=\"wp-block-paragraph\">Depuis son lancement, les organisateurs du Festival Gab\u00e8s Cin\u00e9ma Fen ont choisi de rester fid\u00e8les au cin\u00e9ma de r\u00e9sistance, au dialogue Sud-Sud et aux expressions artistiques respectueuses de l&rsquo;intelligence des spectateurs.<\/p>\n\n\n\n<p class=\"wp-block-paragraph\">Cette ann\u00e9e, en plus de maintenir les th\u00e9matiques habituelles de la r\u00e9sistance artistique, le festival est marqu\u00e9 par une autre douleur alors qu\u2019un acte de g\u00e9nocide frappe \u00e0 Gaza, un crime de guerre, tentant d&rsquo;arracher le r\u00eave, extraire l&rsquo;arbre et l&rsquo;homme de leur racine.&nbsp;!<\/p>\n\n\n\n<p class=\"wp-block-paragraph\">Les organisateurs ont d\u00e9cid\u00e9 de placer la Palestine au c\u0153ur du festival pour cette 6<sup>\u00e8me<\/sup> \u00e9dition. Une r\u00e9flexion profonde sur l&rsquo;identit\u00e9 palestinienne et la condition humaine dans un contexte de conflit et d&rsquo;injustice mettant en avant le cin\u00e9ma engag\u00e9 dans tous ses d\u00e9tails, de l&rsquo;histoire aux symboles d\u2019une lutte sans fin, comme Ghassan Kanafani, l\u2019auteur palestinien dont les mots ne peuvent \u00eatre assassin\u00e9s ni emprisonn\u00e9s, et Hani Jawharia, en passant par le cin\u00e9ma de la diaspora et celui qui explore le futur avec les nouvelles plateformes multim\u00e9dia.<\/p>\n\n\n\n<p class=\"wp-block-paragraph\">Les questions de lib\u00e9ration, abord\u00e9es artistiquement cette ann\u00e9e, s&rsquo;\u00e9tendent de la r\u00e9sistance arm\u00e9e \u00e0 la d\u00e9fense de l&rsquo;existence humaine et culturelle, comme illustr\u00e9 par le cin\u00e9ma d&rsquo;Am\u00e9rique du Sud exposant les \u00e9victions au Br\u00e9sil et dans l&rsquo;Amazonie.<\/p>\n\n\n\n<p class=\"wp-block-paragraph\">Au Festival Gab\u00e8s Cin\u00e9ma Fen, la solidarit\u00e9 autour des causes justes reste forte, qu&rsquo;il s&rsquo;agisse de la Palestine, de l&rsquo;Am\u00e9rique du Sud, de l&rsquo;Asie, de l&rsquo;Afrique ou des urgences environnementales locales.<\/p>\n\n\n\n<p class=\"wp-block-paragraph\"><strong>Art vid\u00e9o \u00ab\u00a0EL KASMA\u00a0\u00bb, supervis\u00e9e par Malek Gnaoui et Fatma Kilani<\/strong><\/p>\n\n\n\n<p class=\"wp-block-paragraph\">EL KASMA est une exposition internationale d&rsquo;arts num\u00e9riques qui est organis\u00e9e chaque ann\u00e9e sur la corniche de Gab\u00e8s, \u00e0 quelques m\u00e8tres du bunker de la Seconde Guerre mondiale qui a donn\u00e9 son nom \u00e0 EL KASMA.<\/p>\n\n\n\n<p class=\"wp-block-paragraph\">Cette exposition collabore avec des artistes vid\u00e9o tunisiens et internationaux, et en tant que pilier de la section vid\u00e9o du Festival, les organisateurs sont charg\u00e9s de choisir le th\u00e8me et les \u0153uvres de l&rsquo;exposition. Cela offre au public de Gab\u00e8s l&rsquo;opportunit\u00e9 de d\u00e9couvrir des propositions percutantes li\u00e9es \u00e0 l&rsquo;image et au contexte politique, social, culturel, technologique ou environnemental actuel, dans des conteneurs repr\u00e9sentant une all\u00e9gorie du bunker connu sous le m\u00eame nom.<\/p>\n\n\n\n<p class=\"wp-block-paragraph\">Des ateliers pour enfants sont \u00e9galement organis\u00e9s sur la plage adjacente \u00e0 l&rsquo;exposition, pour d\u00e9coder les processus de cr\u00e9ation d&rsquo;images anim\u00e9es \u00e0 travers diff\u00e9rentes techniques et m\u00e9thodes.<\/p>\n\n\n\n<p class=\"wp-block-paragraph\"><strong>Section de la r\u00e9alit\u00e9 virtuelle supervis\u00e9e par Mohamed Arabi Soualehiya<\/strong><\/p>\n\n\n\n<p class=\"wp-block-paragraph\">Cette section met en lumi\u00e8re les \u0153uvres d&rsquo;art utilisant les techniques de r\u00e9alit\u00e9 virtuelle pour offrir des exp\u00e9riences cin\u00e9matographiques uniques, explorant de nouvelles fronti\u00e8res de narration.<\/p>\n\n\n\n<p class=\"wp-block-paragraph\">L&rsquo;objectif est de permettre aux visiteurs de d\u00e9couvrir des histoires captivantes en utilisant des technologies avanc\u00e9es \u00e0 travers des casques de r\u00e9alit\u00e9 virtuelle, pr\u00e9sentant ainsi de nouvelles fa\u00e7ons de raconter des histoires et des exp\u00e9riences excitantes et amusantes.<\/p>\n","protected":false},"excerpt":{"rendered":"<p>Le Festival Gab\u00e8s Cin\u00e9ma Fen est de retour pour une nouvelle \u00e9dition. Du 27 avril au 1er mai, Gab\u00e8s ouvre \u00e0 nouveau ses portes pour accueillir un nombre de cin\u00e9philes qui ne cesse de croitre chaque ann\u00e9e, en particulier ceux qui voient dans le cin\u00e9ma un acte de r\u00e9sistance et qui militent en faveur des [&hellip;]<\/p>\n","protected":false},"author":4,"featured_media":54071,"comment_status":"open","ping_status":"closed","sticky":false,"template":"","format":"standard","meta":{"content-type":"","jnews-multi-image_gallery":[],"jnews_single_post":{"subtitle":"","format":"standard","video":"","gallery":"","source_name":"","source_url":"","via_name":"","via_url":"","override_template":"0","override":[{"template":"1","single_blog_custom":"","parallax":"1","fullscreen":"1","layout":"right-sidebar","sidebar":"default-sidebar","second_sidebar":"default-sidebar","sticky_sidebar":"1","share_position":"top","share_float_style":"share-monocrhome","show_share_counter":"1","show_view_counter":"1","show_featured":"1","show_post_meta":"1","show_post_author":"1","show_post_author_image":"1","show_post_date":"1","post_date_format":"default","post_date_format_custom":"Y\/m\/d","show_post_category":"1","show_post_reading_time":"0","post_reading_time_wpm":"300","show_zoom_button":"0","zoom_button_out_step":"2","zoom_button_in_step":"3","show_post_tag":"1","show_prev_next_post":"1","show_popup_post":"1","number_popup_post":"1","show_author_box":"0","show_post_related":"0","show_inline_post_related":"0"}],"override_image_size":"0","image_override":[{"single_post_thumbnail_size":"crop-500","single_post_gallery_size":"crop-500"}],"trending_post":"0","trending_post_position":"meta","trending_post_label":"Trending","sponsored_post":"0","sponsored_post_label":"Sponsored by","sponsored_post_name":"","sponsored_post_url":"","sponsored_post_logo_enable":"0","sponsored_post_logo":"","sponsored_post_desc":"","disable_ad":"0"},"jnews_primary_category":{"id":"","hide":""},"jnews_override_bookmark_settings":[],"jnews_review":[],"enable_review":"","type":"","name":"","summary":"","brand":"","sku":"","good":[],"bad":[],"score_override":"","override_value":"","rating":[],"price":[],"jnews_post_split":[],"footnotes":""},"categories":[17],"tags":[11963,8221,759,10951],"class_list":["post-54070","post","type-post","status-publish","format-standard","has-post-thumbnail","hentry","category-entertainment","tag-colonisation","tag-gabes-cinema-fen","tag-lancement","tag-resistance-palestinienne"],"_links":{"self":[{"href":"https:\/\/www.africanchallenges.com\/index.php?rest_route=\/wp\/v2\/posts\/54070","targetHints":{"allow":["GET"]}}],"collection":[{"href":"https:\/\/www.africanchallenges.com\/index.php?rest_route=\/wp\/v2\/posts"}],"about":[{"href":"https:\/\/www.africanchallenges.com\/index.php?rest_route=\/wp\/v2\/types\/post"}],"author":[{"embeddable":true,"href":"https:\/\/www.africanchallenges.com\/index.php?rest_route=\/wp\/v2\/users\/4"}],"replies":[{"embeddable":true,"href":"https:\/\/www.africanchallenges.com\/index.php?rest_route=%2Fwp%2Fv2%2Fcomments&post=54070"}],"version-history":[{"count":1,"href":"https:\/\/www.africanchallenges.com\/index.php?rest_route=\/wp\/v2\/posts\/54070\/revisions"}],"predecessor-version":[{"id":54072,"href":"https:\/\/www.africanchallenges.com\/index.php?rest_route=\/wp\/v2\/posts\/54070\/revisions\/54072"}],"wp:featuredmedia":[{"embeddable":true,"href":"https:\/\/www.africanchallenges.com\/index.php?rest_route=\/wp\/v2\/media\/54071"}],"wp:attachment":[{"href":"https:\/\/www.africanchallenges.com\/index.php?rest_route=%2Fwp%2Fv2%2Fmedia&parent=54070"}],"wp:term":[{"taxonomy":"category","embeddable":true,"href":"https:\/\/www.africanchallenges.com\/index.php?rest_route=%2Fwp%2Fv2%2Fcategories&post=54070"},{"taxonomy":"post_tag","embeddable":true,"href":"https:\/\/www.africanchallenges.com\/index.php?rest_route=%2Fwp%2Fv2%2Ftags&post=54070"}],"curies":[{"name":"wp","href":"https:\/\/api.w.org\/{rel}","templated":true}]}}