{"id":54048,"date":"2024-04-24T17:39:48","date_gmt":"2024-04-24T16:39:48","guid":{"rendered":"https:\/\/www.africanchallenges.com\/?p=54048"},"modified":"2024-04-24T17:39:50","modified_gmt":"2024-04-24T16:39:50","slug":"tunisie-le-gouvernement-tunisien-annonce-des-decisions-pour-les-tunisiens-a-letranger-500-billets-a-tarifs-reduits-hausse-des-guichets-denregistrement","status":"publish","type":"post","link":"https:\/\/www.africanchallenges.com\/?p=54048","title":{"rendered":"Tunisie : Le gouvernement Tunisien annonce des d\u00e9cisions pour les Tunisiens \u00e0 l\u2019\u00e9tranger, 500 billets \u00e0 tarifs r\u00e9duits, hausse des guichets d\u2019enregistrement\u2026"},"content":{"rendered":"\n<p class=\"wp-block-paragraph\">Le chef du gouvernement, Ahmed Hachani, a pr\u00e9sid\u00e9 hier, mardi 23 avril 2024, une s\u00e9ance minist\u00e9rielle autour des pr\u00e9paratifs du retour des Tunisiens de l\u2019\u00e9tranger \u00e0 la terre patrie, pendant la saison estivale, en pr\u00e9sence des ministres de l\u2019Int\u00e9rieur, des Affaires \u00e9trang\u00e8res, des Finances, des Affaires sociales, de Equipement et de l\u2019Habitat, du Tourisme, outre le Directeur G\u00e9n\u00e9ral de la Douane, le PDG de la compagnie Tunisair, le PDG de la CTN, et le Directeur G\u00e9n\u00e9ral de l\u2019Office de l\u2019aviation civile et des a\u00e9roports (OACA).<\/p>\n\n\n\n<p class=\"wp-block-paragraph\">Ahmed Hachani a appel\u00e9, en pr\u00e9lude, \u00e0 parfaire la coordination sur les plans organisationnel et logistique entre tous les intervenants, en&nbsp; vue de prendre en charge les Tunisiens r\u00e9sidant \u00e0 l\u2019\u00e9tranger, en se pr\u00e9parant \u00e0 leur assurer toutes les conditions propices et les services de qualit\u00e9, pour&nbsp; faire r\u00e9ussir la saison de retour au bercail pendant l\u2019\u00e9t\u00e9.<\/p>\n\n\n\n<p class=\"wp-block-paragraph\">Les ministres se sont engag\u00e9s \u00e0 assurer la coordination entre leurs diff\u00e9rents services, et toutes les parties prenantes pour aplanir les difficult\u00e9s, et faire r\u00e9ussir la saison de retour des Tunisiens \u00e0 l\u2019\u00e9tranger pendant l\u2019\u00e9t\u00e9.<\/p>\n\n\n\n<p class=\"wp-block-paragraph\">La ministre de l\u2019Equipement et de l\u2019Habitat, charg\u00e9 de la gestion du minist\u00e8re du Transport, a d\u00e9voil\u00e9 l\u2019\u00e9tat d\u2019avancement des pr\u00e9paratifs dans le secteur du&nbsp; transport pour le retour de nos compatriotes expatri\u00e9s. Comme elle a tenu au courant les participants, autour de la strat\u00e9gie de communication programm\u00e9e, pour les prendre en charge, outre les nouvelles applications \u00e0 m\u00eame de faciliter les prestations qui leur sont destin\u00e9es, notamment douani\u00e8res.<\/p>\n\n\n\n<p class=\"wp-block-paragraph\">Apr\u00e8s discussions, les d\u00e9cisions suivantes ont \u00e9t\u00e9 prises :<\/p>\n\n\n\n<p class=\"wp-block-paragraph\">*Appel du minist\u00e8re de l\u2019Int\u00e9rieur, en coordination avec les services de la direction g\u00e9n\u00e9rale de la Douane, \u00e0 la mise en place d\u2019une plateforme \u00e9lectronique, pour faciliter le traitement des demandes de FCR, ainsi que des services l\u00e9gislatifs du gouvernement \u00e0 acc\u00e9l\u00e9rer la parution d\u2019un d\u00e9cret-loi, relatif au FCR ;<\/p>\n\n\n\n<p class=\"wp-block-paragraph\">*Consacrer 500 billets d\u2019avion \u00e0 tarifs r\u00e9duits, pour les familles d\u00e9munies parmi les enfants de la colonie (200 billets \u00e0 bord de la CTN et 300 billets \u00e0 bord de Tunisair) ;<\/p>\n\n\n\n<p class=\"wp-block-paragraph\">*Am\u00e9nager l\u2019espace externe des passagers au port de la Goulette, doubler le nombre de guichets d\u2019enregistrement de 18 \u00e0 36 pour le retour de la colonie tunisienne ;<\/p>\n\n\n\n<p class=\"wp-block-paragraph\">*Consacrer un guichet de formalit\u00e9s frontali\u00e8res destin\u00e9, uniquement, aux personnes \u00e0 besoins sp\u00e9cifiques, personnes \u00e2g\u00e9es, et femmes enceintes ;<\/p>\n\n\n\n<p class=\"wp-block-paragraph\">*Cr\u00e9er un espace sp\u00e9cial pour le retrait des documents de voyage pour les Tunisiens \u00e0 l\u2019\u00e9tranger, au sein de la direction g\u00e9n\u00e9rale de la police des fronti\u00e8res et des \u00e9trangers ;<\/p>\n\n\n\n<p class=\"wp-block-paragraph\">*Cr\u00e9er des bureaux pour l\u2019admission et le retrait du passeport \u00e0 l\u2019a\u00e9roport de Tunis-Carthage, et aux ports de la Goulette et de Zarzis ;<\/p>\n\n\n\n<p class=\"wp-block-paragraph\">*Appel des services de la douane&nbsp; tunisienne, \u00e0 r\u00e9duire les d\u00e9lais d\u2019attente des passagers, en t\u00e2chant \u00e0 consacrer des parcours pour les passagers n\u2019ayant pas de marchandises ;<\/p>\n\n\n\n<p class=\"wp-block-paragraph\">*Appuyer le port de la Goulette par des services de change ;<\/p>\n\n\n\n<p class=\"wp-block-paragraph\">*Appeler le minist\u00e8re des Technologies de la Communication \u00e0 appuyer les services de contr\u00f4le technique des appareils technologiques dans les ports et a\u00e9roports ;<\/p>\n\n\n\n<p class=\"wp-block-paragraph\">*Appeler le minist\u00e8re du Transport a consolider le syst\u00e8me de climatisation au sein des a\u00e9roports, en ayant recours \u00e0 l\u2019a\u00e9rogare des p\u00e8lerins (Terminal 2), \u00e0 l\u2019a\u00e9roport Tunis-Carthage ;<\/p>\n\n\n\n<p class=\"wp-block-paragraph\">*Appeler le minist\u00e8re du Transport, \u00e0 r\u00e9unir tous les moyens logistiques pour le transport des passages de et vers Tunis (Navette A\u00e9roport).<\/p>\n","protected":false},"excerpt":{"rendered":"<p>Le chef du gouvernement, Ahmed Hachani, a pr\u00e9sid\u00e9 hier, mardi 23 avril 2024, une s\u00e9ance minist\u00e9rielle autour des pr\u00e9paratifs du retour des Tunisiens de l\u2019\u00e9tranger \u00e0 la terre patrie, pendant la saison estivale, en pr\u00e9sence des ministres de l\u2019Int\u00e9rieur, des Affaires \u00e9trang\u00e8res, des Finances, des Affaires sociales, de Equipement et de l\u2019Habitat, du Tourisme, outre [&hellip;]<\/p>\n","protected":false},"author":4,"featured_media":54049,"comment_status":"open","ping_status":"closed","sticky":false,"template":"","format":"standard","meta":{"content-type":"","jnews-multi-image_gallery":[],"jnews_single_post":{"subtitle":"","format":"standard","video":"","gallery":"","source_name":"","source_url":"","via_name":"","via_url":"","override_template":"0","override":[{"template":"1","single_blog_custom":"","parallax":"1","fullscreen":"1","layout":"right-sidebar","sidebar":"default-sidebar","second_sidebar":"default-sidebar","sticky_sidebar":"1","share_position":"top","share_float_style":"share-monocrhome","show_share_counter":"1","show_view_counter":"1","show_featured":"1","show_post_meta":"1","show_post_author":"1","show_post_author_image":"1","show_post_date":"1","post_date_format":"default","post_date_format_custom":"Y\/m\/d","show_post_category":"1","show_post_reading_time":"0","post_reading_time_wpm":"300","show_zoom_button":"0","zoom_button_out_step":"2","zoom_button_in_step":"3","show_post_tag":"1","show_prev_next_post":"1","show_popup_post":"1","number_popup_post":"1","show_author_box":"0","show_post_related":"0","show_inline_post_related":"0"}],"override_image_size":"0","image_override":[{"single_post_thumbnail_size":"crop-500","single_post_gallery_size":"crop-500"}],"trending_post":"0","trending_post_position":"meta","trending_post_label":"Trending","sponsored_post":"0","sponsored_post_label":"Sponsored by","sponsored_post_name":"","sponsored_post_url":"","sponsored_post_logo_enable":"0","sponsored_post_logo":"","sponsored_post_desc":"","disable_ad":"0"},"jnews_primary_category":{"id":"","hide":""},"jnews_override_bookmark_settings":[],"jnews_review":[],"enable_review":"","type":"","name":"","summary":"","brand":"","sku":"","good":[],"bad":[],"score_override":"","override_value":"","rating":[],"price":[],"jnews_post_split":[],"footnotes":""},"categories":[2],"tags":[6146,1682,11955],"class_list":["post-54048","post","type-post","status-publish","format-standard","has-post-thumbnail","hentry","category-news-politique","tag-decisions","tag-gouvernement","tag-tunisiens-a-letranger-2"],"_links":{"self":[{"href":"https:\/\/www.africanchallenges.com\/index.php?rest_route=\/wp\/v2\/posts\/54048","targetHints":{"allow":["GET"]}}],"collection":[{"href":"https:\/\/www.africanchallenges.com\/index.php?rest_route=\/wp\/v2\/posts"}],"about":[{"href":"https:\/\/www.africanchallenges.com\/index.php?rest_route=\/wp\/v2\/types\/post"}],"author":[{"embeddable":true,"href":"https:\/\/www.africanchallenges.com\/index.php?rest_route=\/wp\/v2\/users\/4"}],"replies":[{"embeddable":true,"href":"https:\/\/www.africanchallenges.com\/index.php?rest_route=%2Fwp%2Fv2%2Fcomments&post=54048"}],"version-history":[{"count":1,"href":"https:\/\/www.africanchallenges.com\/index.php?rest_route=\/wp\/v2\/posts\/54048\/revisions"}],"predecessor-version":[{"id":54050,"href":"https:\/\/www.africanchallenges.com\/index.php?rest_route=\/wp\/v2\/posts\/54048\/revisions\/54050"}],"wp:featuredmedia":[{"embeddable":true,"href":"https:\/\/www.africanchallenges.com\/index.php?rest_route=\/wp\/v2\/media\/54049"}],"wp:attachment":[{"href":"https:\/\/www.africanchallenges.com\/index.php?rest_route=%2Fwp%2Fv2%2Fmedia&parent=54048"}],"wp:term":[{"taxonomy":"category","embeddable":true,"href":"https:\/\/www.africanchallenges.com\/index.php?rest_route=%2Fwp%2Fv2%2Fcategories&post=54048"},{"taxonomy":"post_tag","embeddable":true,"href":"https:\/\/www.africanchallenges.com\/index.php?rest_route=%2Fwp%2Fv2%2Ftags&post=54048"}],"curies":[{"name":"wp","href":"https:\/\/api.w.org\/{rel}","templated":true}]}}