{"id":53942,"date":"2024-04-17T22:24:12","date_gmt":"2024-04-17T21:24:12","guid":{"rendered":"https:\/\/www.africanchallenges.com\/?p=53942"},"modified":"2024-04-17T22:25:15","modified_gmt":"2024-04-17T21:25:15","slug":"la-tunisie-ne-pouvait-etre-le-pays-daccueil-des-migrants-en-provenance-de-leurope-selon-la-presidente-du-conseil-italien-giorgia-meloni","status":"publish","type":"post","link":"https:\/\/www.africanchallenges.com\/?p=53942","title":{"rendered":"La Tunisie ne pouvait \u00eatre le pays d\u2019accueil des migrants en provenance de l\u2019Europe selon la pr\u00e9sidente du Conseil italien, Giorgia Meloni"},"content":{"rendered":"\n<p class=\"wp-block-paragraph\">La pr\u00e9sidente du Conseil italien, Giorgia Meloni, a d\u00e9clar\u00e9, ce mercredi 17 avril \u00e0 Tunis, que \u00ab les relations entre la Tunisie et l\u2019Italie reposent sur une nouvelle approche, selon des rapports d\u2019\u00e9gal \u00e0 \u00e9gal et l\u2019int\u00e9r\u00eat r\u00e9ciproque \u00bb.<\/p>\n\n\n\n<p class=\"wp-block-paragraph\">Dans une d\u00e9claration vid\u00e9o post\u00e9e par la partie italienne, Giorgia Meloni, a indiqu\u00e9 que \u00ab les relations entre les deux pays se sont consolid\u00e9es, \u00e0 travers la relation personnelle qui la lie au pr\u00e9sident Sa\u00efed \u00bb.<\/p>\n\n\n\n<p class=\"wp-block-paragraph\">Cette visite, quatri\u00e8me du genre de Meloni en Tunisie, confirme \u00ab la relation nouvelle instaur\u00e9e entre deux pays, historiquement amis \u00bb.<\/p>\n\n\n\n<p class=\"wp-block-paragraph\">Giorgia Meloni a d\u00e9clar\u00e9 qu&rsquo; \u00bbil \u00e9tait n\u00e9cessaire, que l\u2019Italie et la Tunisie travaillent ensemble pour combattre les esclavagistes du 3\u00e8me mill\u00e9naire, ainsi que les organisations de la Mafia qui croient pouvoir exploiter les aspirations l\u00e9gitimes de ceux qui souhaitent une vie meilleure, pour un gain d\u2019argent facile. \u00bb, selon l\u2019agence de presse, Nova, <\/p>\n\n\n\n<p class=\"wp-block-paragraph\">La pr\u00e9sidente du Conseil italien a remerci\u00e9 les autorit\u00e9s tunisiennes pour le travail que l\u2019on essaie d\u2019accomplir ensemble, contre les responsables de la traite des personnes.<\/p>\n\n\n\n<p class=\"wp-block-paragraph\">Elle a ajout\u00e9 que \u00ab la relation strat\u00e9gique, extr\u00eamement importante, avec la Tunisie, repr\u00e9sente l\u2019une des principales priorit\u00e9s de l\u2019Italie \u00bb, signalant que l\u2019action est men\u00e9e sur le plan bilat\u00e9ral, mais aussi sur celui multilat\u00e9ral.<\/p>\n\n\n\n<p class=\"wp-block-paragraph\">La pr\u00e9sidente du Conseil italien a, encore, d\u00e9clar\u00e9 que \u00ab la Tunisie ne pouvait \u00eatre le pays d\u2019accueil des migrants en provenance de l\u2019Europe \u00bb.<\/p>\n\n\n\n<p class=\"wp-block-paragraph\">\u00ab Nous avons besoin de renforcer la coop\u00e9ration dans ce domaine ; nous souhaitons impliquer les organisations internationales et \u0153uvrer pour assurer les op\u00e9rations de rapatriement \u00bb, a-t-elle soulign\u00e9.<\/p>\n\n\n\n<p class=\"wp-block-paragraph\">Meloni a, par ailleurs, affirm\u00e9 que l\u2019Italie veut particuli\u00e8rement travailler sur les flux r\u00e9guliers, signalant que le programme, \u00e0 cet effet, pr\u00e9voit l\u2019entr\u00e9e l\u00e9gale de 12 mille tunisiens, qualifi\u00e9s, en Italie. \u00ab L\u2019Italie pourrait faire beaucoup sur le front de la migration r\u00e9guli\u00e8re \u00bb, a-t-elle admis.<\/p>\n\n\n\n<p class=\"wp-block-paragraph\"><\/p>\n","protected":false},"excerpt":{"rendered":"<p>La pr\u00e9sidente du Conseil italien, Giorgia Meloni, a d\u00e9clar\u00e9, ce mercredi 17 avril \u00e0 Tunis, que \u00ab les relations entre la Tunisie et l\u2019Italie reposent sur une nouvelle approche, selon des rapports d\u2019\u00e9gal \u00e0 \u00e9gal et l\u2019int\u00e9r\u00eat r\u00e9ciproque \u00bb. Dans une d\u00e9claration vid\u00e9o post\u00e9e par la partie italienne, Giorgia Meloni, a indiqu\u00e9 que \u00ab les [&hellip;]<\/p>\n","protected":false},"author":4,"featured_media":53943,"comment_status":"open","ping_status":"closed","sticky":false,"template":"","format":"standard","meta":{"content-type":"","jnews-multi-image_gallery":[],"jnews_single_post":{"subtitle":"","format":"standard","video":"","gallery":"","source_name":"","source_url":"","via_name":"","via_url":"","override_template":"0","override":[{"template":"1","single_blog_custom":"","parallax":"1","fullscreen":"1","layout":"right-sidebar","sidebar":"default-sidebar","second_sidebar":"default-sidebar","sticky_sidebar":"1","share_position":"top","share_float_style":"share-monocrhome","show_share_counter":"1","show_view_counter":"1","show_featured":"1","show_post_meta":"1","show_post_author":"1","show_post_author_image":"1","show_post_date":"1","post_date_format":"default","post_date_format_custom":"Y\/m\/d","show_post_category":"1","show_post_reading_time":"0","post_reading_time_wpm":"300","show_zoom_button":"0","zoom_button_out_step":"2","zoom_button_in_step":"3","show_post_tag":"1","show_prev_next_post":"1","show_popup_post":"1","number_popup_post":"1","show_author_box":"0","show_post_related":"0","show_inline_post_related":"0"}],"override_image_size":"0","image_override":[{"single_post_thumbnail_size":"crop-500","single_post_gallery_size":"crop-500"}],"trending_post":"0","trending_post_position":"meta","trending_post_label":"Trending","sponsored_post":"0","sponsored_post_label":"Sponsored by","sponsored_post_name":"","sponsored_post_url":"","sponsored_post_logo_enable":"0","sponsored_post_logo":"","sponsored_post_desc":"","disable_ad":"0"},"jnews_primary_category":{"id":"","hide":""},"jnews_override_bookmark_settings":[],"jnews_review":[],"enable_review":"","type":"","name":"","summary":"","brand":"","sku":"","good":[],"bad":[],"score_override":"","override_value":"","rating":[],"price":[],"jnews_post_split":[],"footnotes":""},"categories":[2],"tags":[6067,10439,5696,54],"class_list":["post-53942","post","type-post","status-publish","format-standard","has-post-thumbnail","hentry","category-news-politique","tag-europe","tag-giorgia-meloni","tag-migrants","tag-tunisie"],"_links":{"self":[{"href":"https:\/\/www.africanchallenges.com\/index.php?rest_route=\/wp\/v2\/posts\/53942","targetHints":{"allow":["GET"]}}],"collection":[{"href":"https:\/\/www.africanchallenges.com\/index.php?rest_route=\/wp\/v2\/posts"}],"about":[{"href":"https:\/\/www.africanchallenges.com\/index.php?rest_route=\/wp\/v2\/types\/post"}],"author":[{"embeddable":true,"href":"https:\/\/www.africanchallenges.com\/index.php?rest_route=\/wp\/v2\/users\/4"}],"replies":[{"embeddable":true,"href":"https:\/\/www.africanchallenges.com\/index.php?rest_route=%2Fwp%2Fv2%2Fcomments&post=53942"}],"version-history":[{"count":2,"href":"https:\/\/www.africanchallenges.com\/index.php?rest_route=\/wp\/v2\/posts\/53942\/revisions"}],"predecessor-version":[{"id":53945,"href":"https:\/\/www.africanchallenges.com\/index.php?rest_route=\/wp\/v2\/posts\/53942\/revisions\/53945"}],"wp:featuredmedia":[{"embeddable":true,"href":"https:\/\/www.africanchallenges.com\/index.php?rest_route=\/wp\/v2\/media\/53943"}],"wp:attachment":[{"href":"https:\/\/www.africanchallenges.com\/index.php?rest_route=%2Fwp%2Fv2%2Fmedia&parent=53942"}],"wp:term":[{"taxonomy":"category","embeddable":true,"href":"https:\/\/www.africanchallenges.com\/index.php?rest_route=%2Fwp%2Fv2%2Fcategories&post=53942"},{"taxonomy":"post_tag","embeddable":true,"href":"https:\/\/www.africanchallenges.com\/index.php?rest_route=%2Fwp%2Fv2%2Ftags&post=53942"}],"curies":[{"name":"wp","href":"https:\/\/api.w.org\/{rel}","templated":true}]}}