{"id":53692,"date":"2024-03-26T22:00:07","date_gmt":"2024-03-26T21:00:07","guid":{"rendered":"https:\/\/www.africanchallenges.com\/?p=53692"},"modified":"2024-03-26T22:00:33","modified_gmt":"2024-03-26T21:00:33","slug":"tunisie-le-parlement-examine-le-projet-de-loi-organique-approuvant-laccord-entre-le-gouvernement-tunisien-et-le-fonds-du-qatar-pour-le-developpement-afin-douvrir-un-bureau-du-fonds-en-tunisie","status":"publish","type":"post","link":"https:\/\/www.africanchallenges.com\/?p=53692","title":{"rendered":"Tunisie : Le parlement examine le projet de loi organique approuvant l&rsquo;accord entre le gouvernement tunisien et le Fonds du Qatar pour le d\u00e9veloppement afin d&rsquo;ouvrir un bureau du fonds en Tunisie"},"content":{"rendered":"\n<p class=\"wp-block-paragraph\">Les d\u00e9put\u00e9s ont entam\u00e9, ce mardi 26 mars 2024, l\u2019examen du projet de loi organique portant approbation de l\u2019accord entre le gouvernement tunisien et le Fonds du Qatar pour le d\u00e9veloppement pour l\u2019ouverture d\u2019un bureau du fonds en Tunisie.<\/p>\n\n\n\n<p class=\"wp-block-paragraph\">Lors de cette s\u00e9ance pl\u00e9ni\u00e8re, le d\u00e9put\u00e9 du bloc de \u201cLa voix de la R\u00e9publique\u201d, Adel Dhiab a estim\u00e9 que cet accord axera seulement sur le d\u00e9veloppement \u00e9conomique en Tunisie, assurant qu\u2019il \u201cne portera pas atteinte \u00e0 la souverainet\u00e9 nationale\u201d.<\/p>\n\n\n\n<p class=\"wp-block-paragraph\">Selon lui, cet accord permettra, \u00e0 travers les financements allou\u00e9s par le fonds, de favoriser le d\u00e9veloppement dans les r\u00e9gions int\u00e9rieures et les quartiers populaires d\u00e9munis, contribuant ainsi \u00e0 cr\u00e9er des postes d\u2019emploi au profit des jeunes.<\/p>\n\n\n\n<p class=\"wp-block-paragraph\">Il a indiqu\u00e9 que les nombre des accords conclus entre la Tunisie et le Qatar a atteint 88 accords, ajoutant que ces accords couvrent diff\u00e9rents secteurs de d\u00e9veloppement et profite \u00e0 42 mille tunisiens.<\/p>\n\n\n\n<p class=\"wp-block-paragraph\">Cela fait de ce pays, le premier investisseur arabe en Tunisie, a-t-il fait remarqu\u00e9.<\/p>\n\n\n\n<p class=\"wp-block-paragraph\">De son c\u00f4t\u00e9, le d\u00e9put\u00e9 ind\u00e9pendant, Abdelhalim Boussama a d\u00e9clar\u00e9 que la Tunisie a besoin aujourd\u2019hui de booster les investissements \u00e9trangers et de dynamiser la diplomatie \u00e9conomique \u00e0 l\u2019heure o\u00f9 elle fait face \u00e0 une situation financi\u00e8re difficile marqu\u00e9e par un manque de liquidit\u00e9s.<\/p>\n\n\n\n<p class=\"wp-block-paragraph\">Il a, \u00e0 cet \u00e9gard, appel\u00e9 les minist\u00e8res des Affaires \u00e9trang\u00e8res et de l\u2019Economie \u00e0 la n\u00e9cessit\u00e9 de redynamiser la diplomatie \u00e9conomique avec les pays africains et arabes afin de d\u00e9velopper leurs investissements en Tunisie.<\/p>\n\n\n\n<p class=\"wp-block-paragraph\">Selon le d\u00e9put\u00e9, l\u2019ouverture d\u2019un bureau du fonds du Qatar est destin\u00e9 \u00e0 faciliter et acc\u00e9l\u00e9rer les proc\u00e9dures de financement pour la r\u00e9alisation des projets convenus avec le c\u00f4t\u00e9 tunisien. Il a soulign\u00e9 l\u2019importance d\u2019investir dans cet accord pour acc\u00e9l\u00e8rera le rythme de r\u00e9alisation des projets bloqu\u00e9s dans le cadre de la coop\u00e9ration entre les deux pays.<\/p>\n\n\n\n<p class=\"wp-block-paragraph\">Et de proposer d\u2019investir une partie des b\u00e9n\u00e9fices du fonds dans les projets dans lesquels investit ce dernier, dans les domaines de l\u2019\u00e9ducation, l\u2019environnement, les start-up et la jeunesse.<\/p>\n\n\n\n<p class=\"wp-block-paragraph\">Il a, par ailleurs, rappel\u00e9 que le Qatar a financ\u00e9 des projets pour une valeur de 90 millions de dollars am\u00e9ricains outre les engagements qu\u2019il a pris lors du Forum de l\u2019investissement en Tunisie 2022, de soutenir la Tunisie avec un montant de 1250 dollars dont 250 mille dollars pour le financement de projets de d\u00e9veloppement.<\/p>\n\n\n\n<p class=\"wp-block-paragraph\">De son c\u00f4t\u00e9 le d\u00e9put\u00e9 du bloc \u201cLa ligne nationale souveraine\u201d, Ahmed Saidani a d\u00e9nonc\u00e9 des \u201cpressions\u201d pour soumettre rapidement ce projet de loi \u00e0 l\u2019ARP alors qu\u2019il \u201ctouche \u00e0 la souverainet\u00e9 nationale\u201d.<\/p>\n\n\n\n<p class=\"wp-block-paragraph\">Il est all\u00e9 jusqu\u2019\u00e0 consid\u00e9rer que l\u2019adoption de ce projet de loi va porter atteinte \u00e0 la \u201ccr\u00e9dibilit\u00e9 de l\u2019Etat et du gouvernement\u201d, puisqu\u2019il ne diff\u00e8re pas \u201cd\u2019autres accords adopt\u00e9s au courant de la derni\u00e8re d\u00e9cennie et qui ont port\u00e9 atteinte \u00e0 la souverainet\u00e9 nationale et pill\u00e9s les richesse du pays\u201d, il a appel\u00e9 \u00e0 s\u2019abstenir de voter pour cet accord.<\/p>\n\n\n\n<p class=\"wp-block-paragraph\">Le d\u00e9put\u00e9 du bloc parlementaire \u201cpour la victoire du peuple\u201d, Ali Zaghdoud a soulign\u00e9, lui, que tout financement et tout partenariat avec l\u2019Etat du Qatar ne doit pas \u00eatre \u00e9tabli en dehors des plans de d\u00e9veloppement adopt\u00e9s sur le plan national et en dehors de leurs grandes lignes et objectifs. \u201cIl ne faut pas non plus que \u00e7a soit au d\u00e9triment de la politique et de la souverainet\u00e9 nationales\u201d, a-t-il encore dit.<\/p>\n\n\n\n<p class=\"wp-block-paragraph\">Pour sa part, la d\u00e9put\u00e9e ind\u00e9pendante, Basma Hammami a d\u00e9clar\u00e9 que \u201cla requ\u00eate du d\u00e9veloppement doit avoir lieu avec des Etats qui s\u2019engagent dans des investissements effectifs et qui respectent la loi tunisienne\u201d.<\/p>\n\n\n\n<p class=\"wp-block-paragraph\"><strong>Avec TAP<\/strong><\/p>\n","protected":false},"excerpt":{"rendered":"<p>Les d\u00e9put\u00e9s ont entam\u00e9, ce mardi 26 mars 2024, l\u2019examen du projet de loi organique portant approbation de l\u2019accord entre le gouvernement tunisien et le Fonds du Qatar pour le d\u00e9veloppement pour l\u2019ouverture d\u2019un bureau du fonds en Tunisie. Lors de cette s\u00e9ance pl\u00e9ni\u00e8re, le d\u00e9put\u00e9 du bloc de \u201cLa voix de la R\u00e9publique\u201d, Adel [&hellip;]<\/p>\n","protected":false},"author":4,"featured_media":51525,"comment_status":"open","ping_status":"closed","sticky":false,"template":"","format":"standard","meta":{"content-type":"","jnews-multi-image_gallery":[],"jnews_single_post":{"subtitle":"","format":"standard","video":"","gallery":"","source_name":"","source_url":"","via_name":"","via_url":"","override_template":"0","override":[{"template":"1","single_blog_custom":"","parallax":"1","fullscreen":"1","layout":"right-sidebar","sidebar":"default-sidebar","second_sidebar":"default-sidebar","sticky_sidebar":"1","share_position":"top","share_float_style":"share-monocrhome","show_share_counter":"1","show_view_counter":"1","show_featured":"1","show_post_meta":"1","show_post_author":"1","show_post_author_image":"1","show_post_date":"1","post_date_format":"default","post_date_format_custom":"Y\/m\/d","show_post_category":"1","show_post_reading_time":"0","post_reading_time_wpm":"300","show_zoom_button":"0","zoom_button_out_step":"2","zoom_button_in_step":"3","show_post_tag":"1","show_prev_next_post":"1","show_popup_post":"1","number_popup_post":"1","show_author_box":"0","show_post_related":"0","show_inline_post_related":"0"}],"override_image_size":"0","image_override":[{"single_post_thumbnail_size":"crop-500","single_post_gallery_size":"crop-500"}],"trending_post":"0","trending_post_position":"meta","trending_post_label":"Trending","sponsored_post":"0","sponsored_post_label":"Sponsored by","sponsored_post_name":"","sponsored_post_url":"","sponsored_post_logo_enable":"0","sponsored_post_logo":"","sponsored_post_desc":"","disable_ad":"0"},"jnews_primary_category":{"id":"","hide":""},"jnews_override_bookmark_settings":[],"jnews_review":[],"enable_review":"","type":"","name":"","summary":"","brand":"","sku":"","good":[],"bad":[],"score_override":"","override_value":"","rating":[],"price":[],"jnews_post_split":[],"footnotes":""},"categories":[2],"tags":[11824,721,2957,54],"class_list":["post-53692","post","type-post","status-publish","format-standard","has-post-thumbnail","hentry","category-news-politique","tag-fonds-du-qatar-pour-le-developpement","tag-loi","tag-parlement","tag-tunisie"],"_links":{"self":[{"href":"https:\/\/www.africanchallenges.com\/index.php?rest_route=\/wp\/v2\/posts\/53692","targetHints":{"allow":["GET"]}}],"collection":[{"href":"https:\/\/www.africanchallenges.com\/index.php?rest_route=\/wp\/v2\/posts"}],"about":[{"href":"https:\/\/www.africanchallenges.com\/index.php?rest_route=\/wp\/v2\/types\/post"}],"author":[{"embeddable":true,"href":"https:\/\/www.africanchallenges.com\/index.php?rest_route=\/wp\/v2\/users\/4"}],"replies":[{"embeddable":true,"href":"https:\/\/www.africanchallenges.com\/index.php?rest_route=%2Fwp%2Fv2%2Fcomments&post=53692"}],"version-history":[{"count":1,"href":"https:\/\/www.africanchallenges.com\/index.php?rest_route=\/wp\/v2\/posts\/53692\/revisions"}],"predecessor-version":[{"id":53693,"href":"https:\/\/www.africanchallenges.com\/index.php?rest_route=\/wp\/v2\/posts\/53692\/revisions\/53693"}],"wp:featuredmedia":[{"embeddable":true,"href":"https:\/\/www.africanchallenges.com\/index.php?rest_route=\/wp\/v2\/media\/51525"}],"wp:attachment":[{"href":"https:\/\/www.africanchallenges.com\/index.php?rest_route=%2Fwp%2Fv2%2Fmedia&parent=53692"}],"wp:term":[{"taxonomy":"category","embeddable":true,"href":"https:\/\/www.africanchallenges.com\/index.php?rest_route=%2Fwp%2Fv2%2Fcategories&post=53692"},{"taxonomy":"post_tag","embeddable":true,"href":"https:\/\/www.africanchallenges.com\/index.php?rest_route=%2Fwp%2Fv2%2Ftags&post=53692"}],"curies":[{"name":"wp","href":"https:\/\/api.w.org\/{rel}","templated":true}]}}