{"id":53648,"date":"2024-03-22T23:56:01","date_gmt":"2024-03-22T22:56:01","guid":{"rendered":"https:\/\/www.africanchallenges.com\/?p=53648"},"modified":"2024-03-22T23:58:50","modified_gmt":"2024-03-22T22:58:50","slug":"tunisie-le-ministre-des-affaires-etrangeres-appelle-a-approfondir-les-possibilites-de-cooperation-economique-novatrices-avec-les-etats-africains-afin-detablir-un-partenariat-equitable-et-solidair","status":"publish","type":"post","link":"https:\/\/www.africanchallenges.com\/?p=53648","title":{"rendered":"Tunisie :Le ministre des affaires \u00e9trang\u00e8res appelle \u00e0 approfondir les possibilit\u00e9s de coop\u00e9ration \u00e9conomique novatrices  avec les \u00c9tats africains  afin d&rsquo;\u00e9tablir un partenariat \u00e9quitable et solidaire"},"content":{"rendered":"\n<p class=\"wp-block-paragraph\">M. Nabil Ammar, Ministre des Affaires Etrang\u00e8res, de la Migration et des Tunisiens de l\u2019Etranger, a assist\u00e9 \u00e0 une soir\u00e9e ramadanesque et Iftar organis\u00e9s par le Conseil d\u2019Affaires Tuniso-Africain, le 21 mars 2024, dans un h\u00f4tel de la capitale, en l\u2019honneur des ambassadeurs et consuls africains accr\u00e9dit\u00e9s en Tunisie, en pr\u00e9sence d\u2019hommes d\u2019affaires tunisiens.<\/p>\n\n\n\n<p class=\"wp-block-paragraph\">Dans son allocution, M. le Ministre a remerci\u00e9 le Pr\u00e9sident du Conseil d\u2019Affaires Tuniso-Africain, M. Anis Jaziri, d\u2019avoir organis\u00e9 cette soir\u00e9e ramadanesque. Il a salu\u00e9 le r\u00f4le du Conseil dans la promotion de la coop\u00e9ration \u00e9conomique Tunisie-Afrique, tout en lui souhaitant le succ\u00e8s dans l\u2019organisation de la septi\u00e8me \u00e9dition de la Conf\u00e9rence Internationale sur le Financement de l\u2019Investissement et du Commerce en Afrique \u00ab\u00a0FITA2024\u00a0\u00bb, pr\u00e9vue les 11 et 12 juin 2024 sous le Haut patronage de Son Excellence Monsieur le Pr\u00e9sident de la R\u00e9publique.<\/p>\n\n\n\n<p class=\"wp-block-paragraph\">Le Ministre a indiqu\u00e9 que le Minist\u00e8re des Affaires Etrang\u00e8res, de la Migration et des Tunisiens \u00e0 l\u2019Etranger, \u00e0 travers ses diff\u00e9rentes structures et services, tient \u00e0 encourager, accompagner et soutenir tous les efforts visant \u00e0 promouvoir le climat des affaires et de l\u2019investissement en Tunisie.<\/p>\n\n\n\n<p class=\"wp-block-paragraph\">Il a \u00e9galement appel\u00e9 et \u00e0 explorer davantage des opportunit\u00e9s de coop\u00e9ration \u00e9conomique nouvelles et innovantes avec des \u00c9tats africains fr\u00e8res dans le cadre de la coop\u00e9ration Sud-Sud et triangulaire, afin d\u2019\u00e9tablir un partenariat \u00e9quitable, solidaire et gagnant-gagnant.<\/p>\n\n\n\n<p class=\"wp-block-paragraph\">Le Ministre a \u00e9galement rappel\u00e9 l\u2019attachement ferme de la Tunisie \u00e0 la dimension africaine de sa politique \u00e9trang\u00e8re, sous la direction de Son Excellence Monsieur le Pr\u00e9sident de la R\u00e9publique, Ka\u00efs Sa\u00efed, et sa ferme d\u00e9termination \u00e0 soutenir toutes les initiatives r\u00e9gionales visant \u00e0 r\u00e9aliser l\u2019int\u00e9gration \u00e9conomique r\u00e9gionale, afin de r\u00e9pondre aux aspirations des peuples africains au d\u00e9veloppement et la prosp\u00e9rit\u00e9, notamment compte tenu des ressources humaines et naturelles abondantes que rec\u00e8le le Continent.<\/p>\n\n\n\n<p class=\"wp-block-paragraph\">Le Ministre a pri\u00e9 les Ambassadeurs africains de transmettre ses sinc\u00e8res salutations \u00e0 ses homologues, soulignant le souci du Minist\u00e8re des Affaires Etrang\u00e8res, de la Migration et des Tunisiens \u00e0 l\u2019Etranger \u00e0 entretenir un contact permanent avec les Ambassadeurs africains accr\u00e9dit\u00e9s en Tunisie, d\u2019\u00eatre \u00e0 l\u2019\u00e9coute de leurs pr\u00e9occupations et suggestions et \u00e0 garantir les conditions propices pour faciliter et r\u00e9ussir leurs missions diplomatiques en Tunisie<\/p>\n","protected":false},"excerpt":{"rendered":"<p>M. Nabil Ammar, Ministre des Affaires Etrang\u00e8res, de la Migration et des Tunisiens de l\u2019Etranger, a assist\u00e9 \u00e0 une soir\u00e9e ramadanesque et Iftar organis\u00e9s par le Conseil d\u2019Affaires Tuniso-Africain, le 21 mars 2024, dans un h\u00f4tel de la capitale, en l\u2019honneur des ambassadeurs et consuls africains accr\u00e9dit\u00e9s en Tunisie, en pr\u00e9sence d\u2019hommes d\u2019affaires tunisiens. Dans [&hellip;]<\/p>\n","protected":false},"author":4,"featured_media":53650,"comment_status":"open","ping_status":"closed","sticky":false,"template":"","format":"standard","meta":{"content-type":"","jnews-multi-image_gallery":[],"jnews_single_post":{"subtitle":"","format":"standard","video":"","gallery":"","source_name":"","source_url":"","via_name":"","via_url":"","override_template":"0","override":[{"template":"1","single_blog_custom":"","parallax":"1","fullscreen":"1","layout":"right-sidebar","sidebar":"default-sidebar","second_sidebar":"default-sidebar","sticky_sidebar":"1","share_position":"top","share_float_style":"share-monocrhome","show_share_counter":"1","show_view_counter":"1","show_featured":"1","show_post_meta":"1","show_post_author":"1","show_post_author_image":"1","show_post_date":"1","post_date_format":"default","post_date_format_custom":"Y\/m\/d","show_post_category":"1","show_post_reading_time":"0","post_reading_time_wpm":"300","show_zoom_button":"0","zoom_button_out_step":"2","zoom_button_in_step":"3","show_post_tag":"1","show_prev_next_post":"1","show_popup_post":"1","number_popup_post":"1","show_author_box":"0","show_post_related":"0","show_inline_post_related":"0"}],"override_image_size":"0","image_override":[{"single_post_thumbnail_size":"crop-500","single_post_gallery_size":"crop-500"}],"trending_post":"0","trending_post_position":"meta","trending_post_label":"Trending","sponsored_post":"0","sponsored_post_label":"Sponsored by","sponsored_post_name":"","sponsored_post_url":"","sponsored_post_logo_enable":"0","sponsored_post_logo":"","sponsored_post_desc":"","disable_ad":"0"},"jnews_primary_category":{"id":"","hide":""},"jnews_override_bookmark_settings":[],"jnews_review":[],"enable_review":"","type":"","name":"","summary":"","brand":"","sku":"","good":[],"bad":[],"score_override":"","override_value":"","rating":[],"price":[],"jnews_post_split":[],"footnotes":""},"categories":[2],"tags":[11813,8533,11812,9906,355],"class_list":["post-53648","post","type-post","status-publish","format-standard","has-post-thumbnail","hentry","category-news-politique","tag-conseil-daffaires-tuniso-africain","tag-cooperation-economique","tag-etats-africains","tag-nabil-ammar","tag-partenariat"],"_links":{"self":[{"href":"https:\/\/www.africanchallenges.com\/index.php?rest_route=\/wp\/v2\/posts\/53648","targetHints":{"allow":["GET"]}}],"collection":[{"href":"https:\/\/www.africanchallenges.com\/index.php?rest_route=\/wp\/v2\/posts"}],"about":[{"href":"https:\/\/www.africanchallenges.com\/index.php?rest_route=\/wp\/v2\/types\/post"}],"author":[{"embeddable":true,"href":"https:\/\/www.africanchallenges.com\/index.php?rest_route=\/wp\/v2\/users\/4"}],"replies":[{"embeddable":true,"href":"https:\/\/www.africanchallenges.com\/index.php?rest_route=%2Fwp%2Fv2%2Fcomments&post=53648"}],"version-history":[{"count":1,"href":"https:\/\/www.africanchallenges.com\/index.php?rest_route=\/wp\/v2\/posts\/53648\/revisions"}],"predecessor-version":[{"id":53649,"href":"https:\/\/www.africanchallenges.com\/index.php?rest_route=\/wp\/v2\/posts\/53648\/revisions\/53649"}],"wp:featuredmedia":[{"embeddable":true,"href":"https:\/\/www.africanchallenges.com\/index.php?rest_route=\/wp\/v2\/media\/53650"}],"wp:attachment":[{"href":"https:\/\/www.africanchallenges.com\/index.php?rest_route=%2Fwp%2Fv2%2Fmedia&parent=53648"}],"wp:term":[{"taxonomy":"category","embeddable":true,"href":"https:\/\/www.africanchallenges.com\/index.php?rest_route=%2Fwp%2Fv2%2Fcategories&post=53648"},{"taxonomy":"post_tag","embeddable":true,"href":"https:\/\/www.africanchallenges.com\/index.php?rest_route=%2Fwp%2Fv2%2Ftags&post=53648"}],"curies":[{"name":"wp","href":"https:\/\/api.w.org\/{rel}","templated":true}]}}