{"id":53497,"date":"2024-03-13T21:31:09","date_gmt":"2024-03-13T20:31:09","guid":{"rendered":"https:\/\/www.africanchallenges.com\/?p=53497"},"modified":"2024-03-13T21:32:24","modified_gmt":"2024-03-13T20:32:24","slug":"tunisie-lassemblee-celebre-ce-13-mars-son-premier-anniversaire-avec-36-projets-de-loi-votes","status":"publish","type":"post","link":"https:\/\/www.africanchallenges.com\/?p=53497","title":{"rendered":"Tunisie : L&rsquo;Assembl\u00e9e c\u00e9l\u00e8bre ce 13 mars, son premier anniversaire avec 36 projets de loi vot\u00e9s"},"content":{"rendered":"\n<p class=\"wp-block-paragraph\">L\u2019Assembl\u00e9e des repr\u00e9sentants du peuple f\u00eate ce mercredi 13 Mars 2024 son premier anniversaire. Une vid\u00e9o post\u00e9e sur sa page officielle, Facebook, fait la synth\u00e8se de des travaux, une ann\u00e9e apr\u00e8s son entr\u00e9e en fonction, avec \u00e0 la clef 36 projets de loi vot\u00e9s.<\/p>\n\n\n\n<p class=\"wp-block-paragraph\">Intitul\u00e9e 365 jours&nbsp; d\u2019action l\u00e9gislative 13 Mars 2023 \u2013 13 Mars 2024, l\u2019Assembl\u00e9e revient, dans cette vid\u00e9o, sur sa s\u00e9ance inaugurale tenue il y a tout juste une ann\u00e9e jour pour jour, laquelle \u00e9tait consacr\u00e9e \u00e0 la prestation de serment collective des nouveaux d\u00e9put\u00e9s, l\u2019\u00e9lection du pr\u00e9sident de l\u2019Assembl\u00e9e et de ses deux vice-pr\u00e9sidents, ainsi que l\u2019approbation \u00e0 l\u2019unanimit\u00e9 de la commission sp\u00e9ciale charg\u00e9e de l\u2019\u00e9laboration du projet de r\u00e8glement int\u00e9rieur. Celle-ci a tenu 13 r\u00e9unions du 15 Mars au 03 avril 2023. Huit pl\u00e9ni\u00e8res ont \u00e9t\u00e9 tenues pour l\u2019examen et l\u2019adoption du projet de r\u00e8glement int\u00e9rieur.<\/p>\n\n\n\n<p class=\"wp-block-paragraph\">Une s\u00e9ance pl\u00e9ni\u00e8re a eu lieu le 11 Mai 2023 pour annoncer la formation des six groupes parlementaires, ainsi que leur quota et celui des ind\u00e9pendants au sein des structures de l\u2019Assembl\u00e9e.<\/p>\n\n\n\n<p class=\"wp-block-paragraph\">La formation du bureau de l\u2019Assembl\u00e9e a \u00e9t\u00e9 annonc\u00e9e&nbsp; dans la foul\u00e9e, il a tenu sa premi\u00e8re r\u00e9union le 19 Mai, sous la pr\u00e9sidence de Brahim Bouderbala.<\/p>\n\n\n\n<p class=\"wp-block-paragraph\">Une s\u00e9ance pl\u00e9ni\u00e8re a eu lieu le 23 Mai 2023 pour l\u2019\u00e9lection de 13 commissions permanentes.<\/p>\n\n\n\n<p class=\"wp-block-paragraph\">Les principaux textes vot\u00e9s lors de la premi\u00e8re l\u00e9gislature : une loi portant cr\u00e9ation de l\u2019agence nationale des m\u00e9dicaments et produits de sant\u00e9, et une loi organique portant amendement du d\u00e9cret-loi organisant la justice militaire, etc.<\/p>\n\n\n\n<p class=\"wp-block-paragraph\">La premi\u00e8re l\u00e9gislature a \u00e9t\u00e9 cl\u00f4tur\u00e9e le 31 juillet 2023 et a \u00e9t\u00e9 couronn\u00e9e par l\u2019adoption de 9 projets de loi.<\/p>\n\n\n\n<p class=\"wp-block-paragraph\">La deuxi\u00e8me l\u00e9gislature a d\u00e9marr\u00e9 le 03 octobre 2023, et a \u00e9t\u00e9 marqu\u00e9e par l\u2019examen et l\u2019adoption du projet du&nbsp; budget de l\u2019Etat et du projet de loi de finances en commission, et puis en pl\u00e9ni\u00e8re.<\/p>\n\n\n\n<p class=\"wp-block-paragraph\">Les principales lois vot\u00e9es au cours de la deuxi\u00e8me et actuelle l\u00e9gislature,&nbsp; celle portant sur la lutte contre les dopants dans le domaine sportif ; la loi des finances rectificative de l\u2019ann\u00e9e 2023 ; la loi organique portant approbation d\u2019un protocole d\u2019accord entre la Tunisie et la Chine sur l\u2019envoi d\u2019\u00e9quipes m\u00e9dicales chinoises en Tunisie ; la loi organique portant extradition des criminels entre la Tunisie et l\u2019Alg\u00e9rie ; l\u2019amendement du d\u00e9cret-loi portant sur la r\u00e9conciliation p\u00e9nale et l\u2019allocation de ses recettes ; la loi organique portant approbation de l\u2019adh\u00e9sion de la Tunisie \u00e0 la convention du Conseil de l\u2019Europe relative au crime \u00e9lectronique, dite convention de Budapest, les lois portant cl\u00f4ture des budgets de l\u2019Etat des ann\u00e9es 2017, 2018, 2019 et 2020, la loi organique portant approbation de la carte nationale d\u2019identit\u00e9, la loi organique r\u00e9gissant les passeports et documents de voyages\u2026<\/p>\n","protected":false},"excerpt":{"rendered":"<p>L\u2019Assembl\u00e9e des repr\u00e9sentants du peuple f\u00eate ce mercredi 13 Mars 2024 son premier anniversaire. Une vid\u00e9o post\u00e9e sur sa page officielle, Facebook, fait la synth\u00e8se de des travaux, une ann\u00e9e apr\u00e8s son entr\u00e9e en fonction, avec \u00e0 la clef 36 projets de loi vot\u00e9s. Intitul\u00e9e 365 jours&nbsp; d\u2019action l\u00e9gislative 13 Mars 2023 \u2013 13 Mars [&hellip;]<\/p>\n","protected":false},"author":4,"featured_media":51173,"comment_status":"open","ping_status":"closed","sticky":false,"template":"","format":"standard","meta":{"content-type":"","jnews-multi-image_gallery":[],"jnews_single_post":{"subtitle":"","format":"standard","video":"","gallery":"","source_name":"","source_url":"","via_name":"","via_url":"","override_template":"0","override":[{"template":"1","single_blog_custom":"","parallax":"1","fullscreen":"1","layout":"right-sidebar","sidebar":"default-sidebar","second_sidebar":"default-sidebar","sticky_sidebar":"1","share_position":"top","share_float_style":"share-monocrhome","show_share_counter":"1","show_view_counter":"1","show_featured":"1","show_post_meta":"1","show_post_author":"1","show_post_author_image":"1","show_post_date":"1","post_date_format":"default","post_date_format_custom":"Y\/m\/d","show_post_category":"1","show_post_reading_time":"0","post_reading_time_wpm":"300","show_zoom_button":"0","zoom_button_out_step":"2","zoom_button_in_step":"3","show_post_tag":"1","show_prev_next_post":"1","show_popup_post":"1","number_popup_post":"1","show_author_box":"0","show_post_related":"0","show_inline_post_related":"0"}],"override_image_size":"0","image_override":[{"single_post_thumbnail_size":"crop-500","single_post_gallery_size":"crop-500"}],"trending_post":"0","trending_post_position":"meta","trending_post_label":"Trending","sponsored_post":"0","sponsored_post_label":"Sponsored by","sponsored_post_name":"","sponsored_post_url":"","sponsored_post_logo_enable":"0","sponsored_post_logo":"","sponsored_post_desc":"","disable_ad":"0"},"jnews_primary_category":{"id":"","hide":""},"jnews_override_bookmark_settings":[],"jnews_review":[],"enable_review":"","type":"","name":"","summary":"","brand":"","sku":"","good":[],"bad":[],"score_override":"","override_value":"","rating":[],"price":[],"jnews_post_split":[],"footnotes":""},"categories":[2],"tags":[209,5357],"class_list":["post-53497","post","type-post","status-publish","format-standard","has-post-thumbnail","hentry","category-news-politique","tag-anniversaire","tag-lassemblee-des-representants-du-peuple-2"],"_links":{"self":[{"href":"https:\/\/www.africanchallenges.com\/index.php?rest_route=\/wp\/v2\/posts\/53497","targetHints":{"allow":["GET"]}}],"collection":[{"href":"https:\/\/www.africanchallenges.com\/index.php?rest_route=\/wp\/v2\/posts"}],"about":[{"href":"https:\/\/www.africanchallenges.com\/index.php?rest_route=\/wp\/v2\/types\/post"}],"author":[{"embeddable":true,"href":"https:\/\/www.africanchallenges.com\/index.php?rest_route=\/wp\/v2\/users\/4"}],"replies":[{"embeddable":true,"href":"https:\/\/www.africanchallenges.com\/index.php?rest_route=%2Fwp%2Fv2%2Fcomments&post=53497"}],"version-history":[{"count":1,"href":"https:\/\/www.africanchallenges.com\/index.php?rest_route=\/wp\/v2\/posts\/53497\/revisions"}],"predecessor-version":[{"id":53498,"href":"https:\/\/www.africanchallenges.com\/index.php?rest_route=\/wp\/v2\/posts\/53497\/revisions\/53498"}],"wp:featuredmedia":[{"embeddable":true,"href":"https:\/\/www.africanchallenges.com\/index.php?rest_route=\/wp\/v2\/media\/51173"}],"wp:attachment":[{"href":"https:\/\/www.africanchallenges.com\/index.php?rest_route=%2Fwp%2Fv2%2Fmedia&parent=53497"}],"wp:term":[{"taxonomy":"category","embeddable":true,"href":"https:\/\/www.africanchallenges.com\/index.php?rest_route=%2Fwp%2Fv2%2Fcategories&post=53497"},{"taxonomy":"post_tag","embeddable":true,"href":"https:\/\/www.africanchallenges.com\/index.php?rest_route=%2Fwp%2Fv2%2Ftags&post=53497"}],"curies":[{"name":"wp","href":"https:\/\/api.w.org\/{rel}","templated":true}]}}