{"id":53479,"date":"2024-03-12T22:09:48","date_gmt":"2024-03-12T21:09:48","guid":{"rendered":"https:\/\/www.africanchallenges.com\/?p=53479"},"modified":"2024-03-12T22:13:47","modified_gmt":"2024-03-12T21:13:47","slug":"tunisie-le-projet-gtex-menatex-ii-lance-un-appel-a-candidatures-pour-la-selection-de-pme-et-de-createurs-de-mode-du-secteur-textile-et-habillement-en-tunisie","status":"publish","type":"post","link":"https:\/\/www.africanchallenges.com\/?p=53479","title":{"rendered":"Tunisie : Le Projet &#8211;\u00a0GTEX\/MENATEX II, lance un appel \u00e0 candidatures pour la s\u00e9lection de PME et de CR\u00c9ATEURS DE MODE du secteur Textile et Habillement en Tunisie"},"content":{"rendered":"\n<p class=\"wp-block-paragraph\">Dans le cadre de sa 2<sup>\u00e8me<\/sup>&nbsp;phase, allant de 2024 \u00e0 2027,&nbsp;le projet GTEX MENATEX Tunisie&nbsp;lance un appel public \u00e0 candidatures destin\u00e9 aux PME et aux cr\u00e9ateurs de mode du secteur Textile et Habillement en Tunisie, pour b\u00e9n\u00e9ficier d\u2019un accompagnement exclusif et adapt\u00e9.<\/p>\n\n\n\n<p class=\"wp-block-paragraph\">Le programme GTEX\/MENATEX II vise \u00e0 soutenir le secteur du Textile et Habillement dans 5 pays dont la Tunisie, pour accro\u00eetre&nbsp;sa comp\u00e9titivit\u00e9 \u00e0 l&rsquo;exportation en se concentrant sur les aspects de durabilit\u00e9 et de circularit\u00e9 en tant que moteurs cl\u00e9s de la comp\u00e9titivit\u00e9.<\/p>\n\n\n\n<p class=\"wp-block-paragraph\"><br>Pour ce faire, le programme a pour double objectif de soutenir les entreprises du secteur et l\u2019\u00e9cosyst\u00e8me institutionnel en Tunisie.&nbsp;Il s&rsquo;engage ainsi \u00e0 travailler en \u00e9troite collaboration avec les acteurs du secteur priv\u00e9 et les institutions d\u2019appui au secteur pour favoriser la cr\u00e9ation d&#8217;emplois et am\u00e9liorer les politiques sectorielles.<br><br>Les b\u00e9n\u00e9ficiaires cibl\u00e9s&nbsp;pour participation au programme GTEX\/MENATEX II en Tunisie,&nbsp;sont des PME dynamiques et des cr\u00e9ateurs de mode innovants, pr\u00eats \u00e0 exporter \u00e0 l\u2019international, et qui soient engag\u00e9s dans des pratiques respectueuses de l&rsquo;environnement, y compris&nbsp;l\u2019utilisation des mat\u00e9riaux durables, recycl\u00e9s ou organiques, et l\u2019adoption de pratiques socialement et \u00e9cologiquement \u00e9thiques tout au long de la cha\u00eene de valeur.<\/p>\n\n\n\n<p class=\"wp-block-paragraph\"><br>Dans ce cadre, le programme GTEX\/MENATEX II accompagnera exclusivement les PME et les CREATEURS en leur offrant des services personnalis\u00e9s, comprenant notamment&nbsp;:<\/p>\n\n\n\n<p class=\"wp-block-paragraph\">&#8211;&nbsp;&nbsp;&nbsp;&nbsp;&nbsp;&nbsp;&nbsp;&nbsp;Am\u00e9lioration de leur comp\u00e9titivit\u00e9 \u00e0 travers des cursus de formation et de coaching personnalis\u00e9s.<\/p>\n\n\n\n<p class=\"wp-block-paragraph\">&#8211;&nbsp;&nbsp;&nbsp;&nbsp;&nbsp;&nbsp;&nbsp;&nbsp;Sensibilisation aux normes et exigences internationales en mati\u00e8re de durabilit\u00e9, et appui pour l\u2019obtention de certifications pertinentes, essentielles \u00e0 l&rsquo;exportation sur des march\u00e9s durables.<\/p>\n\n\n\n<p class=\"wp-block-paragraph\">&#8211;&nbsp;&nbsp;&nbsp;&nbsp;&nbsp;&nbsp;&nbsp;&nbsp;Appui \u00e0 la digitalisation de leurs processus,&nbsp;pour une tra\u00e7abilit\u00e9 et une gestion efficace des flux d\u2019information.<\/p>\n\n\n\n<p class=\"wp-block-paragraph\">&#8211;&nbsp;&nbsp;&nbsp;&nbsp;&nbsp;&nbsp;&nbsp;&nbsp;Facilitation de leurs acc\u00e8s \u00e0 de nouveaux march\u00e9s internationaux.<\/p>\n\n\n\n<p class=\"wp-block-paragraph\">&#8211;&nbsp;&nbsp;&nbsp;&nbsp;&nbsp;&nbsp;&nbsp;&nbsp;Renforcement de leurs relations avec les \u00e9tablissements universitaires et de formation, ainsi qu&rsquo;avec des initiatives de circularit\u00e9 au niveau mondial.<\/p>\n\n\n\n<p class=\"wp-block-paragraph\">En d\u00e9finitive, le programme soutiendra la croissance des entreprises b\u00e9n\u00e9ficiaires tout en mettant l&rsquo;accent sur l&rsquo;inclusion des femmes. Il r\u00e9pondra \u00e9galement \u00e0 la n\u00e9cessit\u00e9 d&rsquo;une transition vers un mod\u00e8le innovant, durable et circulaire de l\u2019industrie textile en Tunisie.<br><br>Cette initiative offre ainsi une opportunit\u00e9 exceptionnelle aux PME et Cr\u00e9ateurs de ce&nbsp; secteur, pour renforcer leur comp\u00e9titivit\u00e9 et se d\u00e9velopper dans un march\u00e9 mondial en constante \u00e9volution.<br><br>Pour postuler \u00e0 ces appels en cours, soumettez votre candidature en ligne, avant le 24 mars 2024, \u00e0 travers ces liens&nbsp;:<br><br>PME du secteur Textile et Habillement&nbsp;:<br><a rel=\"noreferrer noopener\" target=\"_blank\" href=\"https:\/\/surveys.intracen.org\/response\/G2tIYnNeTwUCZlJxXlV4S0d5cHY\">https:\/\/surveys.intracen.org\/&#8230;\/G2tIYnNeTwUCZlJxXlV4S0d5cHY<\/a><br><br>Cr\u00e9ateurs \/ cr\u00e9atrices de mode&nbsp;:<br><a rel=\"noreferrer noopener\" target=\"_blank\" href=\"https:\/\/surveys.intracen.org\/response\/G2tIYnNRQQoKZVR3X1Z8S0d0cnc\">https:\/\/surveys.intracen.org\/&#8230;\/G2tIYnNRQQoKZVR3X1Z8S0d0cnc<\/a><\/p>\n\n\n\n<p class=\"wp-block-paragraph\"><br>Pour plus d\u2019information sur le programme et sur ces appels \u00e0 candidature, consultez les pages du programme GTEX\/MENATEX sur&nbsp;<a rel=\"noreferrer noopener\" target=\"_blank\" href=\"https:\/\/www.linkedin.com\/company\/gtex-menatex-tunisie\/?viewAsMember=true\">LinkedIn<\/a>&nbsp;et&nbsp;<a rel=\"noreferrer noopener\" target=\"_blank\" href=\"https:\/\/www.facebook.com\/gtextunisie\">Facebook<\/a><br><br>\u00c0 propos du programme GTEX\/MENATEX&nbsp;:<br>Le programme GTEX\/MENATEX est mis en \u0153uvre par le Centre de Commerce International (ITC), et financ\u00e9 par le Secr\u00e9tariat d&rsquo;\u00c9tat \u00e0 l&rsquo;\u00e9conomie (SECO) de la Conf\u00e9d\u00e9ration suisse et l&rsquo;Agence su\u00e9doise de coop\u00e9ration internationale au d\u00e9veloppement (Sida).<br><\/p>\n\n\n\n<p class=\"wp-block-paragraph\">\u00c0 propos du Centre du Commerce International :<\/p>\n\n\n\n<p class=\"wp-block-paragraph\">Le Centre du Commerce International (ITC) est une agence conjointe des Nations Unies et de l&rsquo;Organisation mondiale du commerce, qui soutient un d\u00e9veloppement \u00e9conomique durable et inclusif sur le march\u00e9 mondial. Gr\u00e2ce \u00e0 ses diverses initiatives et programmes, l\u2019ITC promeut le commerce, am\u00e9liore la comp\u00e9titivit\u00e9 et renforce les entreprises, en particulier les PME, dans les pays en voie de d\u00e9veloppement.<\/p>\n","protected":false},"excerpt":{"rendered":"<p>Dans le cadre de sa 2\u00e8me&nbsp;phase, allant de 2024 \u00e0 2027,&nbsp;le projet GTEX MENATEX Tunisie&nbsp;lance un appel public \u00e0 candidatures destin\u00e9 aux PME et aux cr\u00e9ateurs de mode du secteur Textile et Habillement en Tunisie, pour b\u00e9n\u00e9ficier d\u2019un accompagnement exclusif et adapt\u00e9. Le programme GTEX\/MENATEX II vise \u00e0 soutenir le secteur du Textile et Habillement [&hellip;]<\/p>\n","protected":false},"author":4,"featured_media":53480,"comment_status":"open","ping_status":"closed","sticky":false,"template":"","format":"standard","meta":{"content-type":"","jnews-multi-image_gallery":[],"jnews_single_post":{"subtitle":"","format":"standard","video":"","gallery":"","source_name":"","source_url":"","via_name":"","via_url":"","override_template":"0","override":[{"template":"1","single_blog_custom":"","parallax":"1","fullscreen":"1","layout":"right-sidebar","sidebar":"default-sidebar","second_sidebar":"default-sidebar","sticky_sidebar":"1","share_position":"top","share_float_style":"share-monocrhome","show_share_counter":"1","show_view_counter":"1","show_featured":"1","show_post_meta":"1","show_post_author":"1","show_post_author_image":"1","show_post_date":"1","post_date_format":"default","post_date_format_custom":"Y\/m\/d","show_post_category":"1","show_post_reading_time":"0","post_reading_time_wpm":"300","show_zoom_button":"0","zoom_button_out_step":"2","zoom_button_in_step":"3","show_post_tag":"1","show_prev_next_post":"1","show_popup_post":"1","number_popup_post":"1","show_author_box":"0","show_post_related":"0","show_inline_post_related":"0"}],"override_image_size":"0","image_override":[{"single_post_thumbnail_size":"crop-500","single_post_gallery_size":"crop-500"}],"trending_post":"0","trending_post_position":"meta","trending_post_label":"Trending","sponsored_post":"0","sponsored_post_label":"Sponsored by","sponsored_post_name":"","sponsored_post_url":"","sponsored_post_logo_enable":"0","sponsored_post_logo":"","sponsored_post_desc":"","disable_ad":"0"},"jnews_primary_category":{"id":"","hide":""},"jnews_override_bookmark_settings":[],"jnews_review":[],"enable_review":"","type":"","name":"","summary":"","brand":"","sku":"","good":[],"bad":[],"score_override":"","override_value":"","rating":[],"price":[],"jnews_post_split":[],"footnotes":""},"categories":[43,73],"tags":[4457,11765,11764,248,1040,11766],"class_list":["post-53479","post","type-post","status-publish","format-standard","has-post-thumbnail","hentry","category-eco-business","category-eco","tag-candidatures","tag-createurs-de-mode","tag-gtex-menatex-ii","tag-pme","tag-projet","tag-secteur-textile"],"_links":{"self":[{"href":"https:\/\/www.africanchallenges.com\/index.php?rest_route=\/wp\/v2\/posts\/53479","targetHints":{"allow":["GET"]}}],"collection":[{"href":"https:\/\/www.africanchallenges.com\/index.php?rest_route=\/wp\/v2\/posts"}],"about":[{"href":"https:\/\/www.africanchallenges.com\/index.php?rest_route=\/wp\/v2\/types\/post"}],"author":[{"embeddable":true,"href":"https:\/\/www.africanchallenges.com\/index.php?rest_route=\/wp\/v2\/users\/4"}],"replies":[{"embeddable":true,"href":"https:\/\/www.africanchallenges.com\/index.php?rest_route=%2Fwp%2Fv2%2Fcomments&post=53479"}],"version-history":[{"count":1,"href":"https:\/\/www.africanchallenges.com\/index.php?rest_route=\/wp\/v2\/posts\/53479\/revisions"}],"predecessor-version":[{"id":53481,"href":"https:\/\/www.africanchallenges.com\/index.php?rest_route=\/wp\/v2\/posts\/53479\/revisions\/53481"}],"wp:featuredmedia":[{"embeddable":true,"href":"https:\/\/www.africanchallenges.com\/index.php?rest_route=\/wp\/v2\/media\/53480"}],"wp:attachment":[{"href":"https:\/\/www.africanchallenges.com\/index.php?rest_route=%2Fwp%2Fv2%2Fmedia&parent=53479"}],"wp:term":[{"taxonomy":"category","embeddable":true,"href":"https:\/\/www.africanchallenges.com\/index.php?rest_route=%2Fwp%2Fv2%2Fcategories&post=53479"},{"taxonomy":"post_tag","embeddable":true,"href":"https:\/\/www.africanchallenges.com\/index.php?rest_route=%2Fwp%2Fv2%2Ftags&post=53479"}],"curies":[{"name":"wp","href":"https:\/\/api.w.org\/{rel}","templated":true}]}}