{"id":53277,"date":"2024-03-04T10:01:50","date_gmt":"2024-03-04T10:01:50","guid":{"rendered":"https:\/\/www.africanchallenges.com\/?p=53277"},"modified":"2024-03-04T10:01:51","modified_gmt":"2024-03-04T10:01:51","slug":"tunisie-lacademie-parlementaire-de-larp-organise-une-journee-detudes-sur-le-theme-des-mecanismes-de-lutte-contre-la-violence-faite-aux-femmes-et-des-programmes-d","status":"publish","type":"post","link":"https:\/\/www.africanchallenges.com\/?p=53277","title":{"rendered":"Tunisie : L\u2019acad\u00e9mie parlementaire de l\u2019ARP organise une journ\u00e9e d\u2019\u00e9tudes sur le th\u00e8me \u00ab\u00a0des m\u00e9canismes de lutte contre la violence faite aux femmes, et des programmes d\u2019autonomisation \u00e9conomique des femmes et filles\u00a0\u00bb"},"content":{"rendered":"\n<p class=\"wp-block-paragraph\">L\u2019acad\u00e9mie parlementaire de l\u2019Assembl\u00e9e des repr\u00e9sentants du peuple organise, ce lundi 04 Mars, une journ\u00e9e d\u2019\u00e9tudes sur le th\u00e8me \u00ab des m\u00e9canismes de lutte contre la violence faite aux femmes, et des programmes d\u2019autonomisation \u00e9conomique des femmes et filles \u00bb.<\/p>\n\n\n\n<p class=\"wp-block-paragraph\">Cette r\u00e9union d\u00e9butera par un discours du pr\u00e9sident de l\u2019Assembl\u00e9e, Brahim Bouderbala. Ensuite, la ministre de la Femme, de la Famille, de l\u2019Enfance et des S\u00e9niors, Amel Belhaj Moussa, prendra la parole.<\/p>\n\n\n\n<p class=\"wp-block-paragraph\">Trois sujets seront abord\u00e9s lors de cette rencontre, notamment : \u00ab l\u2019autonomisation \u00e9conomique de la femme est la solution \u00bb, qui mettra en lumi\u00e8re les programmes mis en place par le minist\u00e8re de la Femme, tels que les programmes Raedat, Samida, etc.<\/p>\n\n\n\n<p class=\"wp-block-paragraph\">Le deuxi\u00e8me axe concerne la pr\u00e9vention, la prise en charge et la protection des femmes victimes de violence, ainsi que les efforts nationaux pour lutter contre la violence faite aux femmes.<\/p>\n\n\n\n<p class=\"wp-block-paragraph\">Il sera question de l&rsquo;observatoire national de lutte contre la violence faite aux femmes : \u00e9tudes et services de la ligne verte 1899, ainsi que des centres de prise en charge des femmes victimes de violence&#8230;<\/p>\n\n\n\n<p class=\"wp-block-paragraph\">Le troisi\u00e8me th\u00e8me abordera la valorisation du r\u00f4le de l&rsquo;\u00e9lite f\u00e9minine, en particulier le r\u00f4le du CREDIF dans la promotion des comp\u00e9tences f\u00e9minines.<\/p>\n","protected":false},"excerpt":{"rendered":"<p>L\u2019acad\u00e9mie parlementaire de l\u2019Assembl\u00e9e des repr\u00e9sentants du peuple organise, ce lundi 04 Mars, une journ\u00e9e d\u2019\u00e9tudes sur le th\u00e8me \u00ab des m\u00e9canismes de lutte contre la violence faite aux femmes, et des programmes d\u2019autonomisation \u00e9conomique des femmes et filles \u00bb. Cette r\u00e9union d\u00e9butera par un discours du pr\u00e9sident de l\u2019Assembl\u00e9e, Brahim Bouderbala. Ensuite, la ministre [&hellip;]<\/p>\n","protected":false},"author":4,"featured_media":51525,"comment_status":"open","ping_status":"closed","sticky":false,"template":"","format":"standard","meta":{"content-type":"","jnews-multi-image_gallery":[],"jnews_single_post":{"subtitle":"","format":"standard","video":"","gallery":"","source_name":"","source_url":"","via_name":"","via_url":"","override_template":"0","override":[{"template":"1","single_blog_custom":"","parallax":"1","fullscreen":"1","layout":"right-sidebar","sidebar":"default-sidebar","second_sidebar":"default-sidebar","sticky_sidebar":"1","share_position":"top","share_float_style":"share-monocrhome","show_share_counter":"1","show_view_counter":"1","show_featured":"1","show_post_meta":"1","show_post_author":"1","show_post_author_image":"1","show_post_date":"1","post_date_format":"default","post_date_format_custom":"Y\/m\/d","show_post_category":"1","show_post_reading_time":"0","post_reading_time_wpm":"300","show_zoom_button":"0","zoom_button_out_step":"2","zoom_button_in_step":"3","show_post_tag":"1","show_prev_next_post":"1","show_popup_post":"1","number_popup_post":"1","show_author_box":"0","show_post_related":"0","show_inline_post_related":"0"}],"override_image_size":"0","image_override":[{"single_post_thumbnail_size":"crop-500","single_post_gallery_size":"crop-500"}],"trending_post":"0","trending_post_position":"meta","trending_post_label":"Trending","sponsored_post":"0","sponsored_post_label":"Sponsored by","sponsored_post_name":"","sponsored_post_url":"","sponsored_post_logo_enable":"0","sponsored_post_logo":"","sponsored_post_desc":"","disable_ad":"0"},"jnews_primary_category":{"id":"","hide":""},"jnews_override_bookmark_settings":[],"jnews_review":[],"enable_review":"","type":"","name":"","summary":"","brand":"","sku":"","good":[],"bad":[],"score_override":"","override_value":"","rating":[],"price":[],"jnews_post_split":[],"footnotes":""},"categories":[2],"tags":[11686,367,3954,11687,54,1671],"class_list":["post-53277","post","type-post","status-publish","format-standard","has-post-thumbnail","hentry","category-news-politique","tag-academie-parlementaire","tag-arp","tag-femmes","tag-journee-detudes","tag-tunisie","tag-violence"],"_links":{"self":[{"href":"https:\/\/www.africanchallenges.com\/index.php?rest_route=\/wp\/v2\/posts\/53277","targetHints":{"allow":["GET"]}}],"collection":[{"href":"https:\/\/www.africanchallenges.com\/index.php?rest_route=\/wp\/v2\/posts"}],"about":[{"href":"https:\/\/www.africanchallenges.com\/index.php?rest_route=\/wp\/v2\/types\/post"}],"author":[{"embeddable":true,"href":"https:\/\/www.africanchallenges.com\/index.php?rest_route=\/wp\/v2\/users\/4"}],"replies":[{"embeddable":true,"href":"https:\/\/www.africanchallenges.com\/index.php?rest_route=%2Fwp%2Fv2%2Fcomments&post=53277"}],"version-history":[{"count":1,"href":"https:\/\/www.africanchallenges.com\/index.php?rest_route=\/wp\/v2\/posts\/53277\/revisions"}],"predecessor-version":[{"id":53278,"href":"https:\/\/www.africanchallenges.com\/index.php?rest_route=\/wp\/v2\/posts\/53277\/revisions\/53278"}],"wp:featuredmedia":[{"embeddable":true,"href":"https:\/\/www.africanchallenges.com\/index.php?rest_route=\/wp\/v2\/media\/51525"}],"wp:attachment":[{"href":"https:\/\/www.africanchallenges.com\/index.php?rest_route=%2Fwp%2Fv2%2Fmedia&parent=53277"}],"wp:term":[{"taxonomy":"category","embeddable":true,"href":"https:\/\/www.africanchallenges.com\/index.php?rest_route=%2Fwp%2Fv2%2Fcategories&post=53277"},{"taxonomy":"post_tag","embeddable":true,"href":"https:\/\/www.africanchallenges.com\/index.php?rest_route=%2Fwp%2Fv2%2Ftags&post=53277"}],"curies":[{"name":"wp","href":"https:\/\/api.w.org\/{rel}","templated":true}]}}