{"id":53214,"date":"2024-03-01T14:11:18","date_gmt":"2024-03-01T14:11:18","guid":{"rendered":"https:\/\/www.africanchallenges.com\/?p=53214"},"modified":"2024-03-01T14:12:16","modified_gmt":"2024-03-01T14:12:16","slug":"israel-territoires-palestiniens-la-france-appelle-a-un-cessez-le-feu-immediat-de-toute-urgence-pour-permettre-lacheminement-de-laide-humanitaire-et-la-protection-des-civils-dans-l","status":"publish","type":"post","link":"https:\/\/www.africanchallenges.com\/?p=53214","title":{"rendered":"Isra\u00ebl -Territoires palestiniens:  La France appelle \u00e0 un cessez-le-feu imm\u00e9diat de toute urgence pour permettre l\u2019acheminement de l\u2019aide humanitaire et la protection des civils dans la bande de Gaza"},"content":{"rendered":"\n<p class=\"wp-block-paragraph\">La France exprime sa tr\u00e8s vive \u00e9motion face aux informations faisant \u00e9tat d\u2019un nombre tr\u00e8s important de victimes civiles palestiniennes lors d\u2019une distribution d\u2019aide humanitaire \u00e0 Gaza. Les tirs par des militaires isra\u00e9liens contre des civils tentant d\u2019acc\u00e9der \u00e0 des denr\u00e9es alimentaires sont injustifiables.<\/p>\n\n\n\n<p class=\"wp-block-paragraph\">Nous attendons que toute la lumi\u00e8re soit faite sur les actes mentionn\u00e9s, qui sont d\u2019une tr\u00e8s grande gravit\u00e9. En tout \u00e9tat de cause, il rel\u00e8ve de la responsabilit\u00e9 d\u2019Isra\u00ebl de se conformer aux r\u00e8gles du droit international et de prot\u00e9ger la distribution d\u2019aide humanitaire aux populations civiles.<\/p>\n\n\n\n<p class=\"wp-block-paragraph\">Cet \u00e9v\u00e8nement tragique intervient alors que la situation humanitaire \u00e0 Gaza rel\u00e8ve de l\u2019urgence absolue, et qu\u2019un nombre croissant et insupportable de civils palestiniens souffrent de faim et de maladie.<\/p>\n\n\n\n<p class=\"wp-block-paragraph\">Un cessez-le-feu imm\u00e9diat et durable est n\u00e9cessaire de toute urgence pour permettre l\u2019acheminement \u00e0 grande \u00e9chelle de l\u2019aide humanitaire et la protection des civils dans la bande de Gaza. Cela demeure la priorit\u00e9 de la France.<\/p>\n","protected":false},"excerpt":{"rendered":"<p>La France exprime sa tr\u00e8s vive \u00e9motion face aux informations faisant \u00e9tat d\u2019un nombre tr\u00e8s important de victimes civiles palestiniennes lors d\u2019une distribution d\u2019aide humanitaire \u00e0 Gaza. Les tirs par des militaires isra\u00e9liens contre des civils tentant d\u2019acc\u00e9der \u00e0 des denr\u00e9es alimentaires sont injustifiables. Nous attendons que toute la lumi\u00e8re soit faite sur les actes [&hellip;]<\/p>\n","protected":false},"author":4,"featured_media":53218,"comment_status":"open","ping_status":"closed","sticky":false,"template":"","format":"standard","meta":{"content-type":"","jnews-multi-image_gallery":[],"jnews_single_post":{"subtitle":"","format":"standard","video":"","gallery":"","source_name":"","source_url":"","via_name":"","via_url":"","override_template":"0","override":[{"template":"1","single_blog_custom":"","parallax":"1","fullscreen":"1","layout":"right-sidebar","sidebar":"default-sidebar","second_sidebar":"default-sidebar","sticky_sidebar":"1","share_position":"top","share_float_style":"share-monocrhome","show_share_counter":"1","show_view_counter":"1","show_featured":"1","show_post_meta":"1","show_post_author":"1","show_post_author_image":"1","show_post_date":"1","post_date_format":"default","post_date_format_custom":"Y\/m\/d","show_post_category":"1","show_post_reading_time":"0","post_reading_time_wpm":"300","show_zoom_button":"0","zoom_button_out_step":"2","zoom_button_in_step":"3","show_post_tag":"1","show_prev_next_post":"1","show_popup_post":"1","number_popup_post":"1","show_author_box":"0","show_post_related":"0","show_inline_post_related":"0"}],"override_image_size":"0","image_override":[{"single_post_thumbnail_size":"crop-500","single_post_gallery_size":"crop-500"}],"trending_post":"0","trending_post_position":"meta","trending_post_label":"Trending","sponsored_post":"0","sponsored_post_label":"Sponsored by","sponsored_post_name":"","sponsored_post_url":"","sponsored_post_logo_enable":"0","sponsored_post_logo":"","sponsored_post_desc":"","disable_ad":"0"},"jnews_primary_category":{"id":"","hide":""},"jnews_override_bookmark_settings":[],"jnews_review":[],"enable_review":"","type":"","name":"","summary":"","brand":"","sku":"","good":[],"bad":[],"score_override":"","override_value":"","rating":[],"price":[],"jnews_post_split":[],"footnotes":""},"categories":[2],"tags":[10946,5860,11039,245,11022,2334],"class_list":["post-53214","post","type-post","status-publish","format-standard","has-post-thumbnail","hentry","category-news-politique","tag-aide-humanitaire","tag-cessez-le-feu","tag-civils","tag-france","tag-gaza","tag-protection"],"_links":{"self":[{"href":"https:\/\/www.africanchallenges.com\/index.php?rest_route=\/wp\/v2\/posts\/53214","targetHints":{"allow":["GET"]}}],"collection":[{"href":"https:\/\/www.africanchallenges.com\/index.php?rest_route=\/wp\/v2\/posts"}],"about":[{"href":"https:\/\/www.africanchallenges.com\/index.php?rest_route=\/wp\/v2\/types\/post"}],"author":[{"embeddable":true,"href":"https:\/\/www.africanchallenges.com\/index.php?rest_route=\/wp\/v2\/users\/4"}],"replies":[{"embeddable":true,"href":"https:\/\/www.africanchallenges.com\/index.php?rest_route=%2Fwp%2Fv2%2Fcomments&post=53214"}],"version-history":[{"count":1,"href":"https:\/\/www.africanchallenges.com\/index.php?rest_route=\/wp\/v2\/posts\/53214\/revisions"}],"predecessor-version":[{"id":53219,"href":"https:\/\/www.africanchallenges.com\/index.php?rest_route=\/wp\/v2\/posts\/53214\/revisions\/53219"}],"wp:featuredmedia":[{"embeddable":true,"href":"https:\/\/www.africanchallenges.com\/index.php?rest_route=\/wp\/v2\/media\/53218"}],"wp:attachment":[{"href":"https:\/\/www.africanchallenges.com\/index.php?rest_route=%2Fwp%2Fv2%2Fmedia&parent=53214"}],"wp:term":[{"taxonomy":"category","embeddable":true,"href":"https:\/\/www.africanchallenges.com\/index.php?rest_route=%2Fwp%2Fv2%2Fcategories&post=53214"},{"taxonomy":"post_tag","embeddable":true,"href":"https:\/\/www.africanchallenges.com\/index.php?rest_route=%2Fwp%2Fv2%2Ftags&post=53214"}],"curies":[{"name":"wp","href":"https:\/\/api.w.org\/{rel}","templated":true}]}}