{"id":53175,"date":"2024-02-29T11:46:21","date_gmt":"2024-02-29T11:46:21","guid":{"rendered":"https:\/\/www.africanchallenges.com\/?p=53175"},"modified":"2024-02-29T11:47:19","modified_gmt":"2024-02-29T11:47:19","slug":"tunisie-le-chef-de-letat-demande-que-des-actions-judiciaires-soient-engagees-a-lencontre-des-membres-du-mouvement-sioniste","status":"publish","type":"post","link":"https:\/\/www.africanchallenges.com\/?p=53175","title":{"rendered":"Tunisie : Le chef de l&rsquo;\u00c9tat demande que des actions judiciaires soient engag\u00e9es \u00e0 l&rsquo;encontre des membres du mouvement sioniste"},"content":{"rendered":"\n<p class=\"wp-block-paragraph\">Le pr\u00e9sident de la r\u00e9publique, Ka\u00efs Sa\u00efed, a d\u00e9clar\u00e9 qu&rsquo;il n&rsquo;y aura aucune indulgence envers ceux qui se tournent vers l&rsquo;\u00e9tranger en pr\u00e9vision des \u00e9lections et se prosternent chaque jour devant les cercles \u00e9trangers.<\/p>\n\n\n\n<p class=\"wp-block-paragraph\">Lors d&rsquo;une r\u00e9union hier avec le ministre de l&rsquo;Int\u00e9rieur et ses collaborateurs, o\u00f9 il \u00e9tait question notamment de la lutte contre la sp\u00e9culation \u00e0 l&rsquo;approche du Ramadan, le chef de l&rsquo;\u00c9tat a d\u00e9clar\u00e9 : \u00ab\u00a0Parfois, on dit qu&rsquo;un tel est un candidat soutenu par telle ou telle capitale, et parfois on parle du nom d&rsquo;une personne qui se cache derri\u00e8re une autre et est pr\u00e9sent\u00e9e comme \u00e9tant soutenue par l&rsquo;\u00e9tranger, cette capitale ou une autre\u00a0\u00bb.<\/p>\n\n\n\n<p class=\"wp-block-paragraph\">Ce candidat ne se soucie pas de l&rsquo;int\u00e9r\u00eat du peuple tunisien ou de la Tunisie ; seule la partie qui lui a promis son soutien l&rsquo;int\u00e9resse, \u00e0 l&rsquo;exception du m\u00e9pris que lui portent ces m\u00eames cercles coloniaux dont il cherche le soutien, a-t-il ajout\u00e9 en substance, cit\u00e9 par un communiqu\u00e9 de la pr\u00e9sidence.<\/p>\n\n\n\n<p class=\"wp-block-paragraph\">Ka\u00efs Sa\u00efed a \u00e9galement appel\u00e9 \u00e0 \u00ab\u00a0poursuivre en justice les agents du mouvement sioniste et \u00e0 appliquer les dispositions relatives \u00e0 l&rsquo;atteinte \u00e0 la s\u00fbret\u00e9 de l&rsquo;\u00c9tat ext\u00e9rieur, pr\u00e9vues par le code p\u00e9nal\u00a0\u00bb.<\/p>\n\n\n\n<p class=\"wp-block-paragraph\">\u00ab\u00a0Il y a des personnes qui pr\u00e9tendent soutenir le peuple palestinien et qui \u00e9taient et sont encore des informateurs, percevant de l&rsquo;argent des agresseurs sionistes\u00a0\u00bb, a-t-il r\u00e9v\u00e9l\u00e9.<\/p>\n\n\n\n<p class=\"wp-block-paragraph\">Ces jours-ci en Tunisie, il y a des paradoxes \u00e9tranges. Celui qui a ouvertement proclam\u00e9 sa tra\u00eetrise et qui conteste effront\u00e9ment le droit du peuple palestinien \u00e0 r\u00e9cup\u00e9rer sa terre dans son int\u00e9gralit\u00e9, tout en \u00e9tant \u00e0 l&rsquo;\u00e9tranger, ne fait l&rsquo;objet d&rsquo;aucune poursuite devant les tribunaux tunisiens, a-t-il soulign\u00e9. De plus, \u00ab\u00a0celui qui a admis publiquement que sa campagne \u00e9lectorale de 2019 \u00e9tait soutenue par le mouvement sioniste est maintenant un opposant \u00e0 l&rsquo;\u00e9tranger et re\u00e7oit encore aujourd&rsquo;hui des millions de ce m\u00eame mouvement qui perp\u00e8tre un g\u00e9nocide contre le peuple palestinien pour attaquer son pays\u00a0\u00bb.<\/p>\n\n\n\n<p class=\"wp-block-paragraph\">Parmi les moyens utilis\u00e9s r\u00e9cemment, il y a des m\u00e9dias vendus qui s&rsquo;appr\u00eatent \u00e0 \u00eatre lanc\u00e9s, des \u00e9missions de t\u00e9l\u00e9vision dont la diffusion est programm\u00e9e et les r\u00e9seaux sociaux, a-t-il indiqu\u00e9.<\/p>\n\n\n\n<p class=\"wp-block-paragraph\">Le pr\u00e9sident de la r\u00e9publique a mentionn\u00e9, sans le nommer, \u00ab\u00a0une personne qui se pr\u00e9sente tous les jours comme un expert en strat\u00e9gie et en politique, qui \u00e9tait auparavant candidat sur la liste d&rsquo;un parti pay\u00e9 par le sionisme, se promenait librement dans les couloirs du palais du Bardo et dictait ses ordres pour provoquer l&rsquo;implosion de l&rsquo;\u00c9tat et de la soci\u00e9t\u00e9\u00a0\u00bb.<\/p>\n","protected":false},"excerpt":{"rendered":"<p>Le pr\u00e9sident de la r\u00e9publique, Ka\u00efs Sa\u00efed, a d\u00e9clar\u00e9 qu&rsquo;il n&rsquo;y aura aucune indulgence envers ceux qui se tournent vers l&rsquo;\u00e9tranger en pr\u00e9vision des \u00e9lections et se prosternent chaque jour devant les cercles \u00e9trangers. Lors d&rsquo;une r\u00e9union hier avec le ministre de l&rsquo;Int\u00e9rieur et ses collaborateurs, o\u00f9 il \u00e9tait question notamment de la lutte contre [&hellip;]<\/p>\n","protected":false},"author":4,"featured_media":47447,"comment_status":"open","ping_status":"closed","sticky":false,"template":"","format":"standard","meta":{"content-type":"","jnews-multi-image_gallery":[],"jnews_single_post":{"subtitle":"","format":"standard","video":"","gallery":"","source_name":"","source_url":"","via_name":"","via_url":"","override_template":"0","override":[{"template":"1","single_blog_custom":"","parallax":"1","fullscreen":"1","layout":"right-sidebar","sidebar":"default-sidebar","second_sidebar":"default-sidebar","sticky_sidebar":"1","share_position":"top","share_float_style":"share-monocrhome","show_share_counter":"1","show_view_counter":"1","show_featured":"1","show_post_meta":"1","show_post_author":"1","show_post_author_image":"1","show_post_date":"1","post_date_format":"default","post_date_format_custom":"Y\/m\/d","show_post_category":"1","show_post_reading_time":"0","post_reading_time_wpm":"300","show_zoom_button":"0","zoom_button_out_step":"2","zoom_button_in_step":"3","show_post_tag":"1","show_prev_next_post":"1","show_popup_post":"1","number_popup_post":"1","show_author_box":"0","show_post_related":"0","show_inline_post_related":"0"}],"override_image_size":"0","image_override":[{"single_post_thumbnail_size":"crop-500","single_post_gallery_size":"crop-500"}],"trending_post":"0","trending_post_position":"meta","trending_post_label":"Trending","sponsored_post":"0","sponsored_post_label":"Sponsored by","sponsored_post_name":"","sponsored_post_url":"","sponsored_post_logo_enable":"0","sponsored_post_logo":"","sponsored_post_desc":"","disable_ad":"0"},"jnews_primary_category":{"id":"","hide":""},"jnews_override_bookmark_settings":[],"jnews_review":[],"enable_review":"","type":"","name":"","summary":"","brand":"","sku":"","good":[],"bad":[],"score_override":"","override_value":"","rating":[],"price":[],"jnews_post_split":[],"footnotes":""},"categories":[2],"tags":[11651,3712,11652],"class_list":["post-53175","post","type-post","status-publish","format-standard","has-post-thumbnail","hentry","category-news-politique","tag-actions-judiciaures","tag-kais-saied-2","tag-mouvement-sioniste"],"_links":{"self":[{"href":"https:\/\/www.africanchallenges.com\/index.php?rest_route=\/wp\/v2\/posts\/53175","targetHints":{"allow":["GET"]}}],"collection":[{"href":"https:\/\/www.africanchallenges.com\/index.php?rest_route=\/wp\/v2\/posts"}],"about":[{"href":"https:\/\/www.africanchallenges.com\/index.php?rest_route=\/wp\/v2\/types\/post"}],"author":[{"embeddable":true,"href":"https:\/\/www.africanchallenges.com\/index.php?rest_route=\/wp\/v2\/users\/4"}],"replies":[{"embeddable":true,"href":"https:\/\/www.africanchallenges.com\/index.php?rest_route=%2Fwp%2Fv2%2Fcomments&post=53175"}],"version-history":[{"count":1,"href":"https:\/\/www.africanchallenges.com\/index.php?rest_route=\/wp\/v2\/posts\/53175\/revisions"}],"predecessor-version":[{"id":53176,"href":"https:\/\/www.africanchallenges.com\/index.php?rest_route=\/wp\/v2\/posts\/53175\/revisions\/53176"}],"wp:featuredmedia":[{"embeddable":true,"href":"https:\/\/www.africanchallenges.com\/index.php?rest_route=\/wp\/v2\/media\/47447"}],"wp:attachment":[{"href":"https:\/\/www.africanchallenges.com\/index.php?rest_route=%2Fwp%2Fv2%2Fmedia&parent=53175"}],"wp:term":[{"taxonomy":"category","embeddable":true,"href":"https:\/\/www.africanchallenges.com\/index.php?rest_route=%2Fwp%2Fv2%2Fcategories&post=53175"},{"taxonomy":"post_tag","embeddable":true,"href":"https:\/\/www.africanchallenges.com\/index.php?rest_route=%2Fwp%2Fv2%2Ftags&post=53175"}],"curies":[{"name":"wp","href":"https:\/\/api.w.org\/{rel}","templated":true}]}}