{"id":53097,"date":"2024-02-24T21:14:17","date_gmt":"2024-02-24T21:14:17","guid":{"rendered":"https:\/\/www.africanchallenges.com\/?p=53097"},"modified":"2024-02-24T21:19:49","modified_gmt":"2024-02-24T21:19:49","slug":"tunisie-les-premieres-journees-nationales-de-leconomie-bas-carbone-tunisia-low-carbon-economy-2024-les-25-et-26-septembre-2024-a-hammamet","status":"publish","type":"post","link":"https:\/\/www.africanchallenges.com\/?p=53097","title":{"rendered":"Tunisie : Les premi\u00e8res journ\u00e9es nationales de l\u2019\u00e9conomie \u201cbas carbone\u201d, Tunisia Low Carbon Economy 2024 , les 25 et 26 Septembre 2024 \u00e0 Hammamet"},"content":{"rendered":"\n<p class=\"wp-block-paragraph\">COP 28, la Conf\u00e9rence des Nations Unies sur les changements climatiques, organis\u00e9e \u00e0 Duba\u00ef en d\u00e9cembre 2023, a \u00e9t\u00e9 couronn\u00e9e par un accord qualifi\u00e9 d\u2019historique, ouvrant la voie \u00e0 une transition graduelle des \u00e9conomies nationales vers la Neutralit\u00e9 Carbone, bannissant les \u00e9nergies fossiles et utilisant exclusivement les \u00e9nergies renouvelables.<\/p>\n\n\n\n<p class=\"wp-block-paragraph\">L\u2019\u00e9conomie \u201cbas carbone\u201d entend r\u00e9pondre au redoutable d\u00e9fi que constitue le r\u00e9chauffement climatique pour le d\u00e9veloppement des soci\u00e9t\u00e9s humaines. Avec la croissance ininterrompue de la population mondiale et du volume de l\u2019\u00e9conomie, l\u2019Homme est de plus en plus pr\u00e9occup\u00e9 par les questions environnementales soulev\u00e9es par l\u2019exploitation \u00e9nerg\u00e9tique, allant de la fum\u00e9e aux nuages chimiques et aux pluies acides, en passant par le r\u00e9chauffement climatique global li\u00e9 \u00e0 l\u2019augmentation de la concentration de dioxyde de carbone dans l\u2019atmosph\u00e8re.<\/p>\n\n\n\n<p class=\"wp-block-paragraph\">Le changement des concepts li\u00e9s \u00e0 l\u2019\u00e9nergie, \u00e0 l\u2019\u00e9conomie et aux valeurs, permettra peut-\u00eatre de tracer un nouveau chemin menant \u00e0 la culture \u00e9cologique : rejeter le mod\u00e8le de croissance du 20\u00e8me si\u00e8cle, utiliser directement de nouvelles technologies et instaurer de nouveaux m\u00e9canismes, mettre en valeur l\u2019\u00e9conomie bas carbone et un mode de vie \u00e9cologique et consacrer de ce fait la soci\u00e9t\u00e9 durable qui prot\u00e8ge l\u2019homme et son environnement.<\/p>\n\n\n\n<p class=\"wp-block-paragraph\">C\u2019est dans ce cadre que Inside ESG, premier cabinet tunisien de mise en place de strat\u00e9gies ESG et Empreinte Carbone, se propose d\u2019organiser en partenariat avec le Tunisia Green Building Council, les 25 et 26 Septembre 2024 \u00e0 Hammamet, les premi\u00e8res journ\u00e9es nationales de l\u2019\u00e9conomie \u201cbas carbone\u201d, Tunisia Low Carbon Economy 2024, en partenariat avec plusieurs organismes nationaux et internationaux qui ont adh\u00e9r\u00e9 \u00e0 son initiative avant-gardiste.<\/p>\n\n\n\n<p class=\"wp-block-paragraph\">Cet \u00e9v\u00e9nement s\u2019inscrit dans le droit fil de la strat\u00e9gie tunisienne qui vise la migration vers une \u00e9conomie verte, protectrice de l\u2019environnement et \u00e0 faibles \u00e9missions de CO2.<\/p>\n\n\n\n<p class=\"wp-block-paragraph\">Tunisia Low Carbon Economy 2024 sera un forum international \u00e0 multiples rencontres de haut niveau, anim\u00e9es par des experts nationaux et internationaux, qui permettraient l\u2019\u00e9change d\u2019exp\u00e9riences et expertises et la pr\u00e9sentation de m\u00e9canismes innovants et de solutions performantes, en rapport avec le th\u00e8me principal du Forum :<\/p>\n\n\n\n<p class=\"wp-block-paragraph\">-ESG<\/p>\n\n\n\n<p class=\"wp-block-paragraph\">-Empreinte et Bilan Carbone<\/p>\n\n\n\n<p class=\"wp-block-paragraph\">-Cr\u00e9dits Carbone<\/p>\n\n\n\n<p class=\"wp-block-paragraph\">-Industrie Verte<\/p>\n\n\n\n<p class=\"wp-block-paragraph\">-Efficacit\u00e9 \u00e9nerg\u00e9tique<\/p>\n\n\n\n<p class=\"wp-block-paragraph\">-Energies renouvelables (Photovolta\u00efque, Hydrog\u00e8ne vert, etc.)<\/p>\n\n\n\n<p class=\"wp-block-paragraph\">-MACF (M\u00e9canismes d\u2019ajustement carbone aux fronti\u00e8res europ\u00e9ennes)<\/p>\n\n\n\n<p class=\"wp-block-paragraph\">-Certification \u201cEmpreinte carbone\u201d<\/p>\n\n\n\n<p class=\"wp-block-paragraph\">-Finance verte<\/p>\n\n\n\n<p class=\"wp-block-paragraph\">-Transport intelligent<\/p>\n\n\n\n<p class=\"wp-block-paragraph\">-Smart Cities<\/p>\n\n\n\n<p class=\"wp-block-paragraph\">-Green IT<\/p>\n\n\n\n<p class=\"wp-block-paragraph\">-Green Building<\/p>\n\n\n\n<p class=\"wp-block-paragraph\">-Green Health Care<\/p>\n\n\n\n<p class=\"wp-block-paragraph\">-AGROVOLTAICS<\/p>\n\n\n\n<p class=\"wp-block-paragraph\"><\/p>\n\n\n\n<p class=\"wp-block-paragraph\">Une attention tr\u00e8s particuli\u00e8re sera accord\u00e9e aux M\u00e9canismes d\u2019ajustement carbone aux fronti\u00e8res europ\u00e9ennes \u2013MACF, pour sensibiliser les entreprises tunisiennes et inciter les entreprises exportatrices tunisiennes \u00e0 \u00eatre UP TO DATE et se conformer aux nouvelles exigences et normes europ\u00e9ennes afin d\u2019\u00e9viter la taxe carbone qui sera applicable \u00e0 partir de 2026. (Environ 90 Euros la Tonne). Des experts nationaux et internationaux animeront plusieurs panels \u00e0 cet effet.<\/p>\n\n\n\n<p class=\"wp-block-paragraph\">En marge du Forum, se tiendra une exposition destin\u00e9e \u00e0 promouvoir les produits et services des op\u00e9rateurs nationaux et internationaux dont l\u2019activit\u00e9 se rapporte \u00e0 l\u2019\u00e9conomie Bas Carbone, ainsi que ceux des partenaires de l\u2019organisation.<\/p>\n\n\n\n<p class=\"wp-block-paragraph\">En cl\u00f4ture, une c\u00e9r\u00e9monie en l\u2019honneur des entreprises tunisiennes qui auront adopt\u00e9 une politique Bas Carbone performante, sera organis\u00e9e.<\/p>\n\n\n\n<p class=\"wp-block-paragraph\">Tunisia Low Carbon Economy 2024 sera un \u00e9v\u00e9nement innovant et f\u00e9d\u00e9rateur, en compl\u00e8te symbiose avec les nouvelles orientations nationales et internationales dans ce domaine. Il touchera \u00e0 tous les aspects de l\u2019\u00e9conomie d\u2019\u00e9nergie avec comme objectif principal :la diminution des \u00e9missions CO2 et ce \u00e0 travers toutes les nouvelles solutions internationales dans ce domaine et les soumettre aux entreprises tunisiennes pour garantir une efficacit\u00e9 \u00e9nerg\u00e9tique innovante et performante et migrer vers une \u00e9conomie verte respectueuse de l\u2019environnement et amie de la nature.<\/p>\n","protected":false},"excerpt":{"rendered":"<p>COP 28, la Conf\u00e9rence des Nations Unies sur les changements climatiques, organis\u00e9e \u00e0 Duba\u00ef en d\u00e9cembre 2023, a \u00e9t\u00e9 couronn\u00e9e par un accord qualifi\u00e9 d\u2019historique, ouvrant la voie \u00e0 une transition graduelle des \u00e9conomies nationales vers la Neutralit\u00e9 Carbone, bannissant les \u00e9nergies fossiles et utilisant exclusivement les \u00e9nergies renouvelables. L\u2019\u00e9conomie \u201cbas carbone\u201d entend r\u00e9pondre au [&hellip;]<\/p>\n","protected":false},"author":4,"featured_media":43469,"comment_status":"open","ping_status":"closed","sticky":false,"template":"","format":"standard","meta":{"content-type":"","jnews-multi-image_gallery":[],"jnews_single_post":{"subtitle":"","format":"standard","video":"","gallery":"","source_name":"","source_url":"","via_name":"","via_url":"","override_template":"0","override":[{"template":"1","single_blog_custom":"","parallax":"1","fullscreen":"1","layout":"right-sidebar","sidebar":"default-sidebar","second_sidebar":"default-sidebar","sticky_sidebar":"1","share_position":"top","share_float_style":"share-monocrhome","show_share_counter":"1","show_view_counter":"1","show_featured":"1","show_post_meta":"1","show_post_author":"1","show_post_author_image":"1","show_post_date":"1","post_date_format":"default","post_date_format_custom":"Y\/m\/d","show_post_category":"1","show_post_reading_time":"0","post_reading_time_wpm":"300","show_zoom_button":"0","zoom_button_out_step":"2","zoom_button_in_step":"3","show_post_tag":"1","show_prev_next_post":"1","show_popup_post":"1","number_popup_post":"1","show_author_box":"0","show_post_related":"0","show_inline_post_related":"0"}],"override_image_size":"0","image_override":[{"single_post_thumbnail_size":"crop-500","single_post_gallery_size":"crop-500"}],"trending_post":"0","trending_post_position":"meta","trending_post_label":"Trending","sponsored_post":"0","sponsored_post_label":"Sponsored by","sponsored_post_name":"","sponsored_post_url":"","sponsored_post_logo_enable":"0","sponsored_post_logo":"","sponsored_post_desc":"","disable_ad":"0"},"jnews_primary_category":{"id":"","hide":""},"jnews_override_bookmark_settings":[],"jnews_review":[],"enable_review":"","type":"","name":"","summary":"","brand":"","sku":"","good":[],"bad":[],"score_override":"","override_value":"","rating":[],"price":[],"jnews_post_split":[],"footnotes":""},"categories":[43,73],"tags":[10727,1411,11624,11625],"class_list":["post-53097","post","type-post","status-publish","format-standard","has-post-thumbnail","hentry","category-eco-business","category-eco","tag-cop28","tag-energies-renouvelables","tag-les-premieres-journees-nationales-de-leconomie-bas-carbone","tag-tunisia-low-carbon-economy-2024"],"_links":{"self":[{"href":"https:\/\/www.africanchallenges.com\/index.php?rest_route=\/wp\/v2\/posts\/53097","targetHints":{"allow":["GET"]}}],"collection":[{"href":"https:\/\/www.africanchallenges.com\/index.php?rest_route=\/wp\/v2\/posts"}],"about":[{"href":"https:\/\/www.africanchallenges.com\/index.php?rest_route=\/wp\/v2\/types\/post"}],"author":[{"embeddable":true,"href":"https:\/\/www.africanchallenges.com\/index.php?rest_route=\/wp\/v2\/users\/4"}],"replies":[{"embeddable":true,"href":"https:\/\/www.africanchallenges.com\/index.php?rest_route=%2Fwp%2Fv2%2Fcomments&post=53097"}],"version-history":[{"count":1,"href":"https:\/\/www.africanchallenges.com\/index.php?rest_route=\/wp\/v2\/posts\/53097\/revisions"}],"predecessor-version":[{"id":53098,"href":"https:\/\/www.africanchallenges.com\/index.php?rest_route=\/wp\/v2\/posts\/53097\/revisions\/53098"}],"wp:featuredmedia":[{"embeddable":true,"href":"https:\/\/www.africanchallenges.com\/index.php?rest_route=\/wp\/v2\/media\/43469"}],"wp:attachment":[{"href":"https:\/\/www.africanchallenges.com\/index.php?rest_route=%2Fwp%2Fv2%2Fmedia&parent=53097"}],"wp:term":[{"taxonomy":"category","embeddable":true,"href":"https:\/\/www.africanchallenges.com\/index.php?rest_route=%2Fwp%2Fv2%2Fcategories&post=53097"},{"taxonomy":"post_tag","embeddable":true,"href":"https:\/\/www.africanchallenges.com\/index.php?rest_route=%2Fwp%2Fv2%2Ftags&post=53097"}],"curies":[{"name":"wp","href":"https:\/\/api.w.org\/{rel}","templated":true}]}}