{"id":52832,"date":"2024-02-14T11:45:01","date_gmt":"2024-02-14T11:45:01","guid":{"rendered":"https:\/\/www.africanchallenges.com\/?p=52832"},"modified":"2024-02-14T20:36:25","modified_gmt":"2024-02-14T20:36:25","slug":"tunisie-les-retraites-protestent-et-appellent-a-reajuster-les-pensions-en-tunisie","status":"publish","type":"post","link":"https:\/\/www.africanchallenges.com\/?p=52832","title":{"rendered":"Tunisie : Les Retrait\u00e9s protestent et appellent \u00e0 r\u00e9ajuster les pensions en Tunisie"},"content":{"rendered":"\n<p class=\"wp-block-paragraph\">La &nbsp;F\u00e9d\u00e9ration g\u00e9n\u00e9rale des retrait\u00e9s a organis\u00e9, ce mercredi 14 f\u00e9vrier 2024, un mouvement de protestation \u00e0 Tunis, visant \u00e0 revendiquer le r\u00e9ajustement des pensions et l\u2019am\u00e9lioration des conditions de vie des retrait\u00e9s.<\/p>\n\n\n\n<p class=\"wp-block-paragraph\">Abdelkader Nasri, secr\u00e9taire g\u00e9n\u00e9ral de la F\u00e9d\u00e9ration g\u00e9n\u00e9rale des retrait\u00e9s, a exprim\u00e9 les pr\u00e9occupations des retrait\u00e9s lors d\u2019une intervention m\u00e9diatique. Il a menac\u00e9 d\u2019escalade, indiquant que les retrait\u00e9s utiliseront tous les moyens l\u00e9gaux \u00e0 leur disposition pour faire entendre leur voix et d\u00e9fendre leur cause.<\/p>\n\n\n\n<p class=\"wp-block-paragraph\">Plus d\u2019un million de retrait\u00e9s sont concern\u00e9s par la demande de r\u00e9ajustement des pensions, dont 800 000 sont affili\u00e9s \u00e0 la Caisse Nationale de S\u00e9curit\u00e9 Sociale (CNSS) et 380 000 \u00e0 la Caisse Nationale de Retraite et de Pr\u00e9voyance Sociale (CNRPS).<\/p>\n\n\n\n<p class=\"wp-block-paragraph\">Il est \u00e0 noter que sur un total de 1,2 million de retrait\u00e9s, 500 000 per\u00e7oivent actuellement une pension inf\u00e9rieure au salaire minimum garanti. En outre, environ 700 000 retrait\u00e9s du secteur priv\u00e9 attendent toujours le versement de leurs droits, tandis que ceux de la fonction publique et du secteur public ont b\u00e9n\u00e9fici\u00e9 d\u2019une augmentation d\u2019environ 6%.<\/p>\n","protected":false},"excerpt":{"rendered":"<p>La &nbsp;F\u00e9d\u00e9ration g\u00e9n\u00e9rale des retrait\u00e9s a organis\u00e9, ce mercredi 14 f\u00e9vrier 2024, un mouvement de protestation \u00e0 Tunis, visant \u00e0 revendiquer le r\u00e9ajustement des pensions et l\u2019am\u00e9lioration des conditions de vie des retrait\u00e9s. Abdelkader Nasri, secr\u00e9taire g\u00e9n\u00e9ral de la F\u00e9d\u00e9ration g\u00e9n\u00e9rale des retrait\u00e9s, a exprim\u00e9 les pr\u00e9occupations des retrait\u00e9s lors d\u2019une intervention m\u00e9diatique. Il a [&hellip;]<\/p>\n","protected":false},"author":4,"featured_media":52833,"comment_status":"open","ping_status":"closed","sticky":false,"template":"","format":"standard","meta":{"content-type":"","jnews-multi-image_gallery":[],"jnews_single_post":{"subtitle":"","format":"standard","video":"","gallery":"","source_name":"","source_url":"","via_name":"","via_url":"","override_template":"0","override":[{"template":"1","single_blog_custom":"","parallax":"1","fullscreen":"1","layout":"right-sidebar","sidebar":"default-sidebar","second_sidebar":"default-sidebar","sticky_sidebar":"1","share_position":"top","share_float_style":"share-monocrhome","show_share_counter":"1","show_view_counter":"1","show_featured":"1","show_post_meta":"1","show_post_author":"1","show_post_author_image":"1","show_post_date":"1","post_date_format":"default","post_date_format_custom":"Y\/m\/d","show_post_category":"1","show_post_reading_time":"0","post_reading_time_wpm":"300","show_zoom_button":"0","zoom_button_out_step":"2","zoom_button_in_step":"3","show_post_tag":"1","show_prev_next_post":"1","show_popup_post":"1","number_popup_post":"1","show_author_box":"0","show_post_related":"0","show_inline_post_related":"0"}],"override_image_size":"0","image_override":[{"single_post_thumbnail_size":"crop-500","single_post_gallery_size":"crop-500"}],"trending_post":"0","trending_post_position":"meta","trending_post_label":"Trending","sponsored_post":"0","sponsored_post_label":"Sponsored by","sponsored_post_name":"","sponsored_post_url":"","sponsored_post_logo_enable":"0","sponsored_post_logo":"","sponsored_post_desc":"","disable_ad":"0"},"jnews_primary_category":{"id":"","hide":""},"jnews_override_bookmark_settings":[],"jnews_review":[],"enable_review":"","type":"","name":"","summary":"","brand":"","sku":"","good":[],"bad":[],"score_override":"","override_value":"","rating":[],"price":[],"jnews_post_split":[],"footnotes":""},"categories":[61],"tags":[7159,6095,7160,54],"class_list":["post-52832","post","type-post","status-publish","format-standard","has-post-thumbnail","hentry","category-societe","tag-pensions","tag-protestation","tag-retraites","tag-tunisie"],"_links":{"self":[{"href":"https:\/\/www.africanchallenges.com\/index.php?rest_route=\/wp\/v2\/posts\/52832","targetHints":{"allow":["GET"]}}],"collection":[{"href":"https:\/\/www.africanchallenges.com\/index.php?rest_route=\/wp\/v2\/posts"}],"about":[{"href":"https:\/\/www.africanchallenges.com\/index.php?rest_route=\/wp\/v2\/types\/post"}],"author":[{"embeddable":true,"href":"https:\/\/www.africanchallenges.com\/index.php?rest_route=\/wp\/v2\/users\/4"}],"replies":[{"embeddable":true,"href":"https:\/\/www.africanchallenges.com\/index.php?rest_route=%2Fwp%2Fv2%2Fcomments&post=52832"}],"version-history":[{"count":1,"href":"https:\/\/www.africanchallenges.com\/index.php?rest_route=\/wp\/v2\/posts\/52832\/revisions"}],"predecessor-version":[{"id":52834,"href":"https:\/\/www.africanchallenges.com\/index.php?rest_route=\/wp\/v2\/posts\/52832\/revisions\/52834"}],"wp:featuredmedia":[{"embeddable":true,"href":"https:\/\/www.africanchallenges.com\/index.php?rest_route=\/wp\/v2\/media\/52833"}],"wp:attachment":[{"href":"https:\/\/www.africanchallenges.com\/index.php?rest_route=%2Fwp%2Fv2%2Fmedia&parent=52832"}],"wp:term":[{"taxonomy":"category","embeddable":true,"href":"https:\/\/www.africanchallenges.com\/index.php?rest_route=%2Fwp%2Fv2%2Fcategories&post=52832"},{"taxonomy":"post_tag","embeddable":true,"href":"https:\/\/www.africanchallenges.com\/index.php?rest_route=%2Fwp%2Fv2%2Ftags&post=52832"}],"curies":[{"name":"wp","href":"https:\/\/api.w.org\/{rel}","templated":true}]}}