{"id":52829,"date":"2024-02-14T11:29:08","date_gmt":"2024-02-14T11:29:08","guid":{"rendered":"https:\/\/www.africanchallenges.com\/?p=52829"},"modified":"2024-02-14T11:32:15","modified_gmt":"2024-02-14T11:32:15","slug":"tunisie-le-chef-de-letat-confirme-la-tenue-de-la-de-la-38e-edition-du-salon-international-du-livre-de-tunis-a-sa-date-prevue","status":"publish","type":"post","link":"https:\/\/www.africanchallenges.com\/?p=52829","title":{"rendered":"Tunisie : Le chef de l&rsquo;Etat confirme la tenue de la 38\u00e8 \u00e9dition du Salon international du livre de Tunis \u00e0 sa date pr\u00e9vue"},"content":{"rendered":"\n<p class=\"wp-block-paragraph\">Le Pr\u00e9sident de la R\u00e9publique, Ka\u00efs Sa\u00efed a confirm\u00e9 la tenue de la 38\u00e8 \u00e9dition du Salon international du livre de Tunis qui se tiendrait \u00e0 la date pr\u00e9vue . Cette d\u00e9cision souligne l\u2019importance historique de cette manifestation dans la promotion de la vie culturelle en Tunisie et la stimulation de la cr\u00e9ativit\u00e9, tant au niveau national qu\u2019international.<\/p>\n\n\n\n<p class=\"wp-block-paragraph\">\u00ab Pr\u00e9vu du 19 au 28 avril 2024, au Palais des Expositions du Kram, ce salon du livre, maintenu conform\u00e9ment aux plans \u00e9tablis, constitue un pilier essentiel dans la promotion de la litt\u00e9rature, des auteurs, et de la diversit\u00e9 \u00e9ditoriale \u00bb, lit-on dans un communiqu\u00e9 du minist\u00e8re des Affaires Culturelles.<\/p>\n\n\n\n<p class=\"wp-block-paragraph\">\u00ab Le Pr\u00e9sident Sa\u00efed, convaincu du r\u00f4le crucial de la culture dans le d\u00e9veloppement social, a exprim\u00e9 son soutien ind\u00e9fectible \u00e0 cet \u00e9v\u00e9nement qui joue un r\u00f4le majeur dans la dynamique culturelle du pays \u00bb.<\/p>\n\n\n\n<p class=\"wp-block-paragraph\">A noter que le 10 f\u00e9vrier dernier, cet \u00e9v\u00e8nement avait suscit\u00e9 l\u2019indignation de l\u2019opinion publique apr\u00e8s l\u2019annonce de son annulation par les autorit\u00e9s, sans donner la moindre explication, ni de date pour un \u00e9ventuel report.<\/p>\n","protected":false},"excerpt":{"rendered":"<p>Le Pr\u00e9sident de la R\u00e9publique, Ka\u00efs Sa\u00efed a confirm\u00e9 la tenue de la 38\u00e8 \u00e9dition du Salon international du livre de Tunis qui se tiendrait \u00e0 la date pr\u00e9vue . Cette d\u00e9cision souligne l\u2019importance historique de cette manifestation dans la promotion de la vie culturelle en Tunisie et la stimulation de la cr\u00e9ativit\u00e9, tant au [&hellip;]<\/p>\n","protected":false},"author":4,"featured_media":51789,"comment_status":"open","ping_status":"closed","sticky":false,"template":"","format":"standard","meta":{"content-type":"","jnews-multi-image_gallery":[],"jnews_single_post":{"subtitle":"","format":"standard","video":"","gallery":"","source_name":"","source_url":"","via_name":"","via_url":"","override_template":"0","override":[{"template":"1","single_blog_custom":"","parallax":"1","fullscreen":"1","layout":"right-sidebar","sidebar":"default-sidebar","second_sidebar":"default-sidebar","sticky_sidebar":"1","share_position":"top","share_float_style":"share-monocrhome","show_share_counter":"1","show_view_counter":"1","show_featured":"1","show_post_meta":"1","show_post_author":"1","show_post_author_image":"1","show_post_date":"1","post_date_format":"default","post_date_format_custom":"Y\/m\/d","show_post_category":"1","show_post_reading_time":"0","post_reading_time_wpm":"300","show_zoom_button":"0","zoom_button_out_step":"2","zoom_button_in_step":"3","show_post_tag":"1","show_prev_next_post":"1","show_popup_post":"1","number_popup_post":"1","show_author_box":"0","show_post_related":"0","show_inline_post_related":"0"}],"override_image_size":"0","image_override":[{"single_post_thumbnail_size":"crop-500","single_post_gallery_size":"crop-500"}],"trending_post":"0","trending_post_position":"meta","trending_post_label":"Trending","sponsored_post":"0","sponsored_post_label":"Sponsored by","sponsored_post_name":"","sponsored_post_url":"","sponsored_post_logo_enable":"0","sponsored_post_logo":"","sponsored_post_desc":"","disable_ad":"0"},"jnews_primary_category":{"id":"","hide":""},"jnews_override_bookmark_settings":[],"jnews_review":[],"enable_review":"","type":"","name":"","summary":"","brand":"","sku":"","good":[],"bad":[],"score_override":"","override_value":"","rating":[],"price":[],"jnews_post_split":[],"footnotes":""},"categories":[17],"tags":[11521,3712,11519,11520],"class_list":["post-52829","post","type-post","status-publish","format-standard","has-post-thumbnail","hentry","category-entertainment","tag-confirmee","tag-kais-saied-2","tag-salon-international-du-livre-de-tunis","tag-tenue"],"_links":{"self":[{"href":"https:\/\/www.africanchallenges.com\/index.php?rest_route=\/wp\/v2\/posts\/52829","targetHints":{"allow":["GET"]}}],"collection":[{"href":"https:\/\/www.africanchallenges.com\/index.php?rest_route=\/wp\/v2\/posts"}],"about":[{"href":"https:\/\/www.africanchallenges.com\/index.php?rest_route=\/wp\/v2\/types\/post"}],"author":[{"embeddable":true,"href":"https:\/\/www.africanchallenges.com\/index.php?rest_route=\/wp\/v2\/users\/4"}],"replies":[{"embeddable":true,"href":"https:\/\/www.africanchallenges.com\/index.php?rest_route=%2Fwp%2Fv2%2Fcomments&post=52829"}],"version-history":[{"count":2,"href":"https:\/\/www.africanchallenges.com\/index.php?rest_route=\/wp\/v2\/posts\/52829\/revisions"}],"predecessor-version":[{"id":52831,"href":"https:\/\/www.africanchallenges.com\/index.php?rest_route=\/wp\/v2\/posts\/52829\/revisions\/52831"}],"wp:featuredmedia":[{"embeddable":true,"href":"https:\/\/www.africanchallenges.com\/index.php?rest_route=\/wp\/v2\/media\/51789"}],"wp:attachment":[{"href":"https:\/\/www.africanchallenges.com\/index.php?rest_route=%2Fwp%2Fv2%2Fmedia&parent=52829"}],"wp:term":[{"taxonomy":"category","embeddable":true,"href":"https:\/\/www.africanchallenges.com\/index.php?rest_route=%2Fwp%2Fv2%2Fcategories&post=52829"},{"taxonomy":"post_tag","embeddable":true,"href":"https:\/\/www.africanchallenges.com\/index.php?rest_route=%2Fwp%2Fv2%2Ftags&post=52829"}],"curies":[{"name":"wp","href":"https:\/\/api.w.org\/{rel}","templated":true}]}}