{"id":52792,"date":"2024-02-12T18:15:45","date_gmt":"2024-02-12T18:15:45","guid":{"rendered":"https:\/\/www.africanchallenges.com\/?p=52792"},"modified":"2024-02-12T18:23:03","modified_gmt":"2024-02-12T18:23:03","slug":"la-france-exprime-sa-plus-vive-preoccupation-apres-les-frappes-israeliennes-intervenues-a-rafah","status":"publish","type":"post","link":"https:\/\/www.africanchallenges.com\/?p=52792","title":{"rendered":"La France exprime sa plus vive pr\u00e9occupation apr\u00e8s les frappes isra\u00e9liennes intervenues \u00e0 Rafah"},"content":{"rendered":"\n<p class=\"wp-block-paragraph\"><strong>D\u00c9CLARATION DU PORTE-PAROLE ADJOINT DU MINIST\u00c8RE DE L\u2019EUROPE ET DES AFFAIRES \u00c9TRANG\u00c8RES<\/strong>:<strong>(11 F\u00e9vrier)<\/strong><\/p>\n\n\n\n<p class=\"wp-block-paragraph\">\u00ab\u00a0Rafah est aujourd\u2019hui un lieu o\u00f9 plus de 1,3 million de personnes se r\u00e9fugient. C\u2019est aussi un point de passage vital pour acheminer l\u2019aide humanitaire pour la population de Gaza. Une offensive isra\u00e9lienne \u00e0 grande \u00e9chelle \u00e0 Rafah cr\u00e9erait une situation humanitaire catastrophique d\u2019une nouvelle dimension et injustifiable.\u00a0Afin d\u2019\u00e9viter un d\u00e9sastre, nous r\u00e9it\u00e9rons notre appel \u00e0 un arr\u00eat des combats.<\/p>\n\n\n\n<p class=\"wp-block-paragraph\">Isra\u00ebl doit prendre des mesures concr\u00e8tes pour prot\u00e9ger la vie des populations civiles \u00e0 Gaza.<\/p>\n\n\n\n<p class=\"wp-block-paragraph\">\u00c0 Gaza comme partout ailleurs, la France s\u2019oppose \u00e0 tout d\u00e9placement forc\u00e9 de populations, proscrit par le droit international humanitaire.<\/p>\n\n\n\n<p class=\"wp-block-paragraph\">L\u2019avenir de la bande de Gaza et de ses habitants ne pourra s\u2019inscrire que dans un \u00c9tat palestinien vivant en paix et en s\u00e9curit\u00e9 aux c\u00f4t\u00e9s d\u2019Isra\u00ebl.\u00a0\u00bb<\/p>\n\n\n\n<p class=\"wp-block-paragraph\"><\/p>\n\n\n\n<p class=\"wp-block-paragraph\"><a href=\"https:\/\/www.diplomatie.gouv.fr\/fr\/dossiers-pays\/israel-territoires-palestiniens\/actualites-et-evenements\/2024\/article\/israel-territoires-palestiniens-frappes-israeliennes-a-rafah-11-02-24\">https:\/\/www.diplomatie.gouv.fr\/fr\/dossiers-pays\/israel-territoires-palestiniens\/actualites-et-evenements\/2024\/article\/israel-territoires-palestiniens-frappes-israeliennes-a-rafah-11-02-24<\/a><\/p>\n","protected":false},"excerpt":{"rendered":"<p>D\u00c9CLARATION DU PORTE-PAROLE ADJOINT DU MINIST\u00c8RE DE L\u2019EUROPE ET DES AFFAIRES \u00c9TRANG\u00c8RES:(11 F\u00e9vrier) \u00ab\u00a0Rafah est aujourd\u2019hui un lieu o\u00f9 plus de 1,3 million de personnes se r\u00e9fugient. C\u2019est aussi un point de passage vital pour acheminer l\u2019aide humanitaire pour la population de Gaza. Une offensive isra\u00e9lienne \u00e0 grande \u00e9chelle \u00e0 Rafah cr\u00e9erait une situation humanitaire [&hellip;]<\/p>\n","protected":false},"author":4,"featured_media":51098,"comment_status":"open","ping_status":"closed","sticky":false,"template":"","format":"standard","meta":{"content-type":"","jnews-multi-image_gallery":[],"jnews_single_post":{"subtitle":"","format":"standard","video":"","gallery":"","source_name":"","source_url":"","via_name":"","via_url":"","override_template":"0","override":[{"template":"1","single_blog_custom":"","parallax":"1","fullscreen":"1","layout":"right-sidebar","sidebar":"default-sidebar","second_sidebar":"default-sidebar","sticky_sidebar":"1","share_position":"top","share_float_style":"share-monocrhome","show_share_counter":"1","show_view_counter":"1","show_featured":"1","show_post_meta":"1","show_post_author":"1","show_post_author_image":"1","show_post_date":"1","post_date_format":"default","post_date_format_custom":"Y\/m\/d","show_post_category":"1","show_post_reading_time":"0","post_reading_time_wpm":"300","show_zoom_button":"0","zoom_button_out_step":"2","zoom_button_in_step":"3","show_post_tag":"1","show_prev_next_post":"1","show_popup_post":"1","number_popup_post":"1","show_author_box":"0","show_post_related":"0","show_inline_post_related":"0"}],"override_image_size":"0","image_override":[{"single_post_thumbnail_size":"crop-500","single_post_gallery_size":"crop-500"}],"trending_post":"0","trending_post_position":"meta","trending_post_label":"Trending","sponsored_post":"0","sponsored_post_label":"Sponsored by","sponsored_post_name":"","sponsored_post_url":"","sponsored_post_logo_enable":"0","sponsored_post_logo":"","sponsored_post_desc":"","disable_ad":"0"},"jnews_primary_category":{"id":"","hide":""},"jnews_override_bookmark_settings":[],"jnews_review":[],"enable_review":"","type":"","name":"","summary":"","brand":"","sku":"","good":[],"bad":[],"score_override":"","override_value":"","rating":[],"price":[],"jnews_post_split":[],"footnotes":""},"categories":[2],"tags":[245,11509,11508,11510],"class_list":["post-52792","post","type-post","status-publish","format-standard","has-post-thumbnail","hentry","category-news-politique","tag-france","tag-frappes-israeliennes","tag-preoccupation","tag-rafah"],"_links":{"self":[{"href":"https:\/\/www.africanchallenges.com\/index.php?rest_route=\/wp\/v2\/posts\/52792","targetHints":{"allow":["GET"]}}],"collection":[{"href":"https:\/\/www.africanchallenges.com\/index.php?rest_route=\/wp\/v2\/posts"}],"about":[{"href":"https:\/\/www.africanchallenges.com\/index.php?rest_route=\/wp\/v2\/types\/post"}],"author":[{"embeddable":true,"href":"https:\/\/www.africanchallenges.com\/index.php?rest_route=\/wp\/v2\/users\/4"}],"replies":[{"embeddable":true,"href":"https:\/\/www.africanchallenges.com\/index.php?rest_route=%2Fwp%2Fv2%2Fcomments&post=52792"}],"version-history":[{"count":4,"href":"https:\/\/www.africanchallenges.com\/index.php?rest_route=\/wp\/v2\/posts\/52792\/revisions"}],"predecessor-version":[{"id":52798,"href":"https:\/\/www.africanchallenges.com\/index.php?rest_route=\/wp\/v2\/posts\/52792\/revisions\/52798"}],"wp:featuredmedia":[{"embeddable":true,"href":"https:\/\/www.africanchallenges.com\/index.php?rest_route=\/wp\/v2\/media\/51098"}],"wp:attachment":[{"href":"https:\/\/www.africanchallenges.com\/index.php?rest_route=%2Fwp%2Fv2%2Fmedia&parent=52792"}],"wp:term":[{"taxonomy":"category","embeddable":true,"href":"https:\/\/www.africanchallenges.com\/index.php?rest_route=%2Fwp%2Fv2%2Fcategories&post=52792"},{"taxonomy":"post_tag","embeddable":true,"href":"https:\/\/www.africanchallenges.com\/index.php?rest_route=%2Fwp%2Fv2%2Ftags&post=52792"}],"curies":[{"name":"wp","href":"https:\/\/api.w.org\/{rel}","templated":true}]}}