{"id":52627,"date":"2024-02-07T10:51:49","date_gmt":"2024-02-07T10:51:49","guid":{"rendered":"https:\/\/www.africanchallenges.com\/?p=52627"},"modified":"2024-02-07T18:13:38","modified_gmt":"2024-02-07T18:13:38","slug":"tunisie-le-secretaire-detat-aupres-du-ministre-de-lindustrie-wael-chouchane-inaugure-la-centrale-solaire-de-taher-achour-sur-lile-de-djerba","status":"publish","type":"post","link":"https:\/\/www.africanchallenges.com\/?p=52627","title":{"rendered":"Tunisie\u00a0: Le secr\u00e9taire d\u2019Etat aupr\u00e8s du ministre de l\u2019Industrie, Wael Chouchane inaugure la centrale solaire de Taher Achour sur l\u2019\u00eele de Djerba"},"content":{"rendered":"\n<p class=\"wp-block-paragraph\">Le secr\u00e9taire d\u2019Etat aupr\u00e8s du ministre de l\u2019Industrie, des Mines et de l\u2019Energie charg\u00e9 de la transition \u00e9nerg\u00e9tique, M. Wael Chouchane, a inaugur\u00e9, lundi 5 f\u00e9vrier 2024, la premi\u00e8re centrale solaire Tahar Achour d\u2019une capacit\u00e9 de 1 MW dans la d\u00e9l\u00e9gation d\u2019Agim sur l\u2019\u00eele de Djerba, en provenance du gouvernorat de M\u00e9denine.<\/p>\n\n\n\n<p class=\"wp-block-paragraph\">La c\u00e9r\u00e9monie d\u2019inauguration du projet s\u2019est d\u00e9roul\u00e9e en pr\u00e9sence du gouverneur de la r\u00e9gion, M. Said ben Zayed, du directeur g\u00e9n\u00e9ral de l\u2019\u00e9lectricit\u00e9 et de la transition \u00e9nerg\u00e9tique, M. Belhassen Chiboub, du directeur g\u00e9n\u00e9ral de l\u2019Agence nationale de ma\u00eetrise de l\u2019\u00e9nergie, M. Fethi Hanchi, de l\u2019initiateur du projet, du directeur g\u00e9n\u00e9ral de MES Distribution, M. Jamil Mammar, ainsi que de plusieurs repr\u00e9sentants des autorit\u00e9s locales.<\/p>\n\n\n\n<p class=\"wp-block-paragraph\">Dans une allocution prononc\u00e9e \u00e0 cette occasion, M. Wael \u00a0Chouchane a soulign\u00e9 que ce projet est une \u00e9tape importante pour promouvoir l\u2019adoption des \u00e9nergies renouvelables dans la r\u00e9gion, soulignant que les services du minist\u00e8re s&#8217;emploient \u00e0 attirer les investissements dans le secteur des \u00e9nergies renouvelables dans le cadre de la mise en \u0153uvre des grandes orientations de la Strat\u00e9gie\u00a0 nationale de l&rsquo;\u00e9nergie \u00e0 l&rsquo;horizon 2035.<\/p>\n\n\n\n<p class=\"wp-block-paragraph\">La r\u00e9alisation de ce projet s\u2019inscrit dans le cadre du syst\u00e8me d\u2019octroi de licences pour la production d\u2019\u00e9lectricit\u00e9 \u00e0 partir d\u2019\u00e9nergies renouvelables destin\u00e9 \u00e0 la vente totale de la Soci\u00e9t\u00e9 Tunisienne d\u2019Electricit\u00e9 et de Gaz.<\/p>\n\n\n\n<p class=\"wp-block-paragraph\">Le promoteur du projet a obtenu l\u2019approbation initiale pour l\u2019ach\u00e8vement de la centrale dans le cadre de la troisi\u00e8me s\u00e9rie de projets de production d\u2019\u00e9lectricit\u00e9 \u00e0 partir d\u2019\u00e9nergies renouvelables en 2020.<\/p>\n\n\n\n<p class=\"wp-block-paragraph\">Il est \u00e0 noter que le co\u00fbt total du projet a atteint environ 3 millions de dinars et que la production annuelle de la centrale est d\u2019environ 1735 m\u00e9gawatt\/ heures par an, ce qui \u00e9quivaut \u00e0 la consommation de 500 logements.<\/p>\n\n\n\n<p class=\"wp-block-paragraph\">Cette station est consid\u00e9r\u00e9e comme respectueuse de l\u2019environnement, car elle contribue \u00e0 r\u00e9duire les \u00e9missions de carbone et \u00e0 \u00e9conomiser la consommation d\u2019\u00e9lectricit\u00e9 au niveau de la r\u00e9gion.<\/p>\n\n\n\n<p class=\"wp-block-paragraph\">La station s\u2019\u00e9tend sur une superficie de deux hectares, o\u00f9 environ 1900 panneaux solaires ont \u00e9t\u00e9 concentr\u00e9s, et elle a \u00e9t\u00e9 achev\u00e9e par des mains cent pour cent tunisiennes.<\/p>\n\n\n\n<figure class=\"wp-block-image size-full\"><img fetchpriority=\"high\" decoding=\"async\" width=\"615\" height=\"410\" src=\"https:\/\/www.africanchallenges.com\/wp-content\/uploads\/2024\/02\/Djerba1.jpg\" alt=\"\" class=\"wp-image-52630\" srcset=\"https:\/\/www.africanchallenges.com\/wp-content\/uploads\/2024\/02\/Djerba1.jpg 615w, https:\/\/www.africanchallenges.com\/wp-content\/uploads\/2024\/02\/Djerba1-300x200.jpg 300w\" sizes=\"(max-width: 615px) 100vw, 615px\" \/><\/figure>\n\n\n\n<p class=\"wp-block-paragraph\">&nbsp;Il est \u00e0 noter que la station a \u00e9t\u00e9 baptis\u00e9e Taher Achour en m\u00e9moire du fils de la r\u00e9gion, qui est consid\u00e9r\u00e9 comme l&rsquo;une des personnes ayant contribu\u00e9 \u00e0 la r\u00e9alisation de ce projet.<\/p>\n\n\n\n<p class=\"wp-block-paragraph\">M. Wael Chouchane a \u00e9galement effectu\u00e9 une visite de travail \u00e0 &nbsp;la Soci\u00e9t\u00e9 tunisienne de l\u2019\u00e9lectricit\u00e9 et du gaz \u00e0 Djerba, o\u00f9 il a \u00e9t\u00e9 inform\u00e9 de l\u2019activit\u00e9 de la Soci\u00e9t\u00e9 et de son r\u00f4le dans l\u2019approvisionnement de la r\u00e9gion en \u00e9lectricit\u00e9 et en gaz naturel.<\/p>\n","protected":false},"excerpt":{"rendered":"<p>Le secr\u00e9taire d\u2019Etat aupr\u00e8s du ministre de l\u2019Industrie, des Mines et de l\u2019Energie charg\u00e9 de la transition \u00e9nerg\u00e9tique, M. Wael Chouchane, a inaugur\u00e9, lundi 5 f\u00e9vrier 2024, la premi\u00e8re centrale solaire Tahar Achour d\u2019une capacit\u00e9 de 1 MW dans la d\u00e9l\u00e9gation d\u2019Agim sur l\u2019\u00eele de Djerba, en provenance du gouvernorat de M\u00e9denine. La c\u00e9r\u00e9monie d\u2019inauguration [&hellip;]<\/p>\n","protected":false},"author":3,"featured_media":52628,"comment_status":"open","ping_status":"closed","sticky":false,"template":"","format":"standard","meta":{"content-type":"","jnews-multi-image_gallery":[],"jnews_single_post":{"subtitle":"","format":"standard","video":"","gallery":"","source_name":"","source_url":"","via_name":"","via_url":"","override_template":"0","override":[{"template":"1","single_blog_custom":"","parallax":"1","fullscreen":"1","layout":"right-sidebar","sidebar":"default-sidebar","second_sidebar":"default-sidebar","sticky_sidebar":"1","share_position":"top","share_float_style":"share-monocrhome","show_share_counter":"1","show_view_counter":"1","show_featured":"1","show_post_meta":"1","show_post_author":"1","show_post_author_image":"1","show_post_date":"1","post_date_format":"default","post_date_format_custom":"Y\/m\/d","show_post_category":"1","show_post_reading_time":"0","post_reading_time_wpm":"300","show_zoom_button":"0","zoom_button_out_step":"2","zoom_button_in_step":"3","show_post_tag":"1","show_prev_next_post":"1","show_popup_post":"1","number_popup_post":"1","show_author_box":"0","show_post_related":"0","show_inline_post_related":"0"}],"override_image_size":"0","image_override":[{"single_post_thumbnail_size":"crop-500","single_post_gallery_size":"crop-500"}],"trending_post":"0","trending_post_position":"meta","trending_post_label":"Trending","sponsored_post":"0","sponsored_post_label":"Sponsored by","sponsored_post_name":"","sponsored_post_url":"","sponsored_post_logo_enable":"0","sponsored_post_logo":"","sponsored_post_desc":"","disable_ad":"0"},"jnews_primary_category":{"id":"","hide":""},"jnews_override_bookmark_settings":[],"jnews_review":[],"enable_review":"","type":"","name":"","summary":"","brand":"","sku":"","good":[],"bad":[],"score_override":"","override_value":"","rating":[],"price":[],"jnews_post_split":[],"footnotes":""},"categories":[43,73],"tags":[11471,11411,11464],"class_list":["post-52627","post","type-post","status-publish","format-standard","has-post-thumbnail","hentry","category-eco-business","category-eco","tag-centrale-solaire-de-taher-achour","tag-lile-de-djerba","tag-wael-chouchane"],"_links":{"self":[{"href":"https:\/\/www.africanchallenges.com\/index.php?rest_route=\/wp\/v2\/posts\/52627","targetHints":{"allow":["GET"]}}],"collection":[{"href":"https:\/\/www.africanchallenges.com\/index.php?rest_route=\/wp\/v2\/posts"}],"about":[{"href":"https:\/\/www.africanchallenges.com\/index.php?rest_route=\/wp\/v2\/types\/post"}],"author":[{"embeddable":true,"href":"https:\/\/www.africanchallenges.com\/index.php?rest_route=\/wp\/v2\/users\/3"}],"replies":[{"embeddable":true,"href":"https:\/\/www.africanchallenges.com\/index.php?rest_route=%2Fwp%2Fv2%2Fcomments&post=52627"}],"version-history":[{"count":8,"href":"https:\/\/www.africanchallenges.com\/index.php?rest_route=\/wp\/v2\/posts\/52627\/revisions"}],"predecessor-version":[{"id":52640,"href":"https:\/\/www.africanchallenges.com\/index.php?rest_route=\/wp\/v2\/posts\/52627\/revisions\/52640"}],"wp:featuredmedia":[{"embeddable":true,"href":"https:\/\/www.africanchallenges.com\/index.php?rest_route=\/wp\/v2\/media\/52628"}],"wp:attachment":[{"href":"https:\/\/www.africanchallenges.com\/index.php?rest_route=%2Fwp%2Fv2%2Fmedia&parent=52627"}],"wp:term":[{"taxonomy":"category","embeddable":true,"href":"https:\/\/www.africanchallenges.com\/index.php?rest_route=%2Fwp%2Fv2%2Fcategories&post=52627"},{"taxonomy":"post_tag","embeddable":true,"href":"https:\/\/www.africanchallenges.com\/index.php?rest_route=%2Fwp%2Fv2%2Ftags&post=52627"}],"curies":[{"name":"wp","href":"https:\/\/api.w.org\/{rel}","templated":true}]}}