{"id":52620,"date":"2024-02-07T10:18:34","date_gmt":"2024-02-07T10:18:34","guid":{"rendered":"https:\/\/www.africanchallenges.com\/?p=52620"},"modified":"2024-02-07T10:24:32","modified_gmt":"2024-02-07T10:24:32","slug":"tunisie-le-secretaire-detat-charge-de-la-transition-energetique-effectue-une-visite-de-travail-au-siege-de-la-societe-tunisienne-de-lelectricite-et-du-gaz","status":"publish","type":"post","link":"https:\/\/www.africanchallenges.com\/?p=52620","title":{"rendered":"Tunisie\u00a0: Le secr\u00e9taire d\u2019Etat charg\u00e9 de la Transition \u00e9nerg\u00e9tique effectue une visite de travail au si\u00e8ge de la Soci\u00e9t\u00e9 tunisienne de l\u2019\u00e9lectricit\u00e9 et du gaz"},"content":{"rendered":"\n<p class=\"wp-block-paragraph\">Le secr\u00e9taire d\u2019Etat aupr\u00e8s du ministre de l\u2019Industrie, des Mines et de l\u2019Energie charg\u00e9 de la transition \u00e9nerg\u00e9tique, M. Wael Chouchane, a effectu\u00e9 une visite le mardi 06 f\u00e9vrier 2024, au si\u00e8ge de la Soci\u00e9t\u00e9 Tunisienne de l\u2019Electricit\u00e9 et du Gaz, o\u00f9 s\u2019est tenue une s\u00e9ance de travail \u00e0 cette occasion pour faire le point sur l\u2019avancement des travaux dans l\u2019entreprise, en pr\u00e9sence du Directeur G\u00e9n\u00e9ral de l\u2019Electricit\u00e9 et de la Transition Energ\u00e9tique, M. Belhassen Chiboub, du Pr\u00e9sident Directeur G\u00e9n\u00e9ral, M. Fai\u00e7al Tarifa, du Directeur G\u00e9n\u00e9ral Adjoint de la soci\u00e9t\u00e9, M. Najib Chtouro, en plus d\u2019un nombre important de directeurs des d\u00e9partements centraux et cadres sup\u00e9rieurs du minist\u00e8re.<\/p>\n\n\n\n<p class=\"wp-block-paragraph\">Dans son allocution, M. Wael Chouchane a mis l\u2019accent sur la position de la Soci\u00e9t\u00e9 tunisienne d\u2019\u00e9lectricit\u00e9 et de gaz et son r\u00f4le strat\u00e9gique dans la r\u00e9alisation du programme national de transition \u00e9nerg\u00e9tique, qui repose principalement sur l\u2019appui \u00e0 la politique d\u2019efficacit\u00e9 \u00e9nerg\u00e9tique et d\u2019exploitation intensive des \u00e9nergies renouvelables dans le but de diversifier le mix \u00e9nerg\u00e9tique.<\/p>\n\n\n\n<p class=\"wp-block-paragraph\">Le secr\u00e9taire d\u2019Etat a \u00e9galement mis l\u2019accent sur cette strat\u00e9gie, consid\u00e9rant que \u00ab la transition \u00e9nerg\u00e9tique est devenue une n\u00e9cessit\u00e9 \u00e9conomique et s\u00e9curitaire \u00bb, appelant toutes les parties, notamment les cadres et les employ\u00e9s de la Soci\u00e9t\u00e9 tunisienne d\u2019\u00e9lectricit\u00e9 et de gaz, \u00e0 \u0153uvrer davantage \u00e0 l\u2019am\u00e9lioration des services et \u00e0 la satisfaction des besoins des clients et des institutions conform\u00e9ment \u00e0 cette orientation strat\u00e9gique et \u00e0 assurer la mobilit\u00e9 \u00e9conomique.<\/p>\n\n\n\n<p class=\"wp-block-paragraph\">Il a \u00e9galement soulign\u00e9 la n\u00e9cessit\u00e9 de pr\u00e9server le statut de cette institution nationale et d\u2019assurer son efficacit\u00e9 et sa p\u00e9rennit\u00e9 afin de s\u00e9curiser l\u2019approvisionnement en \u00e9nergie \u00e9lectrique de toutes les r\u00e9gions du pays.<\/p>\n\n\n\n<p class=\"wp-block-paragraph\">Pour sa part, M. Fai\u00e7al Tarifa a soulign\u00e9 l\u2019importance de cette visite, qui motivera tous les employ\u00e9s et les cadres \u00e0 faire plus d\u2019efforts, afin d\u2019aider \u00e0 trouver des solutions appropri\u00e9es aux obstacles auxquels est confront\u00e9 le fonctionnement de cette institution ancienne, qui est un partenaire cl\u00e9 dans la r\u00e9alisation de la transition \u00e9nerg\u00e9tique.<\/p>\n\n\n\n<p class=\"wp-block-paragraph\">A l\u2019issue de la session, une s\u00e9rie d\u2019interventions ont \u00e9t\u00e9 pr\u00e9sent\u00e9es, qui ont principalement port\u00e9 sur l\u2019\u00e9tat du syst\u00e8me \u00e9lectrique de la Soci\u00e9t\u00e9 Tunisienne d\u2019Electricit\u00e9 et de Gaz et mettant en exergue les projets de renforcement du r\u00e9seau de transport d\u2019\u00e9lectricit\u00e9, qui est l\u2019axe strat\u00e9gique dans la mise en \u0153uvre du programme de transition \u00e9nerg\u00e9tique.<\/p>\n","protected":false},"excerpt":{"rendered":"<p>Le secr\u00e9taire d\u2019Etat aupr\u00e8s du ministre de l\u2019Industrie, des Mines et de l\u2019Energie charg\u00e9 de la transition \u00e9nerg\u00e9tique, M. Wael Chouchane, a effectu\u00e9 une visite le mardi 06 f\u00e9vrier 2024, au si\u00e8ge de la Soci\u00e9t\u00e9 Tunisienne de l\u2019Electricit\u00e9 et du Gaz, o\u00f9 s\u2019est tenue une s\u00e9ance de travail \u00e0 cette occasion pour faire le point [&hellip;]<\/p>\n","protected":false},"author":3,"featured_media":52621,"comment_status":"open","ping_status":"closed","sticky":false,"template":"","format":"standard","meta":{"content-type":"","jnews-multi-image_gallery":[],"jnews_single_post":{"subtitle":"","format":"standard","video":"","gallery":"","source_name":"","source_url":"","via_name":"","via_url":"","override_template":"0","override":[{"template":"1","single_blog_custom":"","parallax":"1","fullscreen":"1","layout":"right-sidebar","sidebar":"default-sidebar","second_sidebar":"default-sidebar","sticky_sidebar":"1","share_position":"top","share_float_style":"share-monocrhome","show_share_counter":"1","show_view_counter":"1","show_featured":"1","show_post_meta":"1","show_post_author":"1","show_post_author_image":"1","show_post_date":"1","post_date_format":"default","post_date_format_custom":"Y\/m\/d","show_post_category":"1","show_post_reading_time":"0","post_reading_time_wpm":"300","show_zoom_button":"0","zoom_button_out_step":"2","zoom_button_in_step":"3","show_post_tag":"1","show_prev_next_post":"1","show_popup_post":"1","number_popup_post":"1","show_author_box":"0","show_post_related":"0","show_inline_post_related":"0"}],"override_image_size":"0","image_override":[{"single_post_thumbnail_size":"crop-500","single_post_gallery_size":"crop-500"}],"trending_post":"0","trending_post_position":"meta","trending_post_label":"Trending","sponsored_post":"0","sponsored_post_label":"Sponsored by","sponsored_post_name":"","sponsored_post_url":"","sponsored_post_logo_enable":"0","sponsored_post_logo":"","sponsored_post_desc":"","disable_ad":"0"},"jnews_primary_category":{"id":"","hide":""},"jnews_override_bookmark_settings":[],"jnews_review":[],"enable_review":"","type":"","name":"","summary":"","brand":"","sku":"","good":[],"bad":[],"score_override":"","override_value":"","rating":[],"price":[],"jnews_post_split":[],"footnotes":""},"categories":[43,73],"tags":[6906,8118,1190,11464],"class_list":["post-52620","post","type-post","status-publish","format-standard","has-post-thumbnail","hentry","category-eco-business","category-eco","tag-la-societe-tunisienne-de-lelectricite-et-du-gaz","tag-transition-energetique","tag-visite","tag-wael-chouchane"],"_links":{"self":[{"href":"https:\/\/www.africanchallenges.com\/index.php?rest_route=\/wp\/v2\/posts\/52620","targetHints":{"allow":["GET"]}}],"collection":[{"href":"https:\/\/www.africanchallenges.com\/index.php?rest_route=\/wp\/v2\/posts"}],"about":[{"href":"https:\/\/www.africanchallenges.com\/index.php?rest_route=\/wp\/v2\/types\/post"}],"author":[{"embeddable":true,"href":"https:\/\/www.africanchallenges.com\/index.php?rest_route=\/wp\/v2\/users\/3"}],"replies":[{"embeddable":true,"href":"https:\/\/www.africanchallenges.com\/index.php?rest_route=%2Fwp%2Fv2%2Fcomments&post=52620"}],"version-history":[{"count":2,"href":"https:\/\/www.africanchallenges.com\/index.php?rest_route=\/wp\/v2\/posts\/52620\/revisions"}],"predecessor-version":[{"id":52623,"href":"https:\/\/www.africanchallenges.com\/index.php?rest_route=\/wp\/v2\/posts\/52620\/revisions\/52623"}],"wp:featuredmedia":[{"embeddable":true,"href":"https:\/\/www.africanchallenges.com\/index.php?rest_route=\/wp\/v2\/media\/52621"}],"wp:attachment":[{"href":"https:\/\/www.africanchallenges.com\/index.php?rest_route=%2Fwp%2Fv2%2Fmedia&parent=52620"}],"wp:term":[{"taxonomy":"category","embeddable":true,"href":"https:\/\/www.africanchallenges.com\/index.php?rest_route=%2Fwp%2Fv2%2Fcategories&post=52620"},{"taxonomy":"post_tag","embeddable":true,"href":"https:\/\/www.africanchallenges.com\/index.php?rest_route=%2Fwp%2Fv2%2Ftags&post=52620"}],"curies":[{"name":"wp","href":"https:\/\/api.w.org\/{rel}","templated":true}]}}