{"id":52532,"date":"2024-02-02T21:09:24","date_gmt":"2024-02-02T21:09:24","guid":{"rendered":"https:\/\/www.africanchallenges.com\/?p=52532"},"modified":"2024-02-02T21:12:11","modified_gmt":"2024-02-02T21:12:11","slug":"tunisie-ceremonie-de-remise-des-clefs-de-78-logements-sociaux-individuels-au-kef","status":"publish","type":"post","link":"https:\/\/www.africanchallenges.com\/?p=52532","title":{"rendered":"Tunisie : C\u00e9r\u00e9monie de Remise des clefs de 78 logements sociaux individuels au Kef"},"content":{"rendered":"\n<p class=\"wp-block-paragraph\">Une c\u00e9r\u00e9monie de remise des clefs de 78 logements sociaux individuels \u00ab logements Riadh \u00bba \u00e9t\u00e9 organis\u00e9e ce vendredi 02 f\u00e9vrier 2024, \u00e0 la d\u00e9l\u00e9gation du Kef Est, en pr\u00e9sence du ministre de l\u2019\u00c9quipement, en pr\u00e9sence de l\u2019ambassadeur d\u2019Arabie Saoudite \u00e0 Tunis, du premier d\u00e9l\u00e9gu\u00e9 charg\u00e9 de la gestion du gouvernorat du Kef, et du directeur r\u00e9gional de l\u2019Equipement et de l\u2019Habitat du Kef.<\/p>\n\n\n\n<p class=\"wp-block-paragraph\">La superficie du terrain consacr\u00e9 au projet couvre 33644 m2. Ce complexe r\u00e9sidentiel est constitu\u00e9 de 78 logements sociaux individuels, comptant un s\u00e9jour, une pi\u00e8ce, une cuisine et une salle de bain.<\/p>\n\n\n\n<p class=\"wp-block-paragraph\">Le projet contient, \u00e9galement, un espace vert, une station de pompage de l\u2019ONAS et un g\u00e9n\u00e9rateur \u00e9lectrique.<\/p>\n\n\n\n<p class=\"wp-block-paragraph\">Ce projet est financ\u00e9, conjointement, par le budget de l\u2019Etat et le fonds saoudien pour le d\u00e9veloppement, moyennant une enveloppe de 4 millions de dinars. Il s\u2019inscrit dans le cadre de la deuxi\u00e8me tranche du programme sp\u00e9cifique du logement social.<\/p>\n","protected":false},"excerpt":{"rendered":"<p>Une c\u00e9r\u00e9monie de remise des clefs de 78 logements sociaux individuels \u00ab logements Riadh \u00bba \u00e9t\u00e9 organis\u00e9e ce vendredi 02 f\u00e9vrier 2024, \u00e0 la d\u00e9l\u00e9gation du Kef Est, en pr\u00e9sence du ministre de l\u2019\u00c9quipement, en pr\u00e9sence de l\u2019ambassadeur d\u2019Arabie Saoudite \u00e0 Tunis, du premier d\u00e9l\u00e9gu\u00e9 charg\u00e9 de la gestion du gouvernorat du Kef, et du [&hellip;]<\/p>\n","protected":false},"author":4,"featured_media":52534,"comment_status":"open","ping_status":"closed","sticky":false,"template":"","format":"standard","meta":{"content-type":"","jnews-multi-image_gallery":[],"jnews_single_post":{"subtitle":"","format":"standard","video":"","gallery":"","source_name":"","source_url":"","via_name":"","via_url":"","override_template":"0","override":[{"template":"1","single_blog_custom":"","parallax":"1","fullscreen":"1","layout":"right-sidebar","sidebar":"default-sidebar","second_sidebar":"default-sidebar","sticky_sidebar":"1","share_position":"top","share_float_style":"share-monocrhome","show_share_counter":"1","show_view_counter":"1","show_featured":"1","show_post_meta":"1","show_post_author":"1","show_post_author_image":"1","show_post_date":"1","post_date_format":"default","post_date_format_custom":"Y\/m\/d","show_post_category":"1","show_post_reading_time":"0","post_reading_time_wpm":"300","show_zoom_button":"0","zoom_button_out_step":"2","zoom_button_in_step":"3","show_post_tag":"1","show_prev_next_post":"1","show_popup_post":"1","number_popup_post":"1","show_author_box":"0","show_post_related":"0","show_inline_post_related":"0"}],"override_image_size":"0","image_override":[{"single_post_thumbnail_size":"crop-500","single_post_gallery_size":"crop-500"}],"trending_post":"0","trending_post_position":"meta","trending_post_label":"Trending","sponsored_post":"0","sponsored_post_label":"Sponsored by","sponsored_post_name":"","sponsored_post_url":"","sponsored_post_logo_enable":"0","sponsored_post_logo":"","sponsored_post_desc":"","disable_ad":"0"},"jnews_primary_category":{"id":"","hide":""},"jnews_override_bookmark_settings":[],"jnews_review":[],"enable_review":"","type":"","name":"","summary":"","brand":"","sku":"","good":[],"bad":[],"score_override":"","override_value":"","rating":[],"price":[],"jnews_post_split":[],"footnotes":""},"categories":[61],"tags":[11442,2673,11443,1786],"class_list":["post-52532","post","type-post","status-publish","format-standard","has-post-thumbnail","hentry","category-societe","tag-clefs","tag-kef","tag-logements-sociaux-individuels","tag-remise"],"_links":{"self":[{"href":"https:\/\/www.africanchallenges.com\/index.php?rest_route=\/wp\/v2\/posts\/52532","targetHints":{"allow":["GET"]}}],"collection":[{"href":"https:\/\/www.africanchallenges.com\/index.php?rest_route=\/wp\/v2\/posts"}],"about":[{"href":"https:\/\/www.africanchallenges.com\/index.php?rest_route=\/wp\/v2\/types\/post"}],"author":[{"embeddable":true,"href":"https:\/\/www.africanchallenges.com\/index.php?rest_route=\/wp\/v2\/users\/4"}],"replies":[{"embeddable":true,"href":"https:\/\/www.africanchallenges.com\/index.php?rest_route=%2Fwp%2Fv2%2Fcomments&post=52532"}],"version-history":[{"count":1,"href":"https:\/\/www.africanchallenges.com\/index.php?rest_route=\/wp\/v2\/posts\/52532\/revisions"}],"predecessor-version":[{"id":52535,"href":"https:\/\/www.africanchallenges.com\/index.php?rest_route=\/wp\/v2\/posts\/52532\/revisions\/52535"}],"wp:featuredmedia":[{"embeddable":true,"href":"https:\/\/www.africanchallenges.com\/index.php?rest_route=\/wp\/v2\/media\/52534"}],"wp:attachment":[{"href":"https:\/\/www.africanchallenges.com\/index.php?rest_route=%2Fwp%2Fv2%2Fmedia&parent=52532"}],"wp:term":[{"taxonomy":"category","embeddable":true,"href":"https:\/\/www.africanchallenges.com\/index.php?rest_route=%2Fwp%2Fv2%2Fcategories&post=52532"},{"taxonomy":"post_tag","embeddable":true,"href":"https:\/\/www.africanchallenges.com\/index.php?rest_route=%2Fwp%2Fv2%2Ftags&post=52532"}],"curies":[{"name":"wp","href":"https:\/\/api.w.org\/{rel}","templated":true}]}}