{"id":52501,"date":"2024-02-01T19:11:34","date_gmt":"2024-02-01T19:11:34","guid":{"rendered":"https:\/\/www.africanchallenges.com\/?p=52501"},"modified":"2024-02-01T19:13:36","modified_gmt":"2024-02-01T19:13:36","slug":"tunisie-promouvoir-le-niveau-de-cooperation-militaire-entre-la-tunisie-et-la-coree-du-sud","status":"publish","type":"post","link":"https:\/\/www.africanchallenges.com\/?p=52501","title":{"rendered":"Tunisie : Promouvoir le niveau de coop\u00e9ration militaire entre la Tunisie et la Cor\u00e9e du Sud"},"content":{"rendered":"\n<p class=\"wp-block-paragraph\">Le ministre de la D\u00e9fense nationale, Imed M\u00e9miche, a re\u00e7u le 30 janvier 2024, l\u2019ambassadeur de Cor\u00e9e du Sud en Tunisie, Sun NahmKouk.<\/p>\n\n\n\n<p class=\"wp-block-paragraph\">Le ministre a exprim\u00e9 les dispositions \u00e0 poursuivre l\u2019action en vue de promouvoir le niveau de coop\u00e9ration militaire entre les deux pays, et d\u2019instaurer un partenariat p\u00e9renne dans les domaines de l\u2019entrainement, de la formation et de l\u2019\u00e9change des exp\u00e9riences, ce qui est \u00e0 m\u00eame de contribuer \u00e0 d\u00e9velopper les capacit\u00e9s op\u00e9rationnelles de l\u2019institution militaire.<\/p>\n\n\n\n<p class=\"wp-block-paragraph\">Il a mis l\u2019accent sur l\u2019importance d\u2019en \u00e9largir les domaines afin d\u2019atteindre les objectifs trac\u00e9s, dans le cadre de la confiance mutuelle.<\/p>\n\n\n\n<p class=\"wp-block-paragraph\">Le diplomate sud-cor\u00e9en a exprim\u00e9, pour sa part, sa satisfaction envers le d\u00e9veloppement de la cadence de coop\u00e9ration entre les deux pays, affirmant les dispositions de son pays \u00e0 consolider l\u2019action conjointe, \u00e0 renforcer la coop\u00e9ration militaire bilat\u00e9rale et \u00e0 la hisser aux meilleurs niveaux.<\/p>\n","protected":false},"excerpt":{"rendered":"<p>Le ministre de la D\u00e9fense nationale, Imed M\u00e9miche, a re\u00e7u le 30 janvier 2024, l\u2019ambassadeur de Cor\u00e9e du Sud en Tunisie, Sun NahmKouk. Le ministre a exprim\u00e9 les dispositions \u00e0 poursuivre l\u2019action en vue de promouvoir le niveau de coop\u00e9ration militaire entre les deux pays, et d\u2019instaurer un partenariat p\u00e9renne dans les domaines de l\u2019entrainement, [&hellip;]<\/p>\n","protected":false},"author":4,"featured_media":52502,"comment_status":"open","ping_status":"closed","sticky":false,"template":"","format":"standard","meta":{"content-type":"","jnews-multi-image_gallery":[],"jnews_single_post":{"subtitle":"","format":"standard","video":"","gallery":"","source_name":"","source_url":"","via_name":"","via_url":"","override_template":"0","override":[{"template":"1","single_blog_custom":"","parallax":"1","fullscreen":"1","layout":"right-sidebar","sidebar":"default-sidebar","second_sidebar":"default-sidebar","sticky_sidebar":"1","share_position":"top","share_float_style":"share-monocrhome","show_share_counter":"1","show_view_counter":"1","show_featured":"1","show_post_meta":"1","show_post_author":"1","show_post_author_image":"1","show_post_date":"1","post_date_format":"default","post_date_format_custom":"Y\/m\/d","show_post_category":"1","show_post_reading_time":"0","post_reading_time_wpm":"300","show_zoom_button":"0","zoom_button_out_step":"2","zoom_button_in_step":"3","show_post_tag":"1","show_prev_next_post":"1","show_popup_post":"1","number_popup_post":"1","show_author_box":"0","show_post_related":"0","show_inline_post_related":"0"}],"override_image_size":"0","image_override":[{"single_post_thumbnail_size":"crop-500","single_post_gallery_size":"crop-500"}],"trending_post":"0","trending_post_position":"meta","trending_post_label":"Trending","sponsored_post":"0","sponsored_post_label":"Sponsored by","sponsored_post_name":"","sponsored_post_url":"","sponsored_post_logo_enable":"0","sponsored_post_logo":"","sponsored_post_desc":"","disable_ad":"0"},"jnews_primary_category":{"id":"","hide":""},"jnews_override_bookmark_settings":[],"jnews_review":[],"enable_review":"","type":"","name":"","summary":"","brand":"","sku":"","good":[],"bad":[],"score_override":"","override_value":"","rating":[],"price":[],"jnews_post_split":[],"footnotes":""},"categories":[2],"tags":[1764,6484,7843,11429,54],"class_list":["post-52501","post","type-post","status-publish","format-standard","has-post-thumbnail","hentry","category-news-politique","tag-cooperation-militaire","tag-coree-du-sud","tag-imed-memich","tag-sun-nahmkouk","tag-tunisie"],"_links":{"self":[{"href":"https:\/\/www.africanchallenges.com\/index.php?rest_route=\/wp\/v2\/posts\/52501","targetHints":{"allow":["GET"]}}],"collection":[{"href":"https:\/\/www.africanchallenges.com\/index.php?rest_route=\/wp\/v2\/posts"}],"about":[{"href":"https:\/\/www.africanchallenges.com\/index.php?rest_route=\/wp\/v2\/types\/post"}],"author":[{"embeddable":true,"href":"https:\/\/www.africanchallenges.com\/index.php?rest_route=\/wp\/v2\/users\/4"}],"replies":[{"embeddable":true,"href":"https:\/\/www.africanchallenges.com\/index.php?rest_route=%2Fwp%2Fv2%2Fcomments&post=52501"}],"version-history":[{"count":1,"href":"https:\/\/www.africanchallenges.com\/index.php?rest_route=\/wp\/v2\/posts\/52501\/revisions"}],"predecessor-version":[{"id":52503,"href":"https:\/\/www.africanchallenges.com\/index.php?rest_route=\/wp\/v2\/posts\/52501\/revisions\/52503"}],"wp:featuredmedia":[{"embeddable":true,"href":"https:\/\/www.africanchallenges.com\/index.php?rest_route=\/wp\/v2\/media\/52502"}],"wp:attachment":[{"href":"https:\/\/www.africanchallenges.com\/index.php?rest_route=%2Fwp%2Fv2%2Fmedia&parent=52501"}],"wp:term":[{"taxonomy":"category","embeddable":true,"href":"https:\/\/www.africanchallenges.com\/index.php?rest_route=%2Fwp%2Fv2%2Fcategories&post=52501"},{"taxonomy":"post_tag","embeddable":true,"href":"https:\/\/www.africanchallenges.com\/index.php?rest_route=%2Fwp%2Fv2%2Ftags&post=52501"}],"curies":[{"name":"wp","href":"https:\/\/api.w.org\/{rel}","templated":true}]}}