{"id":52474,"date":"2024-01-30T20:24:33","date_gmt":"2024-01-30T20:24:33","guid":{"rendered":"https:\/\/www.africanchallenges.com\/?p=52474"},"modified":"2024-01-30T20:34:57","modified_gmt":"2024-01-30T20:34:57","slug":"tunisie-la-ministre-de-la-famille-remet-le-premier-lot-de-sources-de-revenus-au-profit-de-93-victimes-de-violences-dans-17-gouvernorats-avec-des-allocations-depassant-1-million-de-dinars","status":"publish","type":"post","link":"https:\/\/www.africanchallenges.com\/?p=52474","title":{"rendered":"Tunisie : La ministre de la Famille remet le premier lot de sources de revenus au profit de 93 victimes de violences dans 17 gouvernorats, avec des allocations d\u00e9passant 1 million de dinars"},"content":{"rendered":"\n<p class=\"wp-block-paragraph\">Madame Amel Belhaj Moussa, Ministre de la Famille, de la Femme, de l&rsquo;Enfance et des Personnes \u00c2g\u00e9es, a supervis\u00e9 aujourd&rsquo;hui, mardi 30 janvier 2023, au sein du minist\u00e8re, la c\u00e9r\u00e9monie de remise du premier lot de sources de revenus au profit de 93 femmes victimes de violences avec des allocations d\u00e9passant 1 million de dinars,&nbsp; dans le cadre du programme \u00ab\u00a0Samida\u00a0\u00bb pour l&rsquo;autonomisation \u00e9conomique des femmes victimes et menac\u00e9es de violence.<\/p>\n\n\n\n<p class=\"wp-block-paragraph\">Les b\u00e9n\u00e9ficiaires ont&nbsp; plus de 240 enfants, provenant de 17 gouvernorats.<\/p>\n\n\n\n<p class=\"wp-block-paragraph\">Ce programme,&nbsp; premier de son&nbsp; genre sur le niveau national et arabe, vise \u00e0 autonomiser \u00e9conomiquement les femmes victimes de violence. Il se base&nbsp; sur une strat\u00e9gie visant \u00e0 renforcer leur r\u00e9silience, \u00e0 pr\u00e9server leur dignit\u00e9 humaine et \u00e0 prot\u00e9ger leur int\u00e9grit\u00e9 physique, tout en les aidant \u00e0 passer de la vuln\u00e9rabilit\u00e9 \u00e0 l&rsquo;autonomie gr\u00e2ce \u00e0 leur int\u00e9gration dans le cycle \u00e9conomique.<\/p>\n\n\n\n<p class=\"wp-block-paragraph\">&nbsp;La ministre a affirm\u00e9 que&nbsp; l&rsquo;\u00e2ge moyen des b\u00e9n\u00e9ficiaires est de 37 ans et 43% des femmes ont moins de 35 ans, tandis que&nbsp; 19% ont d\u00e9pass\u00e9 l&rsquo;\u00e2ge de 45 ans, ce qui permet aux participantes au programme de s&rsquo;engager dans le syst\u00e8me de production et&nbsp; aide \u00e0 les int\u00e9grer dans&nbsp; le march\u00e9 du travail et dans l&rsquo;\u00e9conomie en s&rsquo;appuyant sur des petits projets&nbsp; adapt\u00e9s \u00e0 leurs comp\u00e9tences et r\u00e9pondant \u00e0 leurs demandes.<\/p>\n\n\n\n<p class=\"wp-block-paragraph\">Elle a ajout\u00e9 que 15% des b\u00e9n\u00e9ficiaires du programme \u00ab\u00a0Samida\u00a0\u00bb ont un niveau d&rsquo;\u00e9ducation universitaire et 33% ont un niveau d&rsquo;\u00e9ducation secondaire, tandis que les projets mis en place se r\u00e9partissent entre 42% de projets commerciaux, 28% de petites entreprises, 19% de projets agricoles et 11% de services et des industries traditionnelles.<\/p>\n\n\n\n<p class=\"wp-block-paragraph\">La ministre a indiqu\u00e9 que le gouvernorat du Kef comptait 17 projets, suivi de Gafsa avec 9 projets, de Sidi Bouzid 8 projets et de Siliana et Jendouba 7 projets, tout en confirmant que le minist\u00e8re a re\u00e7u 344 nouvelles demandes de cr\u00e9ation de sources de revenus dans le cadre du programme \u00ab Samida\u00bb, qui seront mis en place programme au cours de l\u2019ann\u00e9e 2024.<\/p>\n\n\n\n<p class=\"wp-block-paragraph\">Elle a remarqu\u00e9 que le minist\u00e8re, lors de la conception et de la mise en \u0153uvre du programme \u00ab Samida \u00bb, s&rsquo;est appuy\u00e9 sur une approche participative qui prend en compte ce qui ressort des pratiques quotidiennes dans l&rsquo;accompagnement des femmes victimes de violences, notamment dans les centres et les&nbsp; espaces d&rsquo;accompagnement des femmes victimes de violence, et la n\u00e9cessit\u00e9 de compl\u00e9ter les parcours d&rsquo;engagement en d\u00e9veloppant un projet de vie int\u00e9gr\u00e9 au b\u00e9n\u00e9fice des femmes&nbsp; afin qu&rsquo;elles ne soient pas contraintes de retourner dans le cycle de la violence.<\/p>\n\n\n\n<p class=\"wp-block-paragraph\">Il est \u00e0 noter que le minist\u00e8re de la Famille, de la Femme, de l&rsquo;Enfance et des Personnes \u00e2g\u00e9es a lanc\u00e9 le nouveau programme national \u00ab\u00a0Samida\u00a0\u00bb pour l&rsquo;autonomisation \u00e9conomique des femmes victimes de violence le 7 mars 2023, \u00e0 l&rsquo;occasion de la Journ\u00e9e internationale des femmes.<\/p>\n","protected":false},"excerpt":{"rendered":"<p>Madame Amel Belhaj Moussa, Ministre de la Famille, de la Femme, de l&rsquo;Enfance et des Personnes \u00c2g\u00e9es, a supervis\u00e9 aujourd&rsquo;hui, mardi 30 janvier 2023, au sein du minist\u00e8re, la c\u00e9r\u00e9monie de remise du premier lot de sources de revenus au profit de 93 femmes victimes de violences avec des allocations d\u00e9passant 1 million de dinars,&nbsp; [&hellip;]<\/p>\n","protected":false},"author":4,"featured_media":52475,"comment_status":"open","ping_status":"closed","sticky":false,"template":"","format":"standard","meta":{"content-type":"","jnews-multi-image_gallery":[],"jnews_single_post":{"subtitle":"","format":"standard","video":"","gallery":"","source_name":"","source_url":"","via_name":"","via_url":"","override_template":"0","override":[{"template":"1","single_blog_custom":"","parallax":"1","fullscreen":"1","layout":"right-sidebar","sidebar":"default-sidebar","second_sidebar":"default-sidebar","sticky_sidebar":"1","share_position":"top","share_float_style":"share-monocrhome","show_share_counter":"1","show_view_counter":"1","show_featured":"1","show_post_meta":"1","show_post_author":"1","show_post_author_image":"1","show_post_date":"1","post_date_format":"default","post_date_format_custom":"Y\/m\/d","show_post_category":"1","show_post_reading_time":"0","post_reading_time_wpm":"300","show_zoom_button":"0","zoom_button_out_step":"2","zoom_button_in_step":"3","show_post_tag":"1","show_prev_next_post":"1","show_popup_post":"1","number_popup_post":"1","show_author_box":"0","show_post_related":"0","show_inline_post_related":"0"}],"override_image_size":"0","image_override":[{"single_post_thumbnail_size":"crop-500","single_post_gallery_size":"crop-500"}],"trending_post":"0","trending_post_position":"meta","trending_post_label":"Trending","sponsored_post":"0","sponsored_post_label":"Sponsored by","sponsored_post_name":"","sponsored_post_url":"","sponsored_post_logo_enable":"0","sponsored_post_logo":"","sponsored_post_desc":"","disable_ad":"0"},"jnews_primary_category":{"id":"","hide":""},"jnews_override_bookmark_settings":[],"jnews_review":[],"enable_review":"","type":"","name":"","summary":"","brand":"","sku":"","good":[],"bad":[],"score_override":"","override_value":"","rating":[],"price":[],"jnews_post_split":[],"footnotes":""},"categories":[44],"tags":[11422,11421,1316,1671],"class_list":["post-52474","post","type-post","status-publish","format-standard","has-post-thumbnail","hentry","category-femme","tag-ministre-de-la-famille","tag-u-programme-samida","tag-victimes","tag-violence"],"_links":{"self":[{"href":"https:\/\/www.africanchallenges.com\/index.php?rest_route=\/wp\/v2\/posts\/52474","targetHints":{"allow":["GET"]}}],"collection":[{"href":"https:\/\/www.africanchallenges.com\/index.php?rest_route=\/wp\/v2\/posts"}],"about":[{"href":"https:\/\/www.africanchallenges.com\/index.php?rest_route=\/wp\/v2\/types\/post"}],"author":[{"embeddable":true,"href":"https:\/\/www.africanchallenges.com\/index.php?rest_route=\/wp\/v2\/users\/4"}],"replies":[{"embeddable":true,"href":"https:\/\/www.africanchallenges.com\/index.php?rest_route=%2Fwp%2Fv2%2Fcomments&post=52474"}],"version-history":[{"count":1,"href":"https:\/\/www.africanchallenges.com\/index.php?rest_route=\/wp\/v2\/posts\/52474\/revisions"}],"predecessor-version":[{"id":52476,"href":"https:\/\/www.africanchallenges.com\/index.php?rest_route=\/wp\/v2\/posts\/52474\/revisions\/52476"}],"wp:featuredmedia":[{"embeddable":true,"href":"https:\/\/www.africanchallenges.com\/index.php?rest_route=\/wp\/v2\/media\/52475"}],"wp:attachment":[{"href":"https:\/\/www.africanchallenges.com\/index.php?rest_route=%2Fwp%2Fv2%2Fmedia&parent=52474"}],"wp:term":[{"taxonomy":"category","embeddable":true,"href":"https:\/\/www.africanchallenges.com\/index.php?rest_route=%2Fwp%2Fv2%2Fcategories&post=52474"},{"taxonomy":"post_tag","embeddable":true,"href":"https:\/\/www.africanchallenges.com\/index.php?rest_route=%2Fwp%2Fv2%2Ftags&post=52474"}],"curies":[{"name":"wp","href":"https:\/\/api.w.org\/{rel}","templated":true}]}}