{"id":52335,"date":"2024-01-18T21:59:13","date_gmt":"2024-01-18T21:59:13","guid":{"rendered":"https:\/\/www.africanchallenges.com\/?p=52335"},"modified":"2024-01-18T22:04:09","modified_gmt":"2024-01-18T22:04:09","slug":"le-ministre-de-leducation-assiste-a-la-reunion-de-haut-niveau-des-chefs-des-conseils-educatifs-arabes","status":"publish","type":"post","link":"https:\/\/www.africanchallenges.com\/?p=52335","title":{"rendered":"Le ministre de l&rsquo;\u00c9ducation assiste \u00e0 la r\u00e9union de haut niveau des chefs des conseils \u00e9ducatifs arabes"},"content":{"rendered":"\n<p class=\"wp-block-paragraph\">Le ministre de l\u2019\u00c9ducation, pr\u00e9sident du Comit\u00e9 national de l\u2019\u00e9ducation, de la science et de la culture, M. Mohamed Ali Boughdiri, a particip\u00e9, ce jeudi 18 janvier 2024, \u00e0 la r\u00e9union de haut niveau des chefs des conseils \u00e9ducatifs arabes, organis\u00e9e au si\u00e8ge L&rsquo;organisation arabe pour l&rsquo;\u00e9ducation, la culture et les sciences (ALECSO). Sous le haut patronage du Directeur g\u00e9n\u00e9ral de l\u2019Organisation, M. Mohamed Ould Omar, en pr\u00e9sence de repr\u00e9sentants de nombreux pays arabes, dont des ministres et des ambassadeurs, cette r\u00e9union a \u00e9galement vu la participation d\u2019un groupe de fonctionnaires du Minist\u00e8re de l\u2019\u00e9ducation.<\/p>\n\n\n\n<p class=\"wp-block-paragraph\">Le ministre Mohamed Ali Boughdiri s\u2019est exprim\u00e9 au nom de la R\u00e9publique tunisienne pour souligner l\u2019importance de cette r\u00e9union, qui s\u2019est tenue au si\u00e8ge de l\u2019ALECSO &#8211; la Maison arabe de l\u2019expertise &#8211; et a salu\u00e9 les efforts d\u00e9ploy\u00e9s par Dr Mohamed Ould Ammar et son orientation rationnelle pour soulever des questions qui refl\u00e8tent r\u00e9ellement les pr\u00e9occupations les plus importantes qui rassemblent les pays arabes, notamment l\u2019atelier pour l\u2019avancement du secteur de l\u2019\u00e9ducation.<\/p>\n\n\n\n<p class=\"wp-block-paragraph\">Le ministre a soulign\u00e9 que l\u2019investissement dans le capital humain est un choix strat\u00e9gique, qui peut r\u00e9aliser l\u2019int\u00e9gration de la soci\u00e9t\u00e9 tunisienne avec le reste du monde dans la r\u00e9alisation de la voie des objectifs de d\u00e9veloppement durable, et a soulign\u00e9 la ferme implication de la Tunisie dans les efforts internationaux visant \u00e0 faire progresser l\u2019\u00e9ducation \u00e0 travers son engagement envers les r\u00e9sultats du \u00ab Sommet sur la transformation de l\u2019\u00e9ducation \u00bb. Il a soulign\u00e9 que notre pays est engag\u00e9 dans une r\u00e9forme globale de l\u2019\u00e9ducation sous la direction du Pr\u00e9sident de la R\u00e9publique, M. Kais Saied. Dans ce contexte, le ministre a parl\u00e9 des constantes avec une m\u00e9thodologie claire, notamment :<\/p>\n\n\n\n<p class=\"wp-block-paragraph\">\u2013 Constitutionnalisation du Conseil sup\u00e9rieur de l\u2019\u00e9ducation<\/p>\n\n\n\n<p class=\"wp-block-paragraph\">\u2013 Lancement de la consultation nationale sur la r\u00e9forme du syst\u00e8me \u00e9ducatif<\/p>\n\n\n\n<p class=\"wp-block-paragraph\">&#8211; Application de la planification et de la prospective en mati\u00e8re d\u2019\u00e9ducation.<\/p>\n\n\n\n<p class=\"wp-block-paragraph\">Il a rappel\u00e9 le projet Tunisia Future School, lanc\u00e9 par le minist\u00e8re de l\u2019Education nationale sous le slogan \u00ab Au-dessus de chaque colline scolaire moderne \u00bb, qui permettra de raccorder 3. 300 \u00e9coles en fibres optiques \u00e0 haut d\u00e9bit au cours de cette ann\u00e9e scolaire 2023-2024, dans le cadre d\u2019assurer la mise en place d\u2019\u00e9coles inclusives, s\u00fbres et \u00e9quitables selon une approche scientifique.<\/p>\n\n\n\n<p class=\"wp-block-paragraph\">Apr\u00e8s cela, le discours a \u00e9t\u00e9 transmis \u00e0 M. Hichem Chebbi, charg\u00e9 de la mission au cabinet du ministre de l\u2019\u00c9ducation, pour pr\u00e9senter une intervention intitul\u00e9e \u00ab&nbsp;De la Consultation Nationale sur la R\u00e9forme du Syst\u00e8me Educatif au Conseil Sup\u00e9rieur de l\u2019Education&nbsp;\u00bb, o\u00f9 il a abord\u00e9 les raisons de la consultation, ses objectifs et le parcours de sa pr\u00e9paration, et M. Hichem Chebbi a soulign\u00e9 que la consultation nationale a cr\u00e9\u00e9 une dynamique de discussion et de dialogue dans la soci\u00e9t\u00e9 tunisienne.<\/p>\n","protected":false},"excerpt":{"rendered":"<p>Le ministre de l\u2019\u00c9ducation, pr\u00e9sident du Comit\u00e9 national de l\u2019\u00e9ducation, de la science et de la culture, M. Mohamed Ali Boughdiri, a particip\u00e9, ce jeudi 18 janvier 2024, \u00e0 la r\u00e9union de haut niveau des chefs des conseils \u00e9ducatifs arabes, organis\u00e9e au si\u00e8ge L&rsquo;organisation arabe pour l&rsquo;\u00e9ducation, la culture et les sciences (ALECSO). Sous le [&hellip;]<\/p>\n","protected":false},"author":4,"featured_media":52336,"comment_status":"open","ping_status":"closed","sticky":false,"template":"","format":"standard","meta":{"content-type":"","jnews-multi-image_gallery":[],"jnews_single_post":{"subtitle":"","format":"standard","video":"","gallery":"","source_name":"","source_url":"","via_name":"","via_url":"","override_template":"0","override":[{"template":"1","single_blog_custom":"","parallax":"1","fullscreen":"1","layout":"right-sidebar","sidebar":"default-sidebar","second_sidebar":"default-sidebar","sticky_sidebar":"1","share_position":"top","share_float_style":"share-monocrhome","show_share_counter":"1","show_view_counter":"1","show_featured":"1","show_post_meta":"1","show_post_author":"1","show_post_author_image":"1","show_post_date":"1","post_date_format":"default","post_date_format_custom":"Y\/m\/d","show_post_category":"1","show_post_reading_time":"0","post_reading_time_wpm":"300","show_zoom_button":"0","zoom_button_out_step":"2","zoom_button_in_step":"3","show_post_tag":"1","show_prev_next_post":"1","show_popup_post":"1","number_popup_post":"1","show_author_box":"0","show_post_related":"0","show_inline_post_related":"0"}],"override_image_size":"0","image_override":[{"single_post_thumbnail_size":"crop-500","single_post_gallery_size":"crop-500"}],"trending_post":"0","trending_post_position":"meta","trending_post_label":"Trending","sponsored_post":"0","sponsored_post_label":"Sponsored by","sponsored_post_name":"","sponsored_post_url":"","sponsored_post_logo_enable":"0","sponsored_post_logo":"","sponsored_post_desc":"","disable_ad":"0"},"jnews_primary_category":{"id":"","hide":""},"jnews_override_bookmark_settings":[],"jnews_review":[],"enable_review":"","type":"","name":"","summary":"","brand":"","sku":"","good":[],"bad":[],"score_override":"","override_value":"","rating":[],"price":[],"jnews_post_split":[],"footnotes":""},"categories":[5],"tags":[11195,11382,502,7480,1797,54],"class_list":["post-52335","post","type-post","status-publish","format-standard","has-post-thumbnail","hentry","category-edufor","tag-alesco","tag-conseils-educatifs-arabes","tag-education","tag-ministre","tag-reunion","tag-tunisie"],"_links":{"self":[{"href":"https:\/\/www.africanchallenges.com\/index.php?rest_route=\/wp\/v2\/posts\/52335","targetHints":{"allow":["GET"]}}],"collection":[{"href":"https:\/\/www.africanchallenges.com\/index.php?rest_route=\/wp\/v2\/posts"}],"about":[{"href":"https:\/\/www.africanchallenges.com\/index.php?rest_route=\/wp\/v2\/types\/post"}],"author":[{"embeddable":true,"href":"https:\/\/www.africanchallenges.com\/index.php?rest_route=\/wp\/v2\/users\/4"}],"replies":[{"embeddable":true,"href":"https:\/\/www.africanchallenges.com\/index.php?rest_route=%2Fwp%2Fv2%2Fcomments&post=52335"}],"version-history":[{"count":1,"href":"https:\/\/www.africanchallenges.com\/index.php?rest_route=\/wp\/v2\/posts\/52335\/revisions"}],"predecessor-version":[{"id":52337,"href":"https:\/\/www.africanchallenges.com\/index.php?rest_route=\/wp\/v2\/posts\/52335\/revisions\/52337"}],"wp:featuredmedia":[{"embeddable":true,"href":"https:\/\/www.africanchallenges.com\/index.php?rest_route=\/wp\/v2\/media\/52336"}],"wp:attachment":[{"href":"https:\/\/www.africanchallenges.com\/index.php?rest_route=%2Fwp%2Fv2%2Fmedia&parent=52335"}],"wp:term":[{"taxonomy":"category","embeddable":true,"href":"https:\/\/www.africanchallenges.com\/index.php?rest_route=%2Fwp%2Fv2%2Fcategories&post=52335"},{"taxonomy":"post_tag","embeddable":true,"href":"https:\/\/www.africanchallenges.com\/index.php?rest_route=%2Fwp%2Fv2%2Ftags&post=52335"}],"curies":[{"name":"wp","href":"https:\/\/api.w.org\/{rel}","templated":true}]}}