{"id":52218,"date":"2024-01-15T11:59:10","date_gmt":"2024-01-15T11:59:10","guid":{"rendered":"https:\/\/www.africanchallenges.com\/?p=52218"},"modified":"2024-01-15T12:00:18","modified_gmt":"2024-01-15T12:00:18","slug":"tunisie-le-ministre-de-linterieur-convoque-plusieurs-gouverneurs-concernant-le-developpement-des-zones-frontalieres","status":"publish","type":"post","link":"https:\/\/www.africanchallenges.com\/?p=52218","title":{"rendered":"Tunisie : Le ministre de l&rsquo;Int\u00e9rieur convoque plusieurs gouverneurs concernant le d\u00e9veloppement des zones frontali\u00e8res"},"content":{"rendered":"\n<p class=\"wp-block-paragraph\">Une r\u00e9union s\u2019est tenue en fin de semaine au minist\u00e8re de l\u2019Int\u00e9rieur, en pr\u00e9sence des gouverneurs des r\u00e9gions frontali\u00e8res (Tataouine, Tozeur ,K\u00e9bili, Gafsa, Kasserine et Jendouba\u2026), ainsi que du premier d\u00e9l\u00e9gu\u00e9 charg\u00e9 du gouvernorat du Kef, des directeurs g\u00e9n\u00e9raux, et cadres sup\u00e9rieurs de l\u2019administration centrale en lien avec le d\u00e9veloppement des zones situ\u00e9es sur les fronti\u00e8res, lit-on dans un communiqu\u00e9&nbsp; publi\u00e9 par le minist\u00e8re.<\/p>\n\n\n\n<p class=\"wp-block-paragraph\">Il a \u00e9t\u00e9 question des pr\u00e9paratifs de la tenue de la premi\u00e8re r\u00e9union de la commission mixte tuniso-alg\u00e9rienne pour le d\u00e9veloppement des r\u00e9gions frontali\u00e8res, dans le cadre du raffermissement des liens de coop\u00e9ration entre les deux pays.<\/p>\n\n\n\n<p class=\"wp-block-paragraph\">Le ministre de l\u2019Int\u00e9rieur a pr\u00f4n\u00e9 une vision commune pour la promotion de ces r\u00e9gions, en vue d\u2019y r\u00e9aliser un d\u00e9veloppement social et \u00e9conomique, \u00e0 travers la consolidation des m\u00e9canismes de concertation et de coordination, de mani\u00e8re \u00e0 en faire des p\u00f4les de d\u00e9veloppement, \u00e0 am\u00e9liorer les conditions de vie des habitants des deux pays, et \u00e0 y consolider s\u00e9curit\u00e9 et stabilit\u00e9.<\/p>\n","protected":false},"excerpt":{"rendered":"<p>Une r\u00e9union s\u2019est tenue en fin de semaine au minist\u00e8re de l\u2019Int\u00e9rieur, en pr\u00e9sence des gouverneurs des r\u00e9gions frontali\u00e8res (Tataouine, Tozeur ,K\u00e9bili, Gafsa, Kasserine et Jendouba\u2026), ainsi que du premier d\u00e9l\u00e9gu\u00e9 charg\u00e9 du gouvernorat du Kef, des directeurs g\u00e9n\u00e9raux, et cadres sup\u00e9rieurs de l\u2019administration centrale en lien avec le d\u00e9veloppement des zones situ\u00e9es sur les [&hellip;]<\/p>\n","protected":false},"author":4,"featured_media":52219,"comment_status":"open","ping_status":"closed","sticky":false,"template":"","format":"standard","meta":{"content-type":"","jnews-multi-image_gallery":[],"jnews_single_post":{"subtitle":"","format":"standard","video":"","gallery":"","source_name":"","source_url":"","via_name":"","via_url":"","override_template":"0","override":[{"template":"1","single_blog_custom":"","parallax":"1","fullscreen":"1","layout":"right-sidebar","sidebar":"default-sidebar","second_sidebar":"default-sidebar","sticky_sidebar":"1","share_position":"top","share_float_style":"share-monocrhome","show_share_counter":"1","show_view_counter":"1","show_featured":"1","show_post_meta":"1","show_post_author":"1","show_post_author_image":"1","show_post_date":"1","post_date_format":"default","post_date_format_custom":"Y\/m\/d","show_post_category":"1","show_post_reading_time":"0","post_reading_time_wpm":"300","show_zoom_button":"0","zoom_button_out_step":"2","zoom_button_in_step":"3","show_post_tag":"1","show_prev_next_post":"1","show_popup_post":"1","number_popup_post":"1","show_author_box":"0","show_post_related":"0","show_inline_post_related":"0"}],"override_image_size":"0","image_override":[{"single_post_thumbnail_size":"crop-500","single_post_gallery_size":"crop-500"}],"trending_post":"0","trending_post_position":"meta","trending_post_label":"Trending","sponsored_post":"0","sponsored_post_label":"Sponsored by","sponsored_post_name":"","sponsored_post_url":"","sponsored_post_logo_enable":"0","sponsored_post_logo":"","sponsored_post_desc":"","disable_ad":"0"},"jnews_primary_category":{"id":"","hide":""},"jnews_override_bookmark_settings":[],"jnews_review":[],"enable_review":"","type":"","name":"","summary":"","brand":"","sku":"","good":[],"bad":[],"score_override":"","override_value":"","rating":[],"price":[],"jnews_post_split":[],"footnotes":""},"categories":[2],"tags":[1603,8787,1797,54],"class_list":["post-52218","post","type-post","status-publish","format-standard","has-post-thumbnail","hentry","category-news-politique","tag-ministere-de-linterieur","tag-regions-frontalieres","tag-reunion","tag-tunisie"],"_links":{"self":[{"href":"https:\/\/www.africanchallenges.com\/index.php?rest_route=\/wp\/v2\/posts\/52218","targetHints":{"allow":["GET"]}}],"collection":[{"href":"https:\/\/www.africanchallenges.com\/index.php?rest_route=\/wp\/v2\/posts"}],"about":[{"href":"https:\/\/www.africanchallenges.com\/index.php?rest_route=\/wp\/v2\/types\/post"}],"author":[{"embeddable":true,"href":"https:\/\/www.africanchallenges.com\/index.php?rest_route=\/wp\/v2\/users\/4"}],"replies":[{"embeddable":true,"href":"https:\/\/www.africanchallenges.com\/index.php?rest_route=%2Fwp%2Fv2%2Fcomments&post=52218"}],"version-history":[{"count":1,"href":"https:\/\/www.africanchallenges.com\/index.php?rest_route=\/wp\/v2\/posts\/52218\/revisions"}],"predecessor-version":[{"id":52220,"href":"https:\/\/www.africanchallenges.com\/index.php?rest_route=\/wp\/v2\/posts\/52218\/revisions\/52220"}],"wp:featuredmedia":[{"embeddable":true,"href":"https:\/\/www.africanchallenges.com\/index.php?rest_route=\/wp\/v2\/media\/52219"}],"wp:attachment":[{"href":"https:\/\/www.africanchallenges.com\/index.php?rest_route=%2Fwp%2Fv2%2Fmedia&parent=52218"}],"wp:term":[{"taxonomy":"category","embeddable":true,"href":"https:\/\/www.africanchallenges.com\/index.php?rest_route=%2Fwp%2Fv2%2Fcategories&post=52218"},{"taxonomy":"post_tag","embeddable":true,"href":"https:\/\/www.africanchallenges.com\/index.php?rest_route=%2Fwp%2Fv2%2Ftags&post=52218"}],"curies":[{"name":"wp","href":"https:\/\/api.w.org\/{rel}","templated":true}]}}