{"id":51790,"date":"2023-12-21T15:25:04","date_gmt":"2023-12-21T15:25:04","guid":{"rendered":"https:\/\/www.africanchallenges.com\/?p=51790"},"modified":"2023-12-21T15:36:17","modified_gmt":"2023-12-21T15:36:17","slug":"tunisie-declaration-de-m-henri-daragon-porte-parole-de-lambassade-de-france-en-tunisie-a-loccasion-de-la-derniere-visite-de-la-ministre-de-leurope-et-des-affaires-etra","status":"publish","type":"post","link":"https:\/\/www.africanchallenges.com\/?p=51790","title":{"rendered":"Tunisie : D\u00e9claration de Henri D\u2019Aragon, Porte-parole de l\u2019Ambassade de France en Tunisie \u00e0 l&rsquo;occasion de la derni\u00e8re visite de la ministre de l\u2019Europe et des Affaires \u00e9trang\u00e8res, Catherine Colonna, au Proche-Orient les 16 et 17 d\u00e9cembre\u00a0"},"content":{"rendered":"\n<p class=\"wp-block-paragraph\"><br><\/p>\n\n\n\n<p class=\"wp-block-paragraph\"><\/p>\n\n\n\n<p class=\"wp-block-paragraph\"><strong>Le porte-parole de l\u2019Ambassade de France en Tunisie, M. Henri D\u2019Aragon, s\u2019est exprim\u00e9 aujourd\u2019hui, jeudi 21 d\u00e9cembre 2023, au micro de Radio Tunis Cha\u00eene Internationale (RTCI) au sujet &nbsp;de la derni\u00e8re visite de la ministre de l\u2019Europe et des Affaires \u00e9trang\u00e8res, Catherine Colonna, au Proche-Orient les 16 et 17 d\u00e9cembre et a d\u00e9clar\u00e9 ce qui suit&nbsp;:<\/strong><\/p>\n\n\n\n<p class=\"wp-block-paragraph\">La&nbsp;<a>ministre de l\u2019Europe et des Affaires \u00e9trang\u00e8res, Catherine Colonna, s\u2019est rendue au Proche-Orient les 16 et 17 d\u00e9cembre<\/a>&nbsp;pour rappeler l\u2019importance d\u2019une nouvelle tr\u00eave humanitaire&nbsp;: Il faut revenir \u00e0 une tr\u00eave durable qui doit nous permettre d\u2019\u0153uvrer d\u00e8s maintenant en faveur d\u2019un cessez-le-feu humanitaire.<\/p>\n\n\n\n<p class=\"wp-block-paragraph\"><strong><u>1\/ L\u2019action de la France demeure fond\u00e9e sur l\u2019initiative de paix et de s\u00e9curit\u00e9 du Pr\u00e9sident de la R\u00e9publique Emmanuel Macron sur&nbsp;la tr\u00eave imm\u00e9diate, devant mener \u00e0 un cessez-le-feu p\u00e9renne, indispensable pour&nbsp;:<\/u><\/strong><\/p>\n\n\n\n<ol class=\"wp-block-list\" type=\"1\" start=\"1\">\n<li>obtenir la lib\u00e9ration des otages&nbsp;;<\/li>\n\n\n\n<li>prot\u00e9ger les populations civiles. Nous constatons que le bilan humain \u00e0 Gaza ne cesse de s\u2019alourdir et devient inacceptable&nbsp;;<\/li>\n\n\n\n<li>apporter l\u2019aide humanitaire suffisante&nbsp;;<\/li>\n\n\n\n<li>sortir de la logique d\u2019escalade.<\/li>\n<\/ol>\n\n\n\n<ul class=\"wp-block-list\">\n<li>C\u2019est le message que nous passons partout, en particulier aux Nations unies o\u00f9 nous poursuivons nos efforts. C\u2019est dans ce sens que nous avons vot\u00e9 en faveur de la r\u00e9solution pr\u00e9sent\u00e9e par les EAU devant le conseil de s\u00e9curit\u00e9&nbsp;appelant \u00e0 un cessez-le-feu imm\u00e9diat. Nous avons \u00e9galement vot\u00e9 en faveur de la r\u00e9solution \u00e9gyptienne \u00e0 l\u2019Assembl\u00e9e g\u00e9n\u00e9rale appelant \u00e0 un cessez-le\u2013feu humanitaire. Nous agissons \u00e9galement au sein du G7 et de l\u2019Union europ\u00e9enne.<\/li>\n<\/ul>\n\n\n\n<p class=\"wp-block-paragraph\"><strong><u>2\/ Nous exprimons une nouvelle fois notre extr\u00eame pr\u00e9occupation face \u00e0 la situation humanitaire dans la bande de Gaza<\/u><\/strong>.<\/p>\n\n\n\n<ul class=\"wp-block-list\">\n<li>La lecture du droit international de la France est similaire \u00e0 celle du procureur de la Cour p\u00e9nale internationale&nbsp;: emp\u00eacher l\u2019acc\u00e8s de l\u2019aide humanitaire est une violation du Droit international humanitaire.<\/li>\n\n\n\n<li>Nous poursuivons notre travail humanitaire, notamment en mati\u00e8re d\u2019aide m\u00e9dicale et d\u2019aide alimentaire. Pour m\u00e9moire, la mobilisation de la France avait permis la lev\u00e9e d\u2019un milliard d\u2019euros lors de la conf\u00e9rence humanitaire de Paris pour Gaza le 9 novembre dernier.<\/li>\n\n\n\n<li>Dans l\u2019exercice de son droit de d\u00e9fense contre les activit\u00e9s terroristes du Hamas, nous appelons une nouvelle fois Isra\u00ebl \u00e0 respecter le droit international humanitaires, afin de prot\u00e9ger les populations civiles.<\/li>\n<\/ul>\n\n\n\n<p class=\"wp-block-paragraph\"><strong><u>3\/ Il est \u00e9galement imp\u00e9ratif de pr\u00e9server et acc\u00e9l\u00e9rer la possibilit\u00e9 d\u2019un horizon politique.<\/u><\/strong><\/p>\n\n\n\n<ul class=\"wp-block-list\">\n<li>La solution \u00e0 deux Etats constitue la seule solution viable pour&nbsp;r\u00e9pondre au droit des Isra\u00e9liens \u00e0 la s\u00e9curit\u00e9 et aux aspirations l\u00e9gitimes des Palestiniens \u00e0 un Etat ind\u00e9pendant vivant dans la paix et&nbsp;la s\u00e9curit\u00e9 aux c\u00f4t\u00e9s d\u2019Isra\u00ebl.<\/li>\n\n\n\n<li>Le droit international humanitaire interdit tout d\u00e9placement forc\u00e9 de&nbsp;population.<\/li>\n\n\n\n<li>Les prises de position visant \u00e0 remettre en cause cette perspective sont inacceptables&nbsp;et sapent les possibilit\u00e9s de retour \u00e0 la paix.<\/li>\n\n\n\n<li>Dans ce cadre, nous rappelons la n\u00e9cessit\u00e9 de soutenir l\u2019Autorit\u00e9 palestinienne, seule repr\u00e9sentante l\u00e9gitime du peuple palestinien. C\u2019est le message que la Ministre de l\u2019Europe et des Affaires \u00e9trang\u00e8res, Catherine Colonna, a transmis \u00e0 ses interlocuteurs lors de son r\u00e9cent d\u00e9placement dans la r\u00e9gion.<\/li>\n<\/ul>\n\n\n\n<p class=\"wp-block-paragraph\"><strong><u>4\/ Nous r\u00e9affirmons notre condamnation ferme de trop nombreux cas de violences commises par des groupes de colons extr\u00e9mistes \u00e0 l\u2019encontre des Palestiniens en Cisjordanie.<\/u><\/strong><\/p>\n\n\n\n<ul class=\"wp-block-list\">\n<li>Nous condamnons les violences des colons. Ces violences ill\u00e9gales sur le plan du droit international doivent cesser. Il est de la responsabilit\u00e9 des autorit\u00e9s isra\u00e9liennes de s\u2019en assurer et de poursuivre leurs auteurs.<\/li>\n\n\n\n<li>Comme l\u2019a indiqu\u00e9 la Ministre de l\u2019Europe et des affaires \u00e9trang\u00e8res au Conseil des Affaires Etrang\u00e8res du 11 d\u00e9cembre, la France r\u00e9fl\u00e9chit \u00e0 l&rsquo;adoption de mesures nationales \u00e0 l\u2019encontre de certains colons auteurs de violence. Nous discutons \u00e9galement avec nos partenaires du r\u00f4le que la communaut\u00e9 internationale pourrait jouer pour mettre un terme \u00e0 ces actions.<\/li>\n<\/ul>\n","protected":false},"excerpt":{"rendered":"<p>Le porte-parole de l\u2019Ambassade de France en Tunisie, M. Henri D\u2019Aragon, s\u2019est exprim\u00e9 aujourd\u2019hui, jeudi 21 d\u00e9cembre 2023, au micro de Radio Tunis Cha\u00eene Internationale (RTCI) au sujet &nbsp;de la derni\u00e8re visite de la ministre de l\u2019Europe et des Affaires \u00e9trang\u00e8res, Catherine Colonna, au Proche-Orient les 16 et 17 d\u00e9cembre et a d\u00e9clar\u00e9 ce qui [&hellip;]<\/p>\n","protected":false},"author":4,"featured_media":51792,"comment_status":"open","ping_status":"closed","sticky":false,"template":"","format":"standard","meta":{"content-type":"","jnews-multi-image_gallery":[],"jnews_single_post":{"subtitle":"","format":"standard","video":"","gallery":"","source_name":"","source_url":"","via_name":"","via_url":"","override_template":"0","override":[{"template":"1","single_blog_custom":"","parallax":"1","fullscreen":"1","layout":"right-sidebar","sidebar":"default-sidebar","second_sidebar":"default-sidebar","sticky_sidebar":"1","share_position":"top","share_float_style":"share-monocrhome","show_share_counter":"1","show_view_counter":"1","show_featured":"1","show_post_meta":"1","show_post_author":"1","show_post_author_image":"1","show_post_date":"1","post_date_format":"default","post_date_format_custom":"Y\/m\/d","show_post_category":"1","show_post_reading_time":"0","post_reading_time_wpm":"300","show_zoom_button":"0","zoom_button_out_step":"2","zoom_button_in_step":"3","show_post_tag":"1","show_prev_next_post":"1","show_popup_post":"1","number_popup_post":"1","show_author_box":"0","show_post_related":"0","show_inline_post_related":"0"}],"override_image_size":"0","image_override":[{"single_post_thumbnail_size":"crop-500","single_post_gallery_size":"crop-500"}],"trending_post":"0","trending_post_position":"meta","trending_post_label":"Trending","sponsored_post":"0","sponsored_post_label":"Sponsored by","sponsored_post_name":"","sponsored_post_url":"","sponsored_post_logo_enable":"0","sponsored_post_logo":"","sponsored_post_desc":"","disable_ad":"0"},"jnews_primary_category":{"id":"","hide":""},"jnews_override_bookmark_settings":[],"jnews_review":[],"enable_review":"","type":"","name":"","summary":"","brand":"","sku":"","good":[],"bad":[],"score_override":"","override_value":"","rating":[],"price":[],"jnews_post_split":[],"footnotes":""},"categories":[7950],"tags":[9401,11218,1190],"class_list":["post-51790","post","type-post","status-publish","format-standard","has-post-thumbnail","hentry","category-politique","tag-catherine-colonna","tag-proche-orient","tag-visite"],"_links":{"self":[{"href":"https:\/\/www.africanchallenges.com\/index.php?rest_route=\/wp\/v2\/posts\/51790","targetHints":{"allow":["GET"]}}],"collection":[{"href":"https:\/\/www.africanchallenges.com\/index.php?rest_route=\/wp\/v2\/posts"}],"about":[{"href":"https:\/\/www.africanchallenges.com\/index.php?rest_route=\/wp\/v2\/types\/post"}],"author":[{"embeddable":true,"href":"https:\/\/www.africanchallenges.com\/index.php?rest_route=\/wp\/v2\/users\/4"}],"replies":[{"embeddable":true,"href":"https:\/\/www.africanchallenges.com\/index.php?rest_route=%2Fwp%2Fv2%2Fcomments&post=51790"}],"version-history":[{"count":3,"href":"https:\/\/www.africanchallenges.com\/index.php?rest_route=\/wp\/v2\/posts\/51790\/revisions"}],"predecessor-version":[{"id":51794,"href":"https:\/\/www.africanchallenges.com\/index.php?rest_route=\/wp\/v2\/posts\/51790\/revisions\/51794"}],"wp:featuredmedia":[{"embeddable":true,"href":"https:\/\/www.africanchallenges.com\/index.php?rest_route=\/wp\/v2\/media\/51792"}],"wp:attachment":[{"href":"https:\/\/www.africanchallenges.com\/index.php?rest_route=%2Fwp%2Fv2%2Fmedia&parent=51790"}],"wp:term":[{"taxonomy":"category","embeddable":true,"href":"https:\/\/www.africanchallenges.com\/index.php?rest_route=%2Fwp%2Fv2%2Fcategories&post=51790"},{"taxonomy":"post_tag","embeddable":true,"href":"https:\/\/www.africanchallenges.com\/index.php?rest_route=%2Fwp%2Fv2%2Ftags&post=51790"}],"curies":[{"name":"wp","href":"https:\/\/api.w.org\/{rel}","templated":true}]}}