{"id":51730,"date":"2023-12-19T18:20:13","date_gmt":"2023-12-19T18:20:13","guid":{"rendered":"https:\/\/www.africanchallenges.com\/?p=51730"},"modified":"2023-12-19T18:34:30","modified_gmt":"2023-12-19T18:34:30","slug":"tunisie-vers-le-developpement-de-lutilisation-des-energies-propres-dans-le-domaine-du-transport-ferroviaire","status":"publish","type":"post","link":"https:\/\/www.africanchallenges.com\/?p=51730","title":{"rendered":"Tunisie\u00a0: Vers le D\u00e9veloppement de l\u2019utilisation des \u00e9nergies propres dans le domaine du transport ferroviaire"},"content":{"rendered":"\n<p class=\"wp-block-paragraph\">Le ministre du Transport, M. Rabie Majidi, a pr\u00e9sid\u00e9, ce mardi 19 d\u00e9cembre 2023, la r\u00e9union du Comit\u00e9 de pilotage en charge du suivi de l\u2019\u00e9tude strat\u00e9gique pour le d\u00e9veloppement de l\u2019utilisation des \u00e9nergies renouvelables et propres pour l\u2019exploitation des syst\u00e8mes m\u00e9talliques en Tunisie, financ\u00e9e par la Banque europ\u00e9enne d\u2019investissement.<\/p>\n\n\n\n<p class=\"wp-block-paragraph\">Au cours de cette r\u00e9union, \u00e0 laquelle ont particip\u00e9 des repr\u00e9sentants de la Banque europ\u00e9enne d\u2019investissement et des diff\u00e9rentes structures concern\u00e9es, le ministre du &nbsp;Transport a soulign\u00e9 l\u2019importance de cette \u00e9tude pour d\u00e9terminer les orientations futures du d\u00e9veloppement du transport ferroviaire en Tunisie, notamment le recours aux \u00e9nergies propres et renouvelables en harmonie avec les politiques nationales, \u00e9cologiques et \u00e9nerg\u00e9tiques, ainsi que les politiques sectorielles bas\u00e9es sur la promotion d\u2019un syst\u00e8me de mobilit\u00e9 durable, urbaine et entre les villes, \u00e0 travers la modernisation des infrastructures, en accordant la plus haute priorit\u00e9 au transport ferroviaire, en tant qu\u2019option strat\u00e9gique pour le transport des personnes et des marchandises et compte tenu de son r\u00f4le dans la gestion des infrastructures et de la mobilit\u00e9 des personnes et d\u2019int\u00e9gration entre les r\u00e9gions et les districts.<\/p>\n\n\n\n<p class=\"wp-block-paragraph\">Rappelant la d\u00e9cision prise d\u2019allouer au moins 25% des bus \u00e9lectriques issus des acquisitions programm\u00e9es pour d\u00e9velopper la flotte des entreprises et le transport r\u00e9gional, M. Rabie Majidi a soulign\u00e9 la n\u00e9cessit\u00e9 d\u2019acc\u00e9l\u00e9rer la r\u00e9alisation des programmes d\u2019acquisition d\u2019\u00e9quipements de transport ferroviaire et la r\u00e9habilitation des infrastructures, de mani\u00e8re \u00e0 contribuer \u00e0 l\u2019am\u00e9lioration de la qualit\u00e9 des services fournis aux citoyens et \u00e0 rendre le syst\u00e8me de transport de marchandises plus efficace, en particulier les phosphates, comme l\u2019une des priorit\u00e9s d\u2019action \u00e0 court et moyen terme.<\/p>\n\n\n\n<p class=\"wp-block-paragraph\">\u00c0 titre de r\u00e9f\u00e9rence, les technologies \u00e9mergentes et renouvelables pour le gaz pr\u00e9conis\u00e9es par l\u2019\u00e9tude, qui sont en phase avec la r\u00e9alit\u00e9 et les aspirations nationales dans le domaine de la transition \u00e9nerg\u00e9tique, sont l\u2019adoption de trains fonctionnant sur batteries ou de trains fonctionnant \u00e0 l\u2019hydrog\u00e8ne vert, qui se caract\u00e9risent par leurs effets positifs en mati\u00e8re de r\u00e9duction des \u00e9missions de gaz \u00e0 effet de serre et contribuant \u00e0 la ma\u00eetrise des co\u00fbts d\u2019exploitation et \u00e0 l\u2019am\u00e9lioration de la qualit\u00e9 des services, en plus de ma\u00eetriser les technologies modernes et de contribuer \u00e0 assurer la souverainet\u00e9 \u00e9nerg\u00e9tique, consid\u00e9rant que les \u00e9nergies cibl\u00e9es sont produites localement en harmonie avec la feuille de route pour l\u2019hydrog\u00e8ne vert et le d\u00e9veloppement de l\u2019utilisation des \u00e9nergies renouvelables, et \u00e0 cet \u00e9gard, le ministre du Transport a appel\u00e9 \u00e0 profiter du parc immobilier disponible dans le port de Zarzis pour investir dans l\u2019hydrog\u00e8ne vert.<\/p>\n","protected":false},"excerpt":{"rendered":"<p>Le ministre du Transport, M. Rabie Majidi, a pr\u00e9sid\u00e9, ce mardi 19 d\u00e9cembre 2023, la r\u00e9union du Comit\u00e9 de pilotage en charge du suivi de l\u2019\u00e9tude strat\u00e9gique pour le d\u00e9veloppement de l\u2019utilisation des \u00e9nergies renouvelables et propres pour l\u2019exploitation des syst\u00e8mes m\u00e9talliques en Tunisie, financ\u00e9e par la Banque europ\u00e9enne d\u2019investissement. Au cours de cette r\u00e9union, [&hellip;]<\/p>\n","protected":false},"author":4,"featured_media":51735,"comment_status":"open","ping_status":"closed","sticky":false,"template":"","format":"standard","meta":{"content-type":"","jnews-multi-image_gallery":[],"jnews_single_post":{"subtitle":"","format":"standard","video":"","gallery":"","source_name":"","source_url":"","via_name":"","via_url":"","override_template":"0","override":[{"template":"1","single_blog_custom":"","parallax":"1","fullscreen":"1","layout":"right-sidebar","sidebar":"default-sidebar","second_sidebar":"default-sidebar","sticky_sidebar":"1","share_position":"top","share_float_style":"share-monocrhome","show_share_counter":"1","show_view_counter":"1","show_featured":"1","show_post_meta":"1","show_post_author":"1","show_post_author_image":"1","show_post_date":"1","post_date_format":"default","post_date_format_custom":"Y\/m\/d","show_post_category":"1","show_post_reading_time":"0","post_reading_time_wpm":"300","show_zoom_button":"0","zoom_button_out_step":"2","zoom_button_in_step":"3","show_post_tag":"1","show_prev_next_post":"1","show_popup_post":"1","number_popup_post":"1","show_author_box":"0","show_post_related":"0","show_inline_post_related":"0"}],"override_image_size":"0","image_override":[{"single_post_thumbnail_size":"crop-500","single_post_gallery_size":"crop-500"}],"trending_post":"0","trending_post_position":"meta","trending_post_label":"Trending","sponsored_post":"0","sponsored_post_label":"Sponsored by","sponsored_post_name":"","sponsored_post_url":"","sponsored_post_logo_enable":"0","sponsored_post_logo":"","sponsored_post_desc":"","disable_ad":"0"},"jnews_primary_category":{"id":"","hide":""},"jnews_override_bookmark_settings":[],"jnews_review":[],"enable_review":"","type":"","name":"","summary":"","brand":"","sku":"","good":[],"bad":[],"score_override":"","override_value":"","rating":[],"price":[],"jnews_post_split":[],"footnotes":""},"categories":[43,73],"tags":[76,8408,11198],"class_list":["post-51730","post","type-post","status-publish","format-standard","has-post-thumbnail","hentry","category-eco-business","category-eco","tag-developpement","tag-energies-propres","tag-transport-ferroviaire"],"_links":{"self":[{"href":"https:\/\/www.africanchallenges.com\/index.php?rest_route=\/wp\/v2\/posts\/51730","targetHints":{"allow":["GET"]}}],"collection":[{"href":"https:\/\/www.africanchallenges.com\/index.php?rest_route=\/wp\/v2\/posts"}],"about":[{"href":"https:\/\/www.africanchallenges.com\/index.php?rest_route=\/wp\/v2\/types\/post"}],"author":[{"embeddable":true,"href":"https:\/\/www.africanchallenges.com\/index.php?rest_route=\/wp\/v2\/users\/4"}],"replies":[{"embeddable":true,"href":"https:\/\/www.africanchallenges.com\/index.php?rest_route=%2Fwp%2Fv2%2Fcomments&post=51730"}],"version-history":[{"count":3,"href":"https:\/\/www.africanchallenges.com\/index.php?rest_route=\/wp\/v2\/posts\/51730\/revisions"}],"predecessor-version":[{"id":51733,"href":"https:\/\/www.africanchallenges.com\/index.php?rest_route=\/wp\/v2\/posts\/51730\/revisions\/51733"}],"wp:featuredmedia":[{"embeddable":true,"href":"https:\/\/www.africanchallenges.com\/index.php?rest_route=\/wp\/v2\/media\/51735"}],"wp:attachment":[{"href":"https:\/\/www.africanchallenges.com\/index.php?rest_route=%2Fwp%2Fv2%2Fmedia&parent=51730"}],"wp:term":[{"taxonomy":"category","embeddable":true,"href":"https:\/\/www.africanchallenges.com\/index.php?rest_route=%2Fwp%2Fv2%2Fcategories&post=51730"},{"taxonomy":"post_tag","embeddable":true,"href":"https:\/\/www.africanchallenges.com\/index.php?rest_route=%2Fwp%2Fv2%2Ftags&post=51730"}],"curies":[{"name":"wp","href":"https:\/\/api.w.org\/{rel}","templated":true}]}}