{"id":51602,"date":"2023-12-11T20:07:45","date_gmt":"2023-12-11T20:07:45","guid":{"rendered":"https:\/\/www.africanchallenges.com\/?p=51602"},"modified":"2023-12-11T20:14:07","modified_gmt":"2023-12-11T20:14:07","slug":"cop28-lafrique-pourrait-perdre-25-milliards-de-dollars-par-an-avec-lentree-en-vigueur-de-la-nouvelle-taxe-carbone-de-lue-previent-la-banque-africaine-de-developpement","status":"publish","type":"post","link":"https:\/\/www.africanchallenges.com\/?p=51602","title":{"rendered":"COP28 : L&rsquo;Afrique pourrait perdre 25 milliards de dollars par an avec l&rsquo;entr\u00e9e en vigueur de la nouvelle taxe carbone de l&rsquo;UE, pr\u00e9vient \u00a0la Banque africaine de d\u00e9veloppement"},"content":{"rendered":"\n<p class=\"wp-block-paragraph\">Le pr\u00e9sident de la BAD estime que l\u2019Afrique, qui est d\u00e9j\u00e0 l\u00e9s\u00e9e par le changement climatique malgr\u00e9 sa part n\u00e9gligeable dans les \u00e9missions mondiales de gaz \u00e0 effet de serre, a d\u00e9sormais besoin d\u2019utiliser le gaz naturel pour r\u00e9duire sa pauvret\u00e9 \u00e9nerg\u00e9tique et soutenir son industrialisation.<\/p>\n\n\n\n<p class=\"wp-block-paragraph\">Les pays africains devraient \u00eatre exempt\u00e9s de l\u2019application du m\u00e9canisme europ\u00e9en d\u2019ajustement carbone aux fronti\u00e8res (MACF)qui risque d\u2019engendrer un manque \u00e0 gagner de 25 milliards de dollars par an pour le continent en p\u00e9nalisant ses exportations \u00e0 forte valeur ajout\u00e9e telles que le fer et les engrais, a plaid\u00e9 le pr\u00e9sident de la Banque africaine de d\u00e9veloppement (BAD), AkinwumiAdesina (photo), le mercredi 6 d\u00e9cembre 2023.<\/p>\n\n\n\n<p class=\"wp-block-paragraph\">\u00ab L&rsquo;Afrique est confront\u00e9e \u00e0 un nouveau d\u00e9fi en mati\u00e8re d&rsquo;exportations, en particulier vers l&rsquo;Europe, son principal partenaire commercial, avec le m\u00e9canisme d&rsquo;ajustement de la taxe carbone aux fronti\u00e8res de l&rsquo;Union europ\u00e9enne (UE) qui limitera consid\u00e9rablement ses exportations de produits \u00e0 valeur ajout\u00e9e tels que le ciment, le fer, l&rsquo;acier, l&rsquo;aluminium et les engrais \u00bb, a-t-il d\u00e9clar\u00e9 lors d\u2019une conf\u00e9rence sur le commerce durable tenue \u00e0 Duba\u00ef (Emirats arabes unis), en marge de la 28e Conf\u00e9rence des Nations unies sur les changements climatiques (COP28).<\/p>\n\n\n\n<p class=\"wp-block-paragraph\">\u00ab Compte tenu du d\u00e9ficit \u00e9nerg\u00e9tique de l&rsquo;Afrique et de sa d\u00e9pendance \u00e0 l&rsquo;\u00e9gard des combustibles fossiles, en particulier du diesel utilis\u00e9 par les entreprises, l&rsquo;Afrique sera contrainte d&rsquo;exporter \u00e0 nouveau des mati\u00e8res premi\u00e8res vers l&rsquo;Europe. Ce qui accentuera la d\u00e9sindustrialisation du continent \u00bb, a ajout\u00e9 M. Adesina, indiquant que le continent \u00ab pourrait perdre jusqu&rsquo;\u00e0 25 milliards de dollars par an \u00e0 cause du m\u00e9canisme d&rsquo;ajustement de la taxe carbone aux fronti\u00e8res de l&rsquo;UE. \u00bb<\/p>\n\n\n\n<p class=\"wp-block-paragraph\">Le pr\u00e9sident de l\u2019institution financi\u00e8re panafricaine a \u00e9galement soulign\u00e9 que l\u2019Afrique, qui ne contribue que marginalement aux \u00e9missions mondiales de gaz \u00e0 effet de serre, a d\u00e9sormais besoin d\u2019exploiter le gaz naturel pour r\u00e9duire sa pauvret\u00e9 \u00e9nerg\u00e9tique et augmenter ses niveaux d\u2019industrialisation.<\/p>\n\n\n\n<p class=\"wp-block-paragraph\">\u00ab L&rsquo;Afrique devra utiliser le gaz naturel comme combustible de transition, afin de r\u00e9duire la variabilit\u00e9 de l&rsquo;\u00e9nergie renouvelable et de stabiliser ses syst\u00e8mes \u00e9nerg\u00e9tiques pour soutenir l&rsquo;industrialisation. Le continent, qui a d\u00e9j\u00e0 \u00e9t\u00e9 l\u00e9s\u00e9 par le changement climatique, ne doit pas l&rsquo;\u00eatre par des taxes sur le carbone aux fronti\u00e8res qui restreignent le commerce \u00bb, a-t-il dit.<\/p>\n\n\n\n<p class=\"wp-block-paragraph\"><strong>Une mesure de d\u00e9fense commerciale<\/strong><\/p>\n\n\n\n<p class=\"wp-block-paragraph\">Plus connu sous l\u2019appellation de la taxe carbone europ\u00e9enne, le m\u00e9canisme europ\u00e9en d\u2019ajustement carbone aux fronti\u00e8res a \u00e9t\u00e9 mis en \u0153uvre le 1eroctobre 2023, avec une p\u00e9riode de transition de trois ans au cours de laquelle seules les obligations de d\u00e9claration s&rsquo;appliqueront. Les paiements ne seront exig\u00e9s qu\u2019\u00e0 partir de 2026.<\/p>\n\n\n\n<p class=\"wp-block-paragraph\">Cette taxe s\u2019appliquera dans une premi\u00e8re \u00e9tape \u00e0 sept secteurs (ciment, acier, fer, aluminium, engrais, \u00e9lectricit\u00e9 et hydrog\u00e8ne). Mais la liste des secteurs couverts devrait s\u2019\u00e9largir graduellement.<\/p>\n\n\n\n<p class=\"wp-block-paragraph\">Le m\u00e9canisme europ\u00e9en d\u2019ajustement carbone aux fronti\u00e8res constitue \u00e0 la fois un moyen pour atteindre l&rsquo;objectif d\u2019une diminution de 55% des \u00e9missions de gaz \u00e0 effet de serre (GES) \u00e0 l&rsquo;horizon 2035 (par rapport aux niveaux de 1990) et une mesure de d\u00e9fense commerciale. Il vise en effet \u00e0 rendre plus \u00e9quitables les conditions de concurrence entre les entreprises de l\u2019UEet celles des pays tiers en attribuant un prix du carbone \u00e0 certains produits import\u00e9s.<\/p>\n\n\n\n<p class=\"wp-block-paragraph\">Le MACF est con\u00e7u pour compl\u00e9ter le syst\u00e8me d\u2019\u00e9change de quotas d\u2019\u00e9mission (SEQE)qui s&rsquo;applique depuis 2005 \u00e0 l&rsquo;ensemble des pays membres de l&rsquo;UE ainsi qu&rsquo;\u00e0 l&rsquo;Islande, au Liechtenstein et \u00e0 la Norv\u00e8ge. LE SEQE oblige les entreprises europ\u00e9ennes \u00e0 acqu\u00e9rir un nombre de quotas d\u2019\u00e9mission de GES correspondant \u00e0 la quantit\u00e9 r\u00e9elle de leurs rejets de CO2 ou de gaz \u00e9quivalents pour d\u00e9carboner leur processus de production. Pour \u00e9viter des d\u00e9localisations induites par l&rsquo;absence de taxation du carbone pour les importations, l\u2019UE a d\u00e9cid\u00e9 de soumettre les produits import\u00e9s au m\u00eame prix carbone impos\u00e9 aux biens produits dans l\u2019espace europ\u00e9en.<\/p>\n","protected":false},"excerpt":{"rendered":"<p>Le pr\u00e9sident de la BAD estime que l\u2019Afrique, qui est d\u00e9j\u00e0 l\u00e9s\u00e9e par le changement climatique malgr\u00e9 sa part n\u00e9gligeable dans les \u00e9missions mondiales de gaz \u00e0 effet de serre, a d\u00e9sormais besoin d\u2019utiliser le gaz naturel pour r\u00e9duire sa pauvret\u00e9 \u00e9nerg\u00e9tique et soutenir son industrialisation. Les pays africains devraient \u00eatre exempt\u00e9s de l\u2019application du [&hellip;]<\/p>\n","protected":false},"author":4,"featured_media":51607,"comment_status":"open","ping_status":"closed","sticky":false,"template":"","format":"standard","meta":{"content-type":"","jnews-multi-image_gallery":[],"jnews_single_post":{"subtitle":"","format":"standard","video":"","gallery":"","source_name":"","source_url":"","via_name":"","via_url":"","override_template":"0","override":[{"template":"1","single_blog_custom":"","parallax":"1","fullscreen":"1","layout":"right-sidebar","sidebar":"default-sidebar","second_sidebar":"default-sidebar","sticky_sidebar":"1","share_position":"top","share_float_style":"share-monocrhome","show_share_counter":"1","show_view_counter":"1","show_featured":"1","show_post_meta":"1","show_post_author":"1","show_post_author_image":"1","show_post_date":"1","post_date_format":"default","post_date_format_custom":"Y\/m\/d","show_post_category":"1","show_post_reading_time":"0","post_reading_time_wpm":"300","show_zoom_button":"0","zoom_button_out_step":"2","zoom_button_in_step":"3","show_post_tag":"1","show_prev_next_post":"1","show_popup_post":"1","number_popup_post":"1","show_author_box":"0","show_post_related":"0","show_inline_post_related":"0"}],"override_image_size":"0","image_override":[{"single_post_thumbnail_size":"crop-500","single_post_gallery_size":"crop-500"}],"trending_post":"0","trending_post_position":"meta","trending_post_label":"Trending","sponsored_post":"0","sponsored_post_label":"Sponsored by","sponsored_post_name":"","sponsored_post_url":"","sponsored_post_logo_enable":"0","sponsored_post_logo":"","sponsored_post_desc":"","disable_ad":"0"},"jnews_primary_category":{"id":"","hide":""},"jnews_override_bookmark_settings":[],"jnews_review":[],"enable_review":"","type":"","name":"","summary":"","brand":"","sku":"","good":[],"bad":[],"score_override":"","override_value":"","rating":[],"price":[],"jnews_post_split":[],"footnotes":""},"categories":[6],"tags":[78,10727,7890,11152],"class_list":["post-51602","post","type-post","status-publish","format-standard","has-post-thumbnail","hentry","category-world","tag-banque-africaine-de-developpement","tag-cop28","tag-lue-3","tag-nouvelle-taxe-carbone"],"_links":{"self":[{"href":"https:\/\/www.africanchallenges.com\/index.php?rest_route=\/wp\/v2\/posts\/51602","targetHints":{"allow":["GET"]}}],"collection":[{"href":"https:\/\/www.africanchallenges.com\/index.php?rest_route=\/wp\/v2\/posts"}],"about":[{"href":"https:\/\/www.africanchallenges.com\/index.php?rest_route=\/wp\/v2\/types\/post"}],"author":[{"embeddable":true,"href":"https:\/\/www.africanchallenges.com\/index.php?rest_route=\/wp\/v2\/users\/4"}],"replies":[{"embeddable":true,"href":"https:\/\/www.africanchallenges.com\/index.php?rest_route=%2Fwp%2Fv2%2Fcomments&post=51602"}],"version-history":[{"count":3,"href":"https:\/\/www.africanchallenges.com\/index.php?rest_route=\/wp\/v2\/posts\/51602\/revisions"}],"predecessor-version":[{"id":51606,"href":"https:\/\/www.africanchallenges.com\/index.php?rest_route=\/wp\/v2\/posts\/51602\/revisions\/51606"}],"wp:featuredmedia":[{"embeddable":true,"href":"https:\/\/www.africanchallenges.com\/index.php?rest_route=\/wp\/v2\/media\/51607"}],"wp:attachment":[{"href":"https:\/\/www.africanchallenges.com\/index.php?rest_route=%2Fwp%2Fv2%2Fmedia&parent=51602"}],"wp:term":[{"taxonomy":"category","embeddable":true,"href":"https:\/\/www.africanchallenges.com\/index.php?rest_route=%2Fwp%2Fv2%2Fcategories&post=51602"},{"taxonomy":"post_tag","embeddable":true,"href":"https:\/\/www.africanchallenges.com\/index.php?rest_route=%2Fwp%2Fv2%2Ftags&post=51602"}],"curies":[{"name":"wp","href":"https:\/\/api.w.org\/{rel}","templated":true}]}}