{"id":51498,"date":"2023-11-09T09:35:08","date_gmt":"2023-11-09T09:35:08","guid":{"rendered":"https:\/\/www.africanchallenges.com\/?p=51498"},"modified":"2023-11-09T09:39:29","modified_gmt":"2023-11-09T09:39:29","slug":"tunisie-uae-la-tunisie-et-les-emirats-arabes-unis-organisent-conjointement-une-conference-sur-le-leadership-des-femmes","status":"publish","type":"post","link":"https:\/\/www.africanchallenges.com\/?p=51498","title":{"rendered":"Tunisie-UAE : La Tunisie et les \u00c9mirats arabes unis organisent conjointement une conf\u00e9rence sur le leadership des femmes"},"content":{"rendered":"\n<p class=\"wp-block-paragraph\">En marge de la conf\u00e9rence internationale sur \u201d Les femmes en Islam: statut et autonomisation \u201c, organis\u00e9e par le minist\u00e8re saoudien des Affaires \u00e9trang\u00e8res et le Secr\u00e9tariat g\u00e9n\u00e9ral de l\u2019Organisation de la coop\u00e9ration islamique (OCI) du 6 au 8 novembre 2023 \u00e0 Djeddah (Arabie Saoudite), la ministre de la Famille, de la Femme, de l\u2019Enfance et des Personnes \u00e2g\u00e9es, Amel Belhaj Moussa, a rencontr\u00e9 la ministre d\u2019Etat des Emirats arabes unis, Maitha Bint Salem Al Shamsi.<\/p>\n\n\n\n<p class=\"wp-block-paragraph\">La r\u00e9union a port\u00e9 sur l\u2019examen des moyens permettant l\u2019organisation conjointement d\u2019une conf\u00e9rence sur le leadership f\u00e9minin par la Tunisie et les Emirats Arabes Unis, ayant pour objectif d\u2019ouvrir des opportunit\u00e9s de commercialisation des produits des femmes entrepreneures tunisiennes, lit-on dans un communiqu\u00e9 de presse diffus\u00e9 par le minist\u00e8re de la Famille.<\/p>\n\n\n\n<p class=\"wp-block-paragraph\">Les deux parties ont discut\u00e9 des opportunit\u00e9s de renforcement de la coop\u00e9ration entre les deux pays dans les domaines li\u00e9s \u00e0 l\u2019autonomisation \u00e9conomique des femmes, \u00e0 la promotion du leadership f\u00e9minin, \u00e0 l\u2019impulsion des opportunit\u00e9s de partenariat, \u00e0 l\u2019\u00e9change d\u2019expertises et d\u2019exp\u00e9riences et au r\u00e9seautage professionnel pour les entrepreneures des deux pays.<\/p>\n\n\n\n<p class=\"wp-block-paragraph\">Cette r\u00e9union, tenue, a \u00e9galement permis de discuter des pr\u00e9paratifs de la participation de la Tunisie \u00e0 La Conf\u00e9rence de Duba\u00ef de 2023 sur les changements climatiques (COP28), qui se d\u00e9roulera du 30 novembre au 12 d\u00e9cembre 2023, a ajout\u00e9 la m\u00eame source.<\/p>\n\n\n\n<p class=\"wp-block-paragraph\">La ministre a soulign\u00e9, \u00e0 cette occasion, le r\u00f4le pionnier de la Tunisie dans le domaine des droits des femmes et l\u2019importance cruciale qu\u2019elle attache \u00e0 la famille en tant que pilier garant le d\u00e9veloppement de la soci\u00e9t\u00e9, passant en revue les strat\u00e9gies et programmes mis en \u0153uvre par le minist\u00e8re en faveur de l\u2019autonomisation \u00e9conomique des femmes et des familles d\u00e9favoris\u00e9es et des enfants et personnes \u00e2g\u00e9es sans soutien familial.<\/p>\n","protected":false},"excerpt":{"rendered":"<p>En marge de la conf\u00e9rence internationale sur \u201d Les femmes en Islam: statut et autonomisation \u201c, organis\u00e9e par le minist\u00e8re saoudien des Affaires \u00e9trang\u00e8res et le Secr\u00e9tariat g\u00e9n\u00e9ral de l\u2019Organisation de la coop\u00e9ration islamique (OCI) du 6 au 8 novembre 2023 \u00e0 Djeddah (Arabie Saoudite), la ministre de la Famille, de la Femme, de l\u2019Enfance [&hellip;]<\/p>\n","protected":false},"author":4,"featured_media":51501,"comment_status":"open","ping_status":"closed","sticky":false,"template":"","format":"standard","meta":{"content-type":"","jnews-multi-image_gallery":[],"jnews_single_post":{"subtitle":"","format":"standard","video":"","gallery":"","source_name":"","source_url":"","via_name":"","via_url":"","override_template":"0","override":[{"template":"1","single_blog_custom":"","parallax":"1","fullscreen":"1","layout":"right-sidebar","sidebar":"default-sidebar","second_sidebar":"default-sidebar","sticky_sidebar":"1","share_position":"top","share_float_style":"share-monocrhome","show_share_counter":"1","show_view_counter":"1","show_featured":"1","show_post_meta":"1","show_post_author":"1","show_post_author_image":"1","show_post_date":"1","post_date_format":"default","post_date_format_custom":"Y\/m\/d","show_post_category":"1","show_post_reading_time":"0","post_reading_time_wpm":"300","show_zoom_button":"0","zoom_button_out_step":"2","zoom_button_in_step":"3","show_post_tag":"1","show_prev_next_post":"1","show_popup_post":"1","number_popup_post":"1","show_author_box":"0","show_post_related":"0","show_inline_post_related":"0"}],"override_image_size":"0","image_override":[{"single_post_thumbnail_size":"crop-500","single_post_gallery_size":"crop-500"}],"trending_post":"0","trending_post_position":"meta","trending_post_label":"Trending","sponsored_post":"0","sponsored_post_label":"Sponsored by","sponsored_post_name":"","sponsored_post_url":"","sponsored_post_logo_enable":"0","sponsored_post_logo":"","sponsored_post_desc":"","disable_ad":"0"},"jnews_primary_category":{"id":"","hide":""},"jnews_override_bookmark_settings":[],"jnews_review":[],"enable_review":"","type":"","name":"","summary":"","brand":"","sku":"","good":[],"bad":[],"score_override":"","override_value":"","rating":[],"price":[],"jnews_post_split":[],"footnotes":""},"categories":[44],"tags":[326,11107,10799,54],"class_list":["post-51498","post","type-post","status-publish","format-standard","has-post-thumbnail","hentry","category-femme","tag-conference","tag-leadership-des-femmes","tag-les-emirats-arabes-unis","tag-tunisie"],"_links":{"self":[{"href":"https:\/\/www.africanchallenges.com\/index.php?rest_route=\/wp\/v2\/posts\/51498","targetHints":{"allow":["GET"]}}],"collection":[{"href":"https:\/\/www.africanchallenges.com\/index.php?rest_route=\/wp\/v2\/posts"}],"about":[{"href":"https:\/\/www.africanchallenges.com\/index.php?rest_route=\/wp\/v2\/types\/post"}],"author":[{"embeddable":true,"href":"https:\/\/www.africanchallenges.com\/index.php?rest_route=\/wp\/v2\/users\/4"}],"replies":[{"embeddable":true,"href":"https:\/\/www.africanchallenges.com\/index.php?rest_route=%2Fwp%2Fv2%2Fcomments&post=51498"}],"version-history":[{"count":2,"href":"https:\/\/www.africanchallenges.com\/index.php?rest_route=\/wp\/v2\/posts\/51498\/revisions"}],"predecessor-version":[{"id":51500,"href":"https:\/\/www.africanchallenges.com\/index.php?rest_route=\/wp\/v2\/posts\/51498\/revisions\/51500"}],"wp:featuredmedia":[{"embeddable":true,"href":"https:\/\/www.africanchallenges.com\/index.php?rest_route=\/wp\/v2\/media\/51501"}],"wp:attachment":[{"href":"https:\/\/www.africanchallenges.com\/index.php?rest_route=%2Fwp%2Fv2%2Fmedia&parent=51498"}],"wp:term":[{"taxonomy":"category","embeddable":true,"href":"https:\/\/www.africanchallenges.com\/index.php?rest_route=%2Fwp%2Fv2%2Fcategories&post=51498"},{"taxonomy":"post_tag","embeddable":true,"href":"https:\/\/www.africanchallenges.com\/index.php?rest_route=%2Fwp%2Fv2%2Ftags&post=51498"}],"curies":[{"name":"wp","href":"https:\/\/api.w.org\/{rel}","templated":true}]}}