{"id":51425,"date":"2023-11-07T12:22:49","date_gmt":"2023-11-07T12:22:49","guid":{"rendered":"https:\/\/www.africanchallenges.com\/?p=51425"},"modified":"2023-11-07T13:08:30","modified_gmt":"2023-11-07T13:08:30","slug":"tunisie-le-ministere-de-linterieur-annonce-larrestation-de-quatre-terroristes-qui-setaient-echappes-de-prison","status":"publish","type":"post","link":"https:\/\/www.africanchallenges.com\/?p=51425","title":{"rendered":"Tunisie : Le minist\u00e8re de l&rsquo;Int\u00e9rieur annonce l&rsquo;arrestation de quatre terroristes qui s&rsquo;\u00e9taient \u00e9chapp\u00e9s de prison"},"content":{"rendered":"\n<p class=\"wp-block-paragraph\">Dans un communiqu\u00e9 rendu public ce matin t\u00f4t , le minist\u00e8re de l\u2019Int\u00e9rieur a annonc\u00e9 que diff\u00e9rentes unit\u00e9s de la police et garde nationales sont parvenues, avec l\u2019aide des unit\u00e9s militaires, ce mardi 07 novembre, \u00e0 5 heures du matin, \u00e0 arr\u00eater quatre terroristes qui se sont \u00e9vad\u00e9s, derni\u00e8rement, de prison.<\/p>\n\n\n\n<p class=\"wp-block-paragraph\">Les fugitifs ont \u00e9t\u00e9 arr\u00eat\u00e9s \u00e0 la montagne de Boukornine o\u00f9 ils se sont retranch\u00e9s et sont en vie, pr\u00e9cise le m\u00eame communiqu\u00e9.<\/p>\n\n\n\n<p class=\"wp-block-paragraph\">Le minist\u00e8re a ajout\u00e9 que \u00ab deux agents s\u00e9curitaires sont parvenus le 05 novembre \u00e0 arr\u00eater un premier terroriste, d\u00e9nomm\u00e9 Ahmed Malki, avec l\u2019aide de citoyens \u00e0 la Cit\u00e9 Ettadhamen \u00bb.<\/p>\n\n\n\n<p class=\"wp-block-paragraph\">\u00ab Le minist\u00e8re de l\u2019Int\u00e9rieur r\u00e9it\u00e8re ses remerciements \u00e0 l\u2019ensemble de ses unit\u00e9s, qui ne m\u00e9nagent aucun effort en mati\u00e8re de lutte et de poursuite des terroristes, en protection des citoyens, et en pr\u00e9servation de l\u2019invuln\u00e9rabilit\u00e9 de la patrie \u00bb, conclut-il.<\/p>\n\n\n\n<p class=\"wp-block-paragraph\">Il est \u00e0 rappeler que 05 dangereux d\u00e9tenus, \u00ab objet de peines de prison li\u00e9es \u00e0 des affaires terroristes \u00bb, s\u2019\u00e9taient \u00e9vad\u00e9s de la prison civile de Mornaguia, \u00e0 l\u2019aube du mardi 31 Octobre 2023. Ils sont rest\u00e9s une semaine, jour pour jour, en cavale.<\/p>\n","protected":false},"excerpt":{"rendered":"<p>Dans un communiqu\u00e9 rendu public ce matin t\u00f4t , le minist\u00e8re de l\u2019Int\u00e9rieur a annonc\u00e9 que diff\u00e9rentes unit\u00e9s de la police et garde nationales sont parvenues, avec l\u2019aide des unit\u00e9s militaires, ce mardi 07 novembre, \u00e0 5 heures du matin, \u00e0 arr\u00eater quatre terroristes qui se sont \u00e9vad\u00e9s, derni\u00e8rement, de prison. Les fugitifs ont \u00e9t\u00e9 [&hellip;]<\/p>\n","protected":false},"author":4,"featured_media":33912,"comment_status":"open","ping_status":"closed","sticky":false,"template":"","format":"standard","meta":{"content-type":"","jnews-multi-image_gallery":[],"jnews_single_post":{"subtitle":"","format":"standard","video":"","gallery":"","source_name":"","source_url":"","via_name":"","via_url":"","override_template":"0","override":[{"template":"1","single_blog_custom":"","parallax":"1","fullscreen":"1","layout":"right-sidebar","sidebar":"default-sidebar","second_sidebar":"default-sidebar","sticky_sidebar":"1","share_position":"top","share_float_style":"share-monocrhome","show_share_counter":"1","show_view_counter":"1","show_featured":"1","show_post_meta":"1","show_post_author":"1","show_post_author_image":"1","show_post_date":"1","post_date_format":"default","post_date_format_custom":"Y\/m\/d","show_post_category":"1","show_post_reading_time":"0","post_reading_time_wpm":"300","show_zoom_button":"0","zoom_button_out_step":"2","zoom_button_in_step":"3","show_post_tag":"1","show_prev_next_post":"1","show_popup_post":"1","number_popup_post":"1","show_author_box":"0","show_post_related":"0","show_inline_post_related":"0"}],"override_image_size":"0","image_override":[{"single_post_thumbnail_size":"crop-500","single_post_gallery_size":"crop-500"}],"trending_post":"0","trending_post_position":"meta","trending_post_label":"Trending","sponsored_post":"0","sponsored_post_label":"Sponsored by","sponsored_post_name":"","sponsored_post_url":"","sponsored_post_logo_enable":"0","sponsored_post_logo":"","sponsored_post_desc":"","disable_ad":"0"},"jnews_primary_category":{"id":"","hide":""},"jnews_override_bookmark_settings":[],"jnews_review":[],"enable_review":"","type":"","name":"","summary":"","brand":"","sku":"","good":[],"bad":[],"score_override":"","override_value":"","rating":[],"price":[],"jnews_post_split":[],"footnotes":""},"categories":[2],"tags":[3480,1603,217],"class_list":["post-51425","post","type-post","status-publish","format-standard","has-post-thumbnail","hentry","category-news-politique","tag-arrestation","tag-ministere-de-linterieur","tag-terroristes"],"_links":{"self":[{"href":"https:\/\/www.africanchallenges.com\/index.php?rest_route=\/wp\/v2\/posts\/51425","targetHints":{"allow":["GET"]}}],"collection":[{"href":"https:\/\/www.africanchallenges.com\/index.php?rest_route=\/wp\/v2\/posts"}],"about":[{"href":"https:\/\/www.africanchallenges.com\/index.php?rest_route=\/wp\/v2\/types\/post"}],"author":[{"embeddable":true,"href":"https:\/\/www.africanchallenges.com\/index.php?rest_route=\/wp\/v2\/users\/4"}],"replies":[{"embeddable":true,"href":"https:\/\/www.africanchallenges.com\/index.php?rest_route=%2Fwp%2Fv2%2Fcomments&post=51425"}],"version-history":[{"count":2,"href":"https:\/\/www.africanchallenges.com\/index.php?rest_route=\/wp\/v2\/posts\/51425\/revisions"}],"predecessor-version":[{"id":51427,"href":"https:\/\/www.africanchallenges.com\/index.php?rest_route=\/wp\/v2\/posts\/51425\/revisions\/51427"}],"wp:featuredmedia":[{"embeddable":true,"href":"https:\/\/www.africanchallenges.com\/index.php?rest_route=\/wp\/v2\/media\/33912"}],"wp:attachment":[{"href":"https:\/\/www.africanchallenges.com\/index.php?rest_route=%2Fwp%2Fv2%2Fmedia&parent=51425"}],"wp:term":[{"taxonomy":"category","embeddable":true,"href":"https:\/\/www.africanchallenges.com\/index.php?rest_route=%2Fwp%2Fv2%2Fcategories&post=51425"},{"taxonomy":"post_tag","embeddable":true,"href":"https:\/\/www.africanchallenges.com\/index.php?rest_route=%2Fwp%2Fv2%2Ftags&post=51425"}],"curies":[{"name":"wp","href":"https:\/\/api.w.org\/{rel}","templated":true}]}}