{"id":51379,"date":"2023-11-03T19:40:34","date_gmt":"2023-11-03T19:40:34","guid":{"rendered":"https:\/\/www.africanchallenges.com\/?p=51379"},"modified":"2023-11-03T19:42:42","modified_gmt":"2023-11-03T19:42:42","slug":"uae-cop28-le-roi-charles-iii-prononcera-le-discours-douverture-de-la-cop28-a-dubai","status":"publish","type":"post","link":"https:\/\/www.africanchallenges.com\/?p=51379","title":{"rendered":"UAE-COP28: Le roi Charles III prononcera le discours d&rsquo;ouverture de la COP28 \u00e0\u00a0Duba\u00ef"},"content":{"rendered":"\n<p class=\"wp-block-paragraph\">Le &nbsp;palais de Buckingham a annonc\u00e9 dans un communiqu\u00e9 officiel &nbsp;le 1<sup>er<\/sup> novembre , la pr\u00e9sence du roi Charles III \u00e0 la 28e Conf\u00e9rence des Parties sur le Climat de l&rsquo;ONU (COP28) \u00e0 Duba\u00ef, aux \u00c9mirats arabes unis \u00e0 l&rsquo;invitation de Son Altesse Cheikh Mohamed ben Zayed Al Nahyan, pr\u00e9sident des \u00c9mirats arabes unis (EAU) et \u00e0 la demande du gouvernement de Sa Majest\u00e9. 1er d\u00e9cembre 2023.. Plus encore, c&rsquo;est le souverain britannique qui prononcera, le 1er d\u00e9cembre, le discours d&rsquo;ouverture du sommet.<\/p>\n\n\n\n<p class=\"wp-block-paragraph\">\u00a0En marge de cet \u00e9v\u00e9nement regroupant 200 pays, le roi assistera la veille \u00e0 une \u00ab\u00a0r\u00e9ception pour lancer le premier Forum sur le climat des affaires et de la philanthropie de la COP28\u00a0\u00bb, souligne le communiqu\u00e9 du palais, lequel est organis\u00e9 en partenariat avec l\u2019Initiative pour des march\u00e9s durables (SMI). Fond\u00e9e par Charles III en 2020, cette coalition vise \u00e0 \u00ab\u00a0acc\u00e9l\u00e9rer la transition vers un avenir plus durable pour la nature, les personnes et la plan\u00e8te\u00a0\u00bb en rassemblant des dirigeants mondiaux. Objectif : que les secteurs priv\u00e9s et publics alignent leurs objectifs et leurs efforts. Autant d&rsquo;enjeux pour lesquels le roi Charles III a choisi de s&rsquo;engager depuis d\u00e9j\u00e0 plus de 50 ans.<\/p>\n\n\n\n<p class=\"wp-block-paragraph\"><strong>Communiqu\u00e9 du palais de Buckingham:<\/strong> <a href=\"https:\/\/www.royal.uk\/news-and-activity\/2023-11-01\/the-king-will-attend-cop28-uae-0\">https:\/\/www.royal.uk\/news-and-activity\/2023-11-01\/the-king-will-attend-cop28-uae-0<\/a><\/p>\n\n\n\n<p class=\"wp-block-paragraph\"><\/p>\n","protected":false},"excerpt":{"rendered":"<p>Le &nbsp;palais de Buckingham a annonc\u00e9 dans un communiqu\u00e9 officiel &nbsp;le 1er novembre , la pr\u00e9sence du roi Charles III \u00e0 la 28e Conf\u00e9rence des Parties sur le Climat de l&rsquo;ONU (COP28) \u00e0 Duba\u00ef, aux \u00c9mirats arabes unis \u00e0 l&rsquo;invitation de Son Altesse Cheikh Mohamed ben Zayed Al Nahyan, pr\u00e9sident des \u00c9mirats arabes unis (EAU) [&hellip;]<\/p>\n","protected":false},"author":4,"featured_media":51380,"comment_status":"open","ping_status":"closed","sticky":false,"template":"","format":"standard","meta":{"content-type":"","jnews-multi-image_gallery":[],"jnews_single_post":{"subtitle":"","format":"standard","video":"","gallery":"","source_name":"","source_url":"","via_name":"","via_url":"","override_template":"0","override":[{"template":"1","single_blog_custom":"","parallax":"1","fullscreen":"1","layout":"right-sidebar","sidebar":"default-sidebar","second_sidebar":"default-sidebar","sticky_sidebar":"1","share_position":"top","share_float_style":"share-monocrhome","show_share_counter":"1","show_view_counter":"1","show_featured":"1","show_post_meta":"1","show_post_author":"1","show_post_author_image":"1","show_post_date":"1","post_date_format":"default","post_date_format_custom":"Y\/m\/d","show_post_category":"1","show_post_reading_time":"0","post_reading_time_wpm":"300","show_zoom_button":"0","zoom_button_out_step":"2","zoom_button_in_step":"3","show_post_tag":"1","show_prev_next_post":"1","show_popup_post":"1","number_popup_post":"1","show_author_box":"0","show_post_related":"0","show_inline_post_related":"0"}],"override_image_size":"0","image_override":[{"single_post_thumbnail_size":"crop-500","single_post_gallery_size":"crop-500"}],"trending_post":"0","trending_post_position":"meta","trending_post_label":"Trending","sponsored_post":"0","sponsored_post_label":"Sponsored by","sponsored_post_name":"","sponsored_post_url":"","sponsored_post_logo_enable":"0","sponsored_post_logo":"","sponsored_post_desc":"","disable_ad":"0"},"jnews_primary_category":{"id":"","hide":""},"jnews_override_bookmark_settings":[],"jnews_review":[],"enable_review":"","type":"","name":"","summary":"","brand":"","sku":"","good":[],"bad":[],"score_override":"","override_value":"","rating":[],"price":[],"jnews_post_split":[],"footnotes":""},"categories":[6],"tags":[10727,3656,234,11072],"class_list":["post-51379","post","type-post","status-publish","format-standard","has-post-thumbnail","hentry","category-world","tag-cop28","tag-discours","tag-ouverture","tag-roi-charles-iii"],"_links":{"self":[{"href":"https:\/\/www.africanchallenges.com\/index.php?rest_route=\/wp\/v2\/posts\/51379","targetHints":{"allow":["GET"]}}],"collection":[{"href":"https:\/\/www.africanchallenges.com\/index.php?rest_route=\/wp\/v2\/posts"}],"about":[{"href":"https:\/\/www.africanchallenges.com\/index.php?rest_route=\/wp\/v2\/types\/post"}],"author":[{"embeddable":true,"href":"https:\/\/www.africanchallenges.com\/index.php?rest_route=\/wp\/v2\/users\/4"}],"replies":[{"embeddable":true,"href":"https:\/\/www.africanchallenges.com\/index.php?rest_route=%2Fwp%2Fv2%2Fcomments&post=51379"}],"version-history":[{"count":1,"href":"https:\/\/www.africanchallenges.com\/index.php?rest_route=\/wp\/v2\/posts\/51379\/revisions"}],"predecessor-version":[{"id":51381,"href":"https:\/\/www.africanchallenges.com\/index.php?rest_route=\/wp\/v2\/posts\/51379\/revisions\/51381"}],"wp:featuredmedia":[{"embeddable":true,"href":"https:\/\/www.africanchallenges.com\/index.php?rest_route=\/wp\/v2\/media\/51380"}],"wp:attachment":[{"href":"https:\/\/www.africanchallenges.com\/index.php?rest_route=%2Fwp%2Fv2%2Fmedia&parent=51379"}],"wp:term":[{"taxonomy":"category","embeddable":true,"href":"https:\/\/www.africanchallenges.com\/index.php?rest_route=%2Fwp%2Fv2%2Fcategories&post=51379"},{"taxonomy":"post_tag","embeddable":true,"href":"https:\/\/www.africanchallenges.com\/index.php?rest_route=%2Fwp%2Fv2%2Ftags&post=51379"}],"curies":[{"name":"wp","href":"https:\/\/api.w.org\/{rel}","templated":true}]}}