{"id":51251,"date":"2023-10-27T20:10:05","date_gmt":"2023-10-27T20:10:05","guid":{"rendered":"https:\/\/www.africanchallenges.com\/?p=51251"},"modified":"2023-10-27T20:14:54","modified_gmt":"2023-10-27T20:14:54","slug":"tunisie-vers-la-mise-en-place-dun-plan-daction-pour-preserver-la-durabilite-de-la-securite-alimentaire-et-instaurer-les-mecanismes-necessaires-pour-lutter-contre-la-secheresse","status":"publish","type":"post","link":"https:\/\/www.africanchallenges.com\/?p=51251","title":{"rendered":"Tunisie :Vers la mise en place d&rsquo;un plan d\u2019action pour pr\u00e9server la durabilit\u00e9 de la s\u00e9curit\u00e9 alimentaire et instaurer les m\u00e9canismes n\u00e9cessaires pour lutter contre la\u00a0s\u00e9cheresse"},"content":{"rendered":"\n<p class=\"wp-block-paragraph\">Dans un communiqu\u00e9 rendu public ce vendredi 27 octobre2023, le minist\u00e8re des Finances a annonc\u00e9 qu\u2019une r\u00e9union a eu lieu le jeudi 26 octobre2023 , en pr\u00e9sence du c\u00f4t\u00e9 tunisien, de la ministre des Finances, charg\u00e9e de la gestion des affaires du minist\u00e8re de l\u2019Economie, Sihem Boughdiri Nemsia, ainsi que les ministres de l\u2019Agriculture, Abdelmonem Belati et du Commerce, Kalthoum Ben Rejeb, et la conseill\u00e8re aupr\u00e8s du chef du gouvernement, Samia Charfi&nbsp; et une d\u00e9l\u00e9gation de la Banque mondiale dirig\u00e9e par la directrice du d\u00e9veloppement durable pour l\u2019Afrique du Nord et le Moyen-Orient de la Banque, Meskerem Brhane.<\/p>\n\n\n\n<p class=\"wp-block-paragraph\">Les discussion ont port\u00e9 sur l\u2019\u00e9laboration d\u2019un plan d\u2019action pour pr\u00e9server la durabilit\u00e9 de la s\u00e9curit\u00e9 alimentaire et instaurer les m\u00e9canismes n\u00e9cessaires pour lutter contre la s\u00e9cheresse.<\/p>\n\n\n\n<p class=\"wp-block-paragraph\">Le Minist\u00e8re a not\u00e9 que la r\u00e9union a examin\u00e9 la coop\u00e9ration entre la Tunisie et la BM, notamment les impacts du changement climatique sur les principales fili\u00e8res agricoles, dont la c\u00e9r\u00e9aliculture, outre les perspectives de renforcer la coop\u00e9ration conjointe.<\/p>\n","protected":false},"excerpt":{"rendered":"<p>Dans un communiqu\u00e9 rendu public ce vendredi 27 octobre2023, le minist\u00e8re des Finances a annonc\u00e9 qu\u2019une r\u00e9union a eu lieu le jeudi 26 octobre2023 , en pr\u00e9sence du c\u00f4t\u00e9 tunisien, de la ministre des Finances, charg\u00e9e de la gestion des affaires du minist\u00e8re de l\u2019Economie, Sihem Boughdiri Nemsia, ainsi que les ministres de l\u2019Agriculture, Abdelmonem [&hellip;]<\/p>\n","protected":false},"author":4,"featured_media":51256,"comment_status":"open","ping_status":"closed","sticky":false,"template":"","format":"standard","meta":{"content-type":"","jnews-multi-image_gallery":[],"jnews_single_post":{"subtitle":"","format":"standard","video":"","gallery":"","source_name":"","source_url":"","via_name":"","via_url":"","override_template":"0","override":[{"template":"1","single_blog_custom":"","parallax":"1","fullscreen":"1","layout":"right-sidebar","sidebar":"default-sidebar","second_sidebar":"default-sidebar","sticky_sidebar":"1","share_position":"top","share_float_style":"share-monocrhome","show_share_counter":"1","show_view_counter":"1","show_featured":"1","show_post_meta":"1","show_post_author":"1","show_post_author_image":"1","show_post_date":"1","post_date_format":"default","post_date_format_custom":"Y\/m\/d","show_post_category":"1","show_post_reading_time":"0","post_reading_time_wpm":"300","show_zoom_button":"0","zoom_button_out_step":"2","zoom_button_in_step":"3","show_post_tag":"1","show_prev_next_post":"1","show_popup_post":"1","number_popup_post":"1","show_author_box":"0","show_post_related":"0","show_inline_post_related":"0"}],"override_image_size":"0","image_override":[{"single_post_thumbnail_size":"crop-500","single_post_gallery_size":"crop-500"}],"trending_post":"0","trending_post_position":"meta","trending_post_label":"Trending","sponsored_post":"0","sponsored_post_label":"Sponsored by","sponsored_post_name":"","sponsored_post_url":"","sponsored_post_logo_enable":"0","sponsored_post_logo":"","sponsored_post_desc":"","disable_ad":"0"},"jnews_primary_category":{"id":"","hide":""},"jnews_override_bookmark_settings":[],"jnews_review":[],"enable_review":"","type":"","name":"","summary":"","brand":"","sku":"","good":[],"bad":[],"score_override":"","override_value":"","rating":[],"price":[],"jnews_post_split":[],"footnotes":""},"categories":[43,73],"tags":[9579,6921,11034],"class_list":["post-51251","post","type-post","status-publish","format-standard","has-post-thumbnail","hentry","category-eco-business","category-eco","tag-durabilite","tag-plan-daction","tag-securite-alimentaire"],"_links":{"self":[{"href":"https:\/\/www.africanchallenges.com\/index.php?rest_route=\/wp\/v2\/posts\/51251","targetHints":{"allow":["GET"]}}],"collection":[{"href":"https:\/\/www.africanchallenges.com\/index.php?rest_route=\/wp\/v2\/posts"}],"about":[{"href":"https:\/\/www.africanchallenges.com\/index.php?rest_route=\/wp\/v2\/types\/post"}],"author":[{"embeddable":true,"href":"https:\/\/www.africanchallenges.com\/index.php?rest_route=\/wp\/v2\/users\/4"}],"replies":[{"embeddable":true,"href":"https:\/\/www.africanchallenges.com\/index.php?rest_route=%2Fwp%2Fv2%2Fcomments&post=51251"}],"version-history":[{"count":1,"href":"https:\/\/www.africanchallenges.com\/index.php?rest_route=\/wp\/v2\/posts\/51251\/revisions"}],"predecessor-version":[{"id":51255,"href":"https:\/\/www.africanchallenges.com\/index.php?rest_route=\/wp\/v2\/posts\/51251\/revisions\/51255"}],"wp:featuredmedia":[{"embeddable":true,"href":"https:\/\/www.africanchallenges.com\/index.php?rest_route=\/wp\/v2\/media\/51256"}],"wp:attachment":[{"href":"https:\/\/www.africanchallenges.com\/index.php?rest_route=%2Fwp%2Fv2%2Fmedia&parent=51251"}],"wp:term":[{"taxonomy":"category","embeddable":true,"href":"https:\/\/www.africanchallenges.com\/index.php?rest_route=%2Fwp%2Fv2%2Fcategories&post=51251"},{"taxonomy":"post_tag","embeddable":true,"href":"https:\/\/www.africanchallenges.com\/index.php?rest_route=%2Fwp%2Fv2%2Ftags&post=51251"}],"curies":[{"name":"wp","href":"https:\/\/api.w.org\/{rel}","templated":true}]}}