{"id":51160,"date":"2023-10-23T14:23:26","date_gmt":"2023-10-23T14:23:26","guid":{"rendered":"https:\/\/www.africanchallenges.com\/?p=51160"},"modified":"2023-10-23T14:41:58","modified_gmt":"2023-10-23T14:41:58","slug":"tunisie-signature-dun-memorandum-dentente-sur-la-migration-reguliere-entre-la-tunisie-et-litalie","status":"publish","type":"post","link":"https:\/\/www.africanchallenges.com\/?p=51160","title":{"rendered":"Tunisie\u00a0: Signature d&rsquo;un M\u00e9morandum d\u2019entente sur la migration r\u00e9guli\u00e8re entre la Tunisie et l\u2019Italie"},"content":{"rendered":"\n<p class=\"wp-block-paragraph\">La Tunisiel et l\u2019Italie ont conclu la semaine derni\u00e8re un m\u00e9morandum d\u2019entente sur la migration r\u00e9guli\u00e8re,&nbsp; d\u2019une dur\u00e9e de trois ans, et un quota annuel de 4000 Tunisiens, pour travailler en Italie, moyennant des contrats de travail li\u00e9s aux projets financ\u00e9s.<\/p>\n\n\n\n<p class=\"wp-block-paragraph\">Le vice-pr\u00e9sident du Conseil italien, Antonio Tajani, et le ministre des Affaires \u00e9trang\u00e8res, Nabil Ammar, ont sign\u00e9, vendredi dernier \u00e0 Tunis, un m\u00e9morandum d\u2019entente, portant sur l\u2019obtention par \u00ab les travailleurs tunisiens choisis \u00bb, de visas d\u2019entr\u00e9e, et de cartes de s\u00e9jour sur le territoire italien, selon des proc\u00e9dures simplifi\u00e9es, rapporte l\u2019agence de presse italienne Nova.<\/p>\n\n\n\n<p class=\"wp-block-paragraph\">Cet accord vise \u00e0 renforcer la coop\u00e9ration en mati\u00e8re de gestion des flux migratoires vers l\u2019Italie, soit en mati\u00e8re de lutte contre la migration irr\u00e9guli\u00e8re, et la traite des personnes, mais aussi en termes d\u2019am\u00e9lioration des opportunit\u00e9s de travail en Italie, pour les Tunisiens habilit\u00e9s.<\/p>\n\n\n\n<p class=\"wp-block-paragraph\">En vertu de ce m\u00e9morandum, les autorit\u00e9s tunisiennes coop\u00e9reront avec les autorit\u00e9s comp\u00e9tentes italiennes, en vue de faciliter l\u2019entr\u00e9e des employ\u00e9s aux territoires italiens, en coordination avec les instances gouvernementales comp\u00e9tentes et les entreprises locales.<\/p>\n\n\n\n<p class=\"wp-block-paragraph\">Au terme de son contrat avec la soci\u00e9t\u00e9 italienne, le travailleur serait en mesure de rester en Italie, comme le lui permet sa carte de s\u00e9jour, et signer un nouveau contrat de travail.<\/p>\n\n\n\n<p class=\"wp-block-paragraph\">Le m\u00e9morandum pr\u00e9voit, par ailleurs, la cr\u00e9ation d\u2019une commission charg\u00e9e du contr\u00f4le et de la mise en ex\u00e9cution du protocole d\u2019accord, form\u00e9 des repr\u00e9sentants des deux parties.<\/p>\n\n\n\n<p class=\"wp-block-paragraph\">Les deux minist\u00e8res des Affaires \u00e9trang\u00e8res proc\u00e8deront \u00e0 l\u2019\u00e9change des nouvelles informations, en cas de changement des l\u00e9gislations nationales ou europ\u00e9ennes.<\/p>\n\n\n\n<p class=\"wp-block-paragraph\">Tout litige sera r\u00e9gl\u00e9 \u00e0 l\u2019amiable, \u00e0 travers les concertations et les n\u00e9gociations directes. Les deux parties auront la possibilit\u00e9 de r\u00e9viser le m\u00e9morandum d\u2019entente, de commun accord.<\/p>\n\n\n\n<p class=\"wp-block-paragraph\">Les minist\u00e8res des Affaires \u00e9trang\u00e8res des deux pays, supporteront les d\u00e9penses d\u00e9coulant de la mise en application dudit m\u00e9morandum, dans la limite des ressources financi\u00e8res qui leur sont allou\u00e9es.<\/p>\n","protected":false},"excerpt":{"rendered":"<p>La Tunisiel et l\u2019Italie ont conclu la semaine derni\u00e8re un m\u00e9morandum d\u2019entente sur la migration r\u00e9guli\u00e8re,&nbsp; d\u2019une dur\u00e9e de trois ans, et un quota annuel de 4000 Tunisiens, pour travailler en Italie, moyennant des contrats de travail li\u00e9s aux projets financ\u00e9s. Le vice-pr\u00e9sident du Conseil italien, Antonio Tajani, et le ministre des Affaires \u00e9trang\u00e8res, Nabil [&hellip;]<\/p>\n","protected":false},"author":4,"featured_media":51161,"comment_status":"open","ping_status":"closed","sticky":false,"template":"","format":"standard","meta":{"content-type":"","jnews-multi-image_gallery":[],"jnews_single_post":{"subtitle":"","format":"standard","video":"","gallery":"","source_name":"","source_url":"","via_name":"","via_url":"","override_template":"0","override":[{"template":"1","single_blog_custom":"","parallax":"1","fullscreen":"1","layout":"right-sidebar","sidebar":"default-sidebar","second_sidebar":"default-sidebar","sticky_sidebar":"1","share_position":"top","share_float_style":"share-monocrhome","show_share_counter":"1","show_view_counter":"1","show_featured":"1","show_post_meta":"1","show_post_author":"1","show_post_author_image":"1","show_post_date":"1","post_date_format":"default","post_date_format_custom":"Y\/m\/d","show_post_category":"1","show_post_reading_time":"0","post_reading_time_wpm":"300","show_zoom_button":"0","zoom_button_out_step":"2","zoom_button_in_step":"3","show_post_tag":"1","show_prev_next_post":"1","show_popup_post":"1","number_popup_post":"1","show_author_box":"0","show_post_related":"0","show_inline_post_related":"0"}],"override_image_size":"0","image_override":[{"single_post_thumbnail_size":"crop-500","single_post_gallery_size":"crop-500"}],"trending_post":"0","trending_post_position":"meta","trending_post_label":"Trending","sponsored_post":"0","sponsored_post_label":"Sponsored by","sponsored_post_name":"","sponsored_post_url":"","sponsored_post_logo_enable":"0","sponsored_post_logo":"","sponsored_post_desc":"","disable_ad":"0"},"jnews_primary_category":{"id":"","hide":""},"jnews_override_bookmark_settings":[],"jnews_review":[],"enable_review":"","type":"","name":"","summary":"","brand":"","sku":"","good":[],"bad":[],"score_override":"","override_value":"","rating":[],"price":[],"jnews_post_split":[],"footnotes":""},"categories":[2],"tags":[3599,8407,11009,54],"class_list":["post-51160","post","type-post","status-publish","format-standard","has-post-thumbnail","hentry","category-news-politique","tag-italie","tag-memorandum-dentente","tag-migration-reguliere","tag-tunisie"],"_links":{"self":[{"href":"https:\/\/www.africanchallenges.com\/index.php?rest_route=\/wp\/v2\/posts\/51160","targetHints":{"allow":["GET"]}}],"collection":[{"href":"https:\/\/www.africanchallenges.com\/index.php?rest_route=\/wp\/v2\/posts"}],"about":[{"href":"https:\/\/www.africanchallenges.com\/index.php?rest_route=\/wp\/v2\/types\/post"}],"author":[{"embeddable":true,"href":"https:\/\/www.africanchallenges.com\/index.php?rest_route=\/wp\/v2\/users\/4"}],"replies":[{"embeddable":true,"href":"https:\/\/www.africanchallenges.com\/index.php?rest_route=%2Fwp%2Fv2%2Fcomments&post=51160"}],"version-history":[{"count":1,"href":"https:\/\/www.africanchallenges.com\/index.php?rest_route=\/wp\/v2\/posts\/51160\/revisions"}],"predecessor-version":[{"id":51162,"href":"https:\/\/www.africanchallenges.com\/index.php?rest_route=\/wp\/v2\/posts\/51160\/revisions\/51162"}],"wp:featuredmedia":[{"embeddable":true,"href":"https:\/\/www.africanchallenges.com\/index.php?rest_route=\/wp\/v2\/media\/51161"}],"wp:attachment":[{"href":"https:\/\/www.africanchallenges.com\/index.php?rest_route=%2Fwp%2Fv2%2Fmedia&parent=51160"}],"wp:term":[{"taxonomy":"category","embeddable":true,"href":"https:\/\/www.africanchallenges.com\/index.php?rest_route=%2Fwp%2Fv2%2Fcategories&post=51160"},{"taxonomy":"post_tag","embeddable":true,"href":"https:\/\/www.africanchallenges.com\/index.php?rest_route=%2Fwp%2Fv2%2Ftags&post=51160"}],"curies":[{"name":"wp","href":"https:\/\/api.w.org\/{rel}","templated":true}]}}