{"id":51146,"date":"2023-10-20T19:09:32","date_gmt":"2023-10-20T19:09:32","guid":{"rendered":"https:\/\/www.africanchallenges.com\/?p=51146"},"modified":"2023-10-20T19:32:26","modified_gmt":"2023-10-20T19:32:26","slug":"tunisie-le-ministre-des-affaires-etrangeres-recoit-antonio-tajani-vice-premier-ministre-italien-et-ministre-des-affaires-etrangeres-et-de-la-cooperation-internationale","status":"publish","type":"post","link":"https:\/\/www.africanchallenges.com\/?p=51146","title":{"rendered":"Tunisie : Le ministre des affaires \u00e9trang\u00e8res re\u00e7oit Antonio Tajani, vice-Premier ministre italien et ministre des Affaires \u00e9trang\u00e8res et de la Coop\u00e9ration internationale"},"content":{"rendered":"\n<p class=\"wp-block-paragraph\">M. Nabil Ammar, ministre des Affaires \u00e9trang\u00e8res, de l\u2019Immigration et des Tunisiens de l\u2019\u00e9tranger, a re\u00e7u, &nbsp;ce vendredi 20 octobre 2023, au si\u00e8ge du minist\u00e8re, M. Antonio Tajani, vice-Premier ministre italien et ministre des Affaires \u00e9trang\u00e8res et de la Coop\u00e9ration internationale, qui est en visite dans notre pays avec une d\u00e9l\u00e9gation compos\u00e9e des ministres de l\u2019Agriculture, de la Souverainet\u00e9 alimentaire, des For\u00eats, du Travail et des Politiques sociales et une mission technique de haut niveau, pour des consultations politiques et la mise en place d\u2019un partenariat bilat\u00e9ral dans les domaines du travail et de la s\u00e9curit\u00e9 alimentaire.<\/p>\n\n\n\n<p class=\"wp-block-paragraph\">La s\u00e9ance de travail organis\u00e9e \u00e0 cette occasion s\u2019est concentr\u00e9e sur l\u2019\u00e9volution dangereuse de la situation dans les territoires palestiniens occup\u00e9s et sur ses effets d\u00e9sastreux sur la r\u00e9gion \u00e0 la lumi\u00e8re de la poursuite de l\u2019agression brutale d\u2019Isra\u00ebl contre le peuple palestinien sans d\u00e9fense.<\/p>\n\n\n\n<p class=\"wp-block-paragraph\">Dans ce contexte, le ministre a d\u00e9nonc\u00e9 les horribles violations qui ont atteint un degr\u00e9 sans pr\u00e9c\u00e9dent de criminalit\u00e9 et de brutalit\u00e9 contre le peuple palestinien \u00e0 Gaza, qui resteront une tache sur le front de l\u2019humanit\u00e9, appelant dans ce contexte son homologue italien \u00e0 intervenir aupr\u00e8s des pays de l\u2019Union europ\u00e9enne et d\u2019autres partisans de cette agression qui se tiennent pour des paroles en faveur des droits de l\u2019homme afin qu\u2019ils y cessent imm\u00e9diatement et cessent de cibler les civils et de commettre des crimes de g\u00e9nocide Et le d\u00e9placement forc\u00e9 dans une violation sans pr\u00e9c\u00e9dent des normes internationales, du droit international humanitaire, des valeurs universelles et des droits de l\u2019homme.<\/p>\n\n\n\n<p class=\"wp-block-paragraph\">Le ministre a \u00e9galement soulign\u00e9 l\u2019importance pour l\u2019Union europ\u00e9enne et la communaut\u00e9 internationale dans son ensemble d\u2019assumer leur responsabilit\u00e9 morale de prendre des mesures efficaces et concr\u00e8tes pour assurer la protection du peuple palestinien, lui fournir l\u2019aide humanitaire n\u00e9cessaire de toute urgence et imm\u00e9diatement, et r\u00e9aliser ses droits l\u00e9gitimes \u00e0 un \u00c9tat ind\u00e9pendant et souverain avec Al-Qods Al-Charif comme capitale.<\/p>\n\n\n\n<p class=\"wp-block-paragraph\">Pour sa part, le ministre italien a soulign\u00e9 le refus de son pays de prendre pour cible les civils et son adh\u00e9sion \u00e0 la solution \u00e0 deux \u00c9tats et \u00e0 l\u2019approche pacifique de la r\u00e9solution du conflit au Moyen-Orient, et qu\u2019il est venu en Tunisie avec un message de paix, soulignant que l\u2019Italie se tient \u00e0 la m\u00eame distance entre toutes les parties au service de la paix dans la r\u00e9gion.<\/p>\n\n\n\n<p class=\"wp-block-paragraph\">Sur le plan bilat\u00e9ral, la s\u00e9ance de travail a \u00e9t\u00e9 l\u2019occasion de saluer les liens d\u2019amiti\u00e9 et de coop\u00e9ration de longue date entre la Tunisie et l\u2019Italie et d\u2019affirmer la volont\u00e9 de les d\u00e9velopper davantage dans les domaines de l\u2019investissement, du partenariat, de l\u2019emploi et de la formation professionnelle et diplomatique dans l\u2019int\u00e9r\u00eat commun des deux pays.<\/p>\n\n\n\n<p class=\"wp-block-paragraph\">La question de la migration irr\u00e9guli\u00e8re et les moyens d\u2019y faire face ont \u00e9galement \u00e9t\u00e9 abord\u00e9es dans le cadre d\u2019une approche globale visant \u00e0 promouvoir la migration l\u00e9gale et \u00e0 r\u00e9duire la migration irr\u00e9guli\u00e8re et le d\u00e9placement forc\u00e9 dans une violation sans pr\u00e9c\u00e9dent des normes internationales, du droit international humanitaire, des valeurs universelles et des droits de l\u2019homme.<\/p>\n\n\n\n<p class=\"wp-block-paragraph\"><br>Le ministre &nbsp;a \u00e9galement soulign\u00e9 l\u2019importance pour l\u2019Union europ\u00e9enne et la communaut\u00e9 internationale dans son ensemble d\u2019assumer leur responsabilit\u00e9 morale de prendre des mesures efficaces et concr\u00e8tes pour assurer la protection du peuple palestinien, lui fournir l\u2019aide humanitaire n\u00e9cessaire de toute urgence et imm\u00e9diatement, et r\u00e9aliser ses droits l\u00e9gitimes \u00e0 un \u00c9tat ind\u00e9pendant et souverain avec Al-Qods Al-Charif comme capitale.<br>Pour sa part, le ministre italien a soulign\u00e9 le refus de son pays de prendre pour cible les civils et son adh\u00e9sion \u00e0 la solution \u00e0 deux \u00c9tats et \u00e0 l\u2019approche pacifique de la r\u00e9solution du conflit au Moyen-Orient, et qu\u2019il est venu en Tunisie avec un message de paix, soulignant que l\u2019Italie se tient \u00e0 la m\u00eame distance entre toutes les parties au service de la paix dans la r\u00e9gion.<\/p>\n\n\n\n<p class=\"wp-block-paragraph\"><br>Sur le plan bilat\u00e9ral, la s\u00e9ance de travail a \u00e9t\u00e9 l\u2019occasion de saluer les liens d\u2019amiti\u00e9 et de coop\u00e9ration de longue date entre la Tunisie et l\u2019Italie et d\u2019affirmer la volont\u00e9 de les d\u00e9velopper davantage dans les domaines de l\u2019investissement, du partenariat, de l\u2019emploi et de la formation professionnelle et diplomatique dans l\u2019int\u00e9r\u00eat commun des deux pays.<br>La question de la migration irr\u00e9guli\u00e8re et les moyens d\u2019y faire face ont \u00e9galement \u00e9t\u00e9 abord\u00e9es dans le cadre d\u2019une approche globale visant \u00e0 promouvoir la migration l\u00e9gale et \u00e0 r\u00e9duire la migration irr\u00e9guli\u00e8re, lutter contre la traite des \u00eatres humains et permettre aux jeunes Tunisiens d\u2019acc\u00e9der \u00e0 des opportunit\u00e9s d\u2019emploi en Italie.<\/p>\n\n\n\n<p class=\"wp-block-paragraph\"><br>A l\u2019issue de la s\u00e9ance de travail, les deux ministres ont sign\u00e9 un m\u00e9morandum d\u2019entente de coop\u00e9ration dans la gestion des flux migratoires, qui permet la mise \u00e0 disposition d\u2019un quota annuel de quatre mille (4. 000) cartes de s\u00e9jour non saisonni\u00e8res sur une p\u00e9riode de trois ans pour les travailleurs tunisiens en Italie.<br>Il est \u00e0 noter que M. Nabil Ammar, accompagn\u00e9 de son homologue italien, a cl\u00f4tur\u00e9 les travaux du Forum sur la s\u00e9curit\u00e9 alimentaire \u00e0 l\u2019h\u00f4tel Sheraton, en pr\u00e9sence du ministre de l\u2019Agriculture, des Ressources hydrauliques et de la P\u00eache, du ministre de l\u2019Agriculture, de la Souverainet\u00e9 alimentaire et des For\u00eats, du ministre italien du Travail et des Politiques sociales, de repr\u00e9sentants des structures de recherche, des secteurs public et priv\u00e9 et d\u2019experts en Tunisie et en Italie.<\/p>\n\n\n\n<p class=\"wp-block-paragraph\">Dans son discours \u00e0 cette occasion, il a soulign\u00e9 l\u2019importance de cet \u00e9v\u00e9nement pour renforcer davantage la coop\u00e9ration bilat\u00e9rale et l\u2019\u00e9change d\u2019exp\u00e9riences pour soutenir la s\u00e9curit\u00e9 alimentaire dans notre pays, renforcer la gestion des ressources en eau, utiliser les \u00e9nergies renouvelables dans le domaine agricole et faire face au changement climatique..<\/p>\n\n\n\n<p class=\"wp-block-paragraph\">Le ministre a \u00e9galement soulign\u00e9 l\u2019importance de suivre la mise en \u0153uvre des r\u00e9sultats du forum et d\u2019assurer la concr\u00e9tisation des projets structur\u00e9s convenus pour servir l\u2019int\u00e9r\u00eat commun des deux pays.<\/p>\n","protected":false},"excerpt":{"rendered":"<p>M. Nabil Ammar, ministre des Affaires \u00e9trang\u00e8res, de l\u2019Immigration et des Tunisiens de l\u2019\u00e9tranger, a re\u00e7u, &nbsp;ce vendredi 20 octobre 2023, au si\u00e8ge du minist\u00e8re, M. Antonio Tajani, vice-Premier ministre italien et ministre des Affaires \u00e9trang\u00e8res et de la Coop\u00e9ration internationale, qui est en visite dans notre pays avec une d\u00e9l\u00e9gation compos\u00e9e des ministres de [&hellip;]<\/p>\n","protected":false},"author":4,"featured_media":51148,"comment_status":"open","ping_status":"closed","sticky":false,"template":"","format":"standard","meta":{"content-type":"","jnews-multi-image_gallery":[],"jnews_single_post":{"subtitle":"","format":"standard","video":"","gallery":"","source_name":"","source_url":"","via_name":"","via_url":"","override_template":"0","override":[{"template":"1","single_blog_custom":"","parallax":"1","fullscreen":"1","layout":"right-sidebar","sidebar":"default-sidebar","second_sidebar":"default-sidebar","sticky_sidebar":"1","share_position":"top","share_float_style":"share-monocrhome","show_share_counter":"1","show_view_counter":"1","show_featured":"1","show_post_meta":"1","show_post_author":"1","show_post_author_image":"1","show_post_date":"1","post_date_format":"default","post_date_format_custom":"Y\/m\/d","show_post_category":"1","show_post_reading_time":"0","post_reading_time_wpm":"300","show_zoom_button":"0","zoom_button_out_step":"2","zoom_button_in_step":"3","show_post_tag":"1","show_prev_next_post":"1","show_popup_post":"1","number_popup_post":"1","show_author_box":"0","show_post_related":"0","show_inline_post_related":"0"}],"override_image_size":"0","image_override":[{"single_post_thumbnail_size":"crop-500","single_post_gallery_size":"crop-500"}],"trending_post":"0","trending_post_position":"meta","trending_post_label":"Trending","sponsored_post":"0","sponsored_post_label":"Sponsored by","sponsored_post_name":"","sponsored_post_url":"","sponsored_post_logo_enable":"0","sponsored_post_logo":"","sponsored_post_desc":"","disable_ad":"0"},"jnews_primary_category":{"id":"","hide":""},"jnews_override_bookmark_settings":[],"jnews_review":[],"enable_review":"","type":"","name":"","summary":"","brand":"","sku":"","good":[],"bad":[],"score_override":"","override_value":"","rating":[],"price":[],"jnews_post_split":[],"footnotes":""},"categories":[2],"tags":[10404,9906,1282],"class_list":["post-51146","post","type-post","status-publish","format-standard","has-post-thumbnail","hentry","category-news-politique","tag-antonio-tajani","tag-nabil-ammar","tag-rencontre"],"_links":{"self":[{"href":"https:\/\/www.africanchallenges.com\/index.php?rest_route=\/wp\/v2\/posts\/51146","targetHints":{"allow":["GET"]}}],"collection":[{"href":"https:\/\/www.africanchallenges.com\/index.php?rest_route=\/wp\/v2\/posts"}],"about":[{"href":"https:\/\/www.africanchallenges.com\/index.php?rest_route=\/wp\/v2\/types\/post"}],"author":[{"embeddable":true,"href":"https:\/\/www.africanchallenges.com\/index.php?rest_route=\/wp\/v2\/users\/4"}],"replies":[{"embeddable":true,"href":"https:\/\/www.africanchallenges.com\/index.php?rest_route=%2Fwp%2Fv2%2Fcomments&post=51146"}],"version-history":[{"count":2,"href":"https:\/\/www.africanchallenges.com\/index.php?rest_route=\/wp\/v2\/posts\/51146\/revisions"}],"predecessor-version":[{"id":51149,"href":"https:\/\/www.africanchallenges.com\/index.php?rest_route=\/wp\/v2\/posts\/51146\/revisions\/51149"}],"wp:featuredmedia":[{"embeddable":true,"href":"https:\/\/www.africanchallenges.com\/index.php?rest_route=\/wp\/v2\/media\/51148"}],"wp:attachment":[{"href":"https:\/\/www.africanchallenges.com\/index.php?rest_route=%2Fwp%2Fv2%2Fmedia&parent=51146"}],"wp:term":[{"taxonomy":"category","embeddable":true,"href":"https:\/\/www.africanchallenges.com\/index.php?rest_route=%2Fwp%2Fv2%2Fcategories&post=51146"},{"taxonomy":"post_tag","embeddable":true,"href":"https:\/\/www.africanchallenges.com\/index.php?rest_route=%2Fwp%2Fv2%2Ftags&post=51146"}],"curies":[{"name":"wp","href":"https:\/\/api.w.org\/{rel}","templated":true}]}}