{"id":51138,"date":"2023-10-20T17:41:54","date_gmt":"2023-10-20T17:41:54","guid":{"rendered":"https:\/\/www.africanchallenges.com\/?p=51138"},"modified":"2023-10-20T17:48:02","modified_gmt":"2023-10-20T17:48:02","slug":"tunisie-le-president-de-la-republique-kais-saiedrecoit-le-vice-president-du-conseil-et-ministre-des-affaires-etrangeres-italien-antonio-tajani","status":"publish","type":"post","link":"https:\/\/www.africanchallenges.com\/?p=51138","title":{"rendered":"Tunisie: Le pr\u00e9sident de la r\u00e9publique, Ka\u00efs Sa\u00efed,re\u00e7oit le vice-pr\u00e9sident du Conseil, et ministre des Affaires \u00e9trang\u00e8res italien, Antonio Tajani"},"content":{"rendered":"\n<p class=\"wp-block-paragraph\">Lors de sa rencontre avec le pr\u00e9sident de la r\u00e9publique, Ka\u00efs Sa\u00efed, ce vendredi 20 octobre 2023, le vice-pr\u00e9sident du Conseil, et ministre des Affaires \u00e9trang\u00e8res italien, Antonio Tajani, a d\u00e9clar\u00e9 avoir r\u00e9it\u00e9r\u00e9 \u00ab les liens d\u2019amiti\u00e9 strat\u00e9gique entre l\u2019Italie et la Tunisie \u00bb, rapporte l\u2019agence de presse italienne, AKI.<\/p>\n\n\n\n<p class=\"wp-block-paragraph\">Ont \u00e9t\u00e9 pr\u00e9sents \u00e0 la rencontre, le ministre de l\u2019Agriculture et de la souverainet\u00e9 alimentaire, et le ministre du Travail qui accompagnent le chef de diplomatie italienne, lors de sa visite en Tunisie.<\/p>\n\n\n\n<p class=\"wp-block-paragraph\">Dans un post sur le r\u00e9seau X (twitter), Tajani a \u00e9crit \u00e0 l\u2019issue de la rencontre, \u00ab une coop\u00e9ration sur la base des relations (qui nous lient \u00e0 la Tunisie), dans le&nbsp; cadre de la r\u00e9gion m\u00e9diterran\u00e9enne \u00bb.<\/p>\n\n\n\n<p class=\"wp-block-paragraph\">Tajani a ajout\u00e9 que \u00ab le gouvernement de son pays est fortement attach\u00e9 \u00e0 une paix juste au Moyen-Orient \u00bb.<\/p>\n","protected":false},"excerpt":{"rendered":"<p>Lors de sa rencontre avec le pr\u00e9sident de la r\u00e9publique, Ka\u00efs Sa\u00efed, ce vendredi 20 octobre 2023, le vice-pr\u00e9sident du Conseil, et ministre des Affaires \u00e9trang\u00e8res italien, Antonio Tajani, a d\u00e9clar\u00e9 avoir r\u00e9it\u00e9r\u00e9 \u00ab les liens d\u2019amiti\u00e9 strat\u00e9gique entre l\u2019Italie et la Tunisie \u00bb, rapporte l\u2019agence de presse italienne, AKI. Ont \u00e9t\u00e9 pr\u00e9sents \u00e0 la [&hellip;]<\/p>\n","protected":false},"author":4,"featured_media":51140,"comment_status":"open","ping_status":"closed","sticky":false,"template":"","format":"standard","meta":{"content-type":"","jnews-multi-image_gallery":[],"jnews_single_post":{"subtitle":"","format":"standard","video":"","gallery":"","source_name":"","source_url":"","via_name":"","via_url":"","override_template":"0","override":[{"template":"1","single_blog_custom":"","parallax":"1","fullscreen":"1","layout":"right-sidebar","sidebar":"default-sidebar","second_sidebar":"default-sidebar","sticky_sidebar":"1","share_position":"top","share_float_style":"share-monocrhome","show_share_counter":"1","show_view_counter":"1","show_featured":"1","show_post_meta":"1","show_post_author":"1","show_post_author_image":"1","show_post_date":"1","post_date_format":"default","post_date_format_custom":"Y\/m\/d","show_post_category":"1","show_post_reading_time":"0","post_reading_time_wpm":"300","show_zoom_button":"0","zoom_button_out_step":"2","zoom_button_in_step":"3","show_post_tag":"1","show_prev_next_post":"1","show_popup_post":"1","number_popup_post":"1","show_author_box":"0","show_post_related":"0","show_inline_post_related":"0"}],"override_image_size":"0","image_override":[{"single_post_thumbnail_size":"crop-500","single_post_gallery_size":"crop-500"}],"trending_post":"0","trending_post_position":"meta","trending_post_label":"Trending","sponsored_post":"0","sponsored_post_label":"Sponsored by","sponsored_post_name":"","sponsored_post_url":"","sponsored_post_logo_enable":"0","sponsored_post_logo":"","sponsored_post_desc":"","disable_ad":"0"},"jnews_primary_category":{"id":"","hide":""},"jnews_override_bookmark_settings":[],"jnews_review":[],"enable_review":"","type":"","name":"","summary":"","brand":"","sku":"","good":[],"bad":[],"score_override":"","override_value":"","rating":[],"price":[],"jnews_post_split":[],"footnotes":""},"categories":[2],"tags":[10404,3694,1282],"class_list":["post-51138","post","type-post","status-publish","format-standard","has-post-thumbnail","hentry","category-news-politique","tag-antonio-tajani","tag-kais-saied","tag-rencontre"],"_links":{"self":[{"href":"https:\/\/www.africanchallenges.com\/index.php?rest_route=\/wp\/v2\/posts\/51138","targetHints":{"allow":["GET"]}}],"collection":[{"href":"https:\/\/www.africanchallenges.com\/index.php?rest_route=\/wp\/v2\/posts"}],"about":[{"href":"https:\/\/www.africanchallenges.com\/index.php?rest_route=\/wp\/v2\/types\/post"}],"author":[{"embeddable":true,"href":"https:\/\/www.africanchallenges.com\/index.php?rest_route=\/wp\/v2\/users\/4"}],"replies":[{"embeddable":true,"href":"https:\/\/www.africanchallenges.com\/index.php?rest_route=%2Fwp%2Fv2%2Fcomments&post=51138"}],"version-history":[{"count":1,"href":"https:\/\/www.africanchallenges.com\/index.php?rest_route=\/wp\/v2\/posts\/51138\/revisions"}],"predecessor-version":[{"id":51139,"href":"https:\/\/www.africanchallenges.com\/index.php?rest_route=\/wp\/v2\/posts\/51138\/revisions\/51139"}],"wp:featuredmedia":[{"embeddable":true,"href":"https:\/\/www.africanchallenges.com\/index.php?rest_route=\/wp\/v2\/media\/51140"}],"wp:attachment":[{"href":"https:\/\/www.africanchallenges.com\/index.php?rest_route=%2Fwp%2Fv2%2Fmedia&parent=51138"}],"wp:term":[{"taxonomy":"category","embeddable":true,"href":"https:\/\/www.africanchallenges.com\/index.php?rest_route=%2Fwp%2Fv2%2Fcategories&post=51138"},{"taxonomy":"post_tag","embeddable":true,"href":"https:\/\/www.africanchallenges.com\/index.php?rest_route=%2Fwp%2Fv2%2Ftags&post=51138"}],"curies":[{"name":"wp","href":"https:\/\/api.w.org\/{rel}","templated":true}]}}