{"id":51103,"date":"2023-10-18T08:00:33","date_gmt":"2023-10-18T08:00:33","guid":{"rendered":"https:\/\/www.africanchallenges.com\/?p=51103"},"modified":"2023-10-18T08:00:37","modified_gmt":"2023-10-18T08:00:37","slug":"palestine-deuil-national-de-trois-jours-et-le-drapeau-en-berne-en-hommage-aux-martyrs-de-la-tragedie-de-lhopital-al-ahli-al-muadami","status":"publish","type":"post","link":"https:\/\/www.africanchallenges.com\/?p=51103","title":{"rendered":"Palestine : Deuil national de trois jours et le drapeau en berne en hommage aux martyrs de la trag\u00e9die de l\u2019h\u00f4pital Al-Ahli al-Muadami"},"content":{"rendered":"\n<p class=\"wp-block-paragraph\">Le pr\u00e9sident de l\u2019Autorit\u00e9 palestinienne, Mahmoud Abbas, a d\u00e9clar\u00e9 un deuil national de trois jours et le drapeau en berne en hommage aux martyrs de la trag\u00e9die de l\u2019h\u00f4pital Al-Ahli al-Muadami.<\/p>\n\n\n\n<p class=\"wp-block-paragraph\">Plus de 500 martyrs ont \u00e9t\u00e9 tu\u00e9s dans un raid isra\u00e9lien sur l\u2019h\u00f4pital Al-Muadami, situ\u00e9 au centre de la ville de Gaza, selon le minist\u00e8re de la Sant\u00e9.<\/p>\n\n\n\n<p class=\"wp-block-paragraph\">Le chef du bureau m\u00e9diatique du gouvernement, Salama Ma\u2019arouf, a affirm\u00e9 que l\u2019arm\u00e9e isra\u00e9lienne avait commis une nouvelle crime de guerre en bombardant la cour de l\u2019h\u00f4pital Al-Ahli al-Arabi, au centre de Gaza. De nombreux martyrs et bless\u00e9s ont afflu\u00e9 vers le complexe m\u00e9dical en raison de ces frappes.<\/p>\n\n\n\n<p class=\"wp-block-paragraph\">Il a soulign\u00e9 que l\u2019h\u00f4pital abritait des centaines de patients, de bless\u00e9s et de d\u00e9plac\u00e9s forc\u00e9s en raison des bombardements.<\/p>\n\n\n\n<p class=\"wp-block-paragraph\">Le directeur de l\u2019h\u00f4pital Al-Shifa dans la bande de Gaza a d\u00e9clar\u00e9 que la situation dans tous les h\u00f4pitaux de Gaza \u00e9tait totalement hors de contr\u00f4le \u00e0 la suite du massacre perp\u00e9tr\u00e9 par l\u2019arm\u00e9e isra\u00e9lienne apr\u00e8s avoir bombard\u00e9 l\u2019h\u00f4pital Al-Ahli al-Muadami, faisant plus de 500 martyrs.<\/p>\n\n\n\n<p class=\"wp-block-paragraph\">Le porte-parole du minist\u00e8re de la Sant\u00e9 de Gaza, Ashraf al-Qidra, a d\u00e9clar\u00e9 : \u201cCe qui s\u2019est produit est une guerre d\u2019extermination ouverte en visant l\u2019h\u00f4pital qui abrite des milliers de d\u00e9plac\u00e9s et des centaines de personnels m\u00e9dicaux.\u201d<\/p>\n","protected":false},"excerpt":{"rendered":"<p>Le pr\u00e9sident de l\u2019Autorit\u00e9 palestinienne, Mahmoud Abbas, a d\u00e9clar\u00e9 un deuil national de trois jours et le drapeau en berne en hommage aux martyrs de la trag\u00e9die de l\u2019h\u00f4pital Al-Ahli al-Muadami. Plus de 500 martyrs ont \u00e9t\u00e9 tu\u00e9s dans un raid isra\u00e9lien sur l\u2019h\u00f4pital Al-Muadami, situ\u00e9 au centre de la ville de Gaza, selon le [&hellip;]<\/p>\n","protected":false},"author":4,"featured_media":51104,"comment_status":"open","ping_status":"closed","sticky":false,"template":"","format":"standard","meta":{"content-type":"","jnews-multi-image_gallery":[],"jnews_single_post":{"subtitle":"","format":"standard","video":"","gallery":"","source_name":"","source_url":"","via_name":"","via_url":"","override_template":"0","override":[{"template":"1","single_blog_custom":"","parallax":"1","fullscreen":"1","layout":"right-sidebar","sidebar":"default-sidebar","second_sidebar":"default-sidebar","sticky_sidebar":"1","share_position":"top","share_float_style":"share-monocrhome","show_share_counter":"1","show_view_counter":"1","show_featured":"1","show_post_meta":"1","show_post_author":"1","show_post_author_image":"1","show_post_date":"1","post_date_format":"default","post_date_format_custom":"Y\/m\/d","show_post_category":"1","show_post_reading_time":"0","post_reading_time_wpm":"300","show_zoom_button":"0","zoom_button_out_step":"2","zoom_button_in_step":"3","show_post_tag":"1","show_prev_next_post":"1","show_popup_post":"1","number_popup_post":"1","show_author_box":"0","show_post_related":"0","show_inline_post_related":"0"}],"override_image_size":"0","image_override":[{"single_post_thumbnail_size":"crop-500","single_post_gallery_size":"crop-500"}],"trending_post":"0","trending_post_position":"meta","trending_post_label":"Trending","sponsored_post":"0","sponsored_post_label":"Sponsored by","sponsored_post_name":"","sponsored_post_url":"","sponsored_post_logo_enable":"0","sponsored_post_logo":"","sponsored_post_desc":"","disable_ad":"0"},"jnews_primary_category":{"id":"","hide":""},"jnews_override_bookmark_settings":[],"jnews_review":[],"enable_review":"","type":"","name":"","summary":"","brand":"","sku":"","good":[],"bad":[],"score_override":"","override_value":"","rating":[],"price":[],"jnews_post_split":[],"footnotes":""},"categories":[6],"tags":[10989,238,10990,440,439],"class_list":["post-51103","post","type-post","status-publish","format-standard","has-post-thumbnail","hentry","category-world","tag-deuil-national","tag-hommage","tag-lhopital-al-ahli-al-muadami","tag-martyrs","tag-palestine"],"_links":{"self":[{"href":"https:\/\/www.africanchallenges.com\/index.php?rest_route=\/wp\/v2\/posts\/51103","targetHints":{"allow":["GET"]}}],"collection":[{"href":"https:\/\/www.africanchallenges.com\/index.php?rest_route=\/wp\/v2\/posts"}],"about":[{"href":"https:\/\/www.africanchallenges.com\/index.php?rest_route=\/wp\/v2\/types\/post"}],"author":[{"embeddable":true,"href":"https:\/\/www.africanchallenges.com\/index.php?rest_route=\/wp\/v2\/users\/4"}],"replies":[{"embeddable":true,"href":"https:\/\/www.africanchallenges.com\/index.php?rest_route=%2Fwp%2Fv2%2Fcomments&post=51103"}],"version-history":[{"count":1,"href":"https:\/\/www.africanchallenges.com\/index.php?rest_route=\/wp\/v2\/posts\/51103\/revisions"}],"predecessor-version":[{"id":51105,"href":"https:\/\/www.africanchallenges.com\/index.php?rest_route=\/wp\/v2\/posts\/51103\/revisions\/51105"}],"wp:featuredmedia":[{"embeddable":true,"href":"https:\/\/www.africanchallenges.com\/index.php?rest_route=\/wp\/v2\/media\/51104"}],"wp:attachment":[{"href":"https:\/\/www.africanchallenges.com\/index.php?rest_route=%2Fwp%2Fv2%2Fmedia&parent=51103"}],"wp:term":[{"taxonomy":"category","embeddable":true,"href":"https:\/\/www.africanchallenges.com\/index.php?rest_route=%2Fwp%2Fv2%2Fcategories&post=51103"},{"taxonomy":"post_tag","embeddable":true,"href":"https:\/\/www.africanchallenges.com\/index.php?rest_route=%2Fwp%2Fv2%2Ftags&post=51103"}],"curies":[{"name":"wp","href":"https:\/\/api.w.org\/{rel}","templated":true}]}}