{"id":51058,"date":"2023-10-17T13:06:17","date_gmt":"2023-10-17T13:06:17","guid":{"rendered":"https:\/\/www.africanchallenges.com\/?p=51058"},"modified":"2023-10-17T13:09:30","modified_gmt":"2023-10-17T13:09:30","slug":"tunisie-la-direction-des-journees-cinematographiques-de-carthage-annonce-lannulation-du-cote-festif-et-le-lancement-direct-de-la-34eme-session-avec-la-projection-des-films-de-la-competition-offici","status":"publish","type":"post","link":"https:\/\/www.africanchallenges.com\/?p=51058","title":{"rendered":"Tunisie : La direction des Journ\u00e9es Cin\u00e9matographiques de Carthage annonce l&rsquo;annulation du c\u00f4t\u00e9 festif et le lancement direct de la 34\u00e8me session avec la projection des films de la comp\u00e9tition officielle"},"content":{"rendered":"\n<p class=\"wp-block-paragraph\">D\u00e8s leur cr\u00e9ation, les Journ\u00e9es Cin\u00e9matographiques de Carthage ont \u00e9t\u00e9 pens\u00e9es pour \u00eatre une plateforme de r\u00e9flexion et de r\u00e9sistance, rassemblant des cin\u00e9philes d&rsquo;Afrique et du monde arabe pour d\u00e9fendre l\u2019art et la beaut\u00e9 face \u00e0 la laideur des politiques r\u00e9pressives, et discuter des films et, \u00e0 travers eux, des questions et probl\u00e9matiques mondiales et essentiellement la cause palestinienne.<\/p>\n\n\n\n<p class=\"wp-block-paragraph\">Gr\u00e2ce aux Journ\u00e9es Cin\u00e9matographiques de Carthage, une carte des films ind\u00e9pendants du continent et du Proche-Orient a \u00e9t\u00e9 \u00e9tablie et des g\u00e9n\u00e9rations de cin\u00e9astes et de cr\u00e9ateurs ont partag\u00e9 leur croyance en des valeurs telles que la libert\u00e9 de cr\u00e9ation, l\u2019ind\u00e9pendance, la r\u00e9sistance et le refus des oppressions.<\/p>\n\n\n\n<p class=\"wp-block-paragraph\">De tout temps, l\u2019id\u00e9e d\u2019une Palestine libre a \u00e9t\u00e9 au c\u0153ur des pr\u00e9occupations des organisateurs ainsi que du public des JCC.<\/p>\n\n\n\n<p class=\"wp-block-paragraph\">Ainsi les JCC ont toujours \u00e9t\u00e9 l\u2019un des plus importants espaces, et aussi un lieu de cons\u00e9cration pour les diff\u00e9rentes expressions et la richesse du cin\u00e9ma arabe engag\u00e9 pour la cause palestinienne: de Hani Jawharia, Borhan Alaoui\u00e9 \u00e0 Rachid Masharawi, Mai Masri, Jean Chamoun, Michel Khleifi en passant par Elia Suleiman, Najwa Najjar ou Raed Andouni juqu\u2019\u00e0 Mohamed Bakri et Hany Abu Assaad auquel cette session rend un vibrant hommage.<\/p>\n\n\n\n<p class=\"wp-block-paragraph\">Les Journ\u00e9es Cin\u00e9matographiques de Carthage tiendront leur session de 2023 en solidarit\u00e9 avec la Palestine et dans le respect des luttes d&rsquo;un peuple qui subit meurtres et destructions et qui r\u00e9siste pour reconqu\u00e9rir sa terre.<\/p>\n\n\n\n<p class=\"wp-block-paragraph\">Cette session se d\u00e9roule avec la ferme conviction que l\u2019engagement des JCC en faveur d\u2019une Palestine libre passe aussi \u00e0 travers des projections de films, de d\u00e9bats et de rencontres.<\/p>\n\n\n\n<p class=\"wp-block-paragraph\">En cons\u00e9quence, la direction des Journ\u00e9es Cin\u00e9matographiques de Carthage annonce l&rsquo;annulation du c\u00f4t\u00e9 festif et le lancement direct de la 34\u00e8me session avec la projection des films de la comp\u00e9tition officielle.<\/p>\n\n\n\n<p class=\"wp-block-paragraph\">Plus que jamais, le cin\u00e9ma, l\u2019art et la culture restent parmi les moyens de r\u00e9sistance les plus habilit\u00e9s \u00e0 s\u2019opposer aux discours insidieux et perfides de nombreuses productions audiovisuelles.<\/p>\n\n\n\n<p class=\"wp-block-paragraph\">Vive la Palestine libre<\/p>\n\n\n\n<p class=\"wp-block-paragraph\">Vivent Les Journ\u00e9es Cin\u00e9matographiques de Carthage<\/p>\n","protected":false},"excerpt":{"rendered":"<p>D\u00e8s leur cr\u00e9ation, les Journ\u00e9es Cin\u00e9matographiques de Carthage ont \u00e9t\u00e9 pens\u00e9es pour \u00eatre une plateforme de r\u00e9flexion et de r\u00e9sistance, rassemblant des cin\u00e9philes d&rsquo;Afrique et du monde arabe pour d\u00e9fendre l\u2019art et la beaut\u00e9 face \u00e0 la laideur des politiques r\u00e9pressives, et discuter des films et, \u00e0 travers eux, des questions et probl\u00e9matiques mondiales et [&hellip;]<\/p>\n","protected":false},"author":4,"featured_media":51059,"comment_status":"open","ping_status":"closed","sticky":false,"template":"","format":"standard","meta":{"content-type":"","jnews-multi-image_gallery":[],"jnews_single_post":{"subtitle":"","format":"standard","video":"","gallery":"","source_name":"","source_url":"","via_name":"","via_url":"","override_template":"0","override":[{"template":"1","single_blog_custom":"","parallax":"1","fullscreen":"1","layout":"right-sidebar","sidebar":"default-sidebar","second_sidebar":"default-sidebar","sticky_sidebar":"1","share_position":"top","share_float_style":"share-monocrhome","show_share_counter":"1","show_view_counter":"1","show_featured":"1","show_post_meta":"1","show_post_author":"1","show_post_author_image":"1","show_post_date":"1","post_date_format":"default","post_date_format_custom":"Y\/m\/d","show_post_category":"1","show_post_reading_time":"0","post_reading_time_wpm":"300","show_zoom_button":"0","zoom_button_out_step":"2","zoom_button_in_step":"3","show_post_tag":"1","show_prev_next_post":"1","show_popup_post":"1","number_popup_post":"1","show_author_box":"0","show_post_related":"0","show_inline_post_related":"0"}],"override_image_size":"0","image_override":[{"single_post_thumbnail_size":"crop-500","single_post_gallery_size":"crop-500"}],"trending_post":"0","trending_post_position":"meta","trending_post_label":"Trending","sponsored_post":"0","sponsored_post_label":"Sponsored by","sponsored_post_name":"","sponsored_post_url":"","sponsored_post_logo_enable":"0","sponsored_post_logo":"","sponsored_post_desc":"","disable_ad":"0"},"jnews_primary_category":{"id":"","hide":""},"jnews_override_bookmark_settings":[],"jnews_review":[],"enable_review":"","type":"","name":"","summary":"","brand":"","sku":"","good":[],"bad":[],"score_override":"","override_value":"","rating":[],"price":[],"jnews_post_split":[],"footnotes":""},"categories":[19,17,1],"tags":[711,3902,10972,3081,831,759,1677],"class_list":["post-51058","post","type-post","status-publish","format-standard","has-post-thumbnail","hentry","category-movie","category-entertainment","category-uncategorized","tag-annulation","tag-competition","tag-cote-festif","tag-films","tag-jcc","tag-lancement","tag-projection"],"_links":{"self":[{"href":"https:\/\/www.africanchallenges.com\/index.php?rest_route=\/wp\/v2\/posts\/51058","targetHints":{"allow":["GET"]}}],"collection":[{"href":"https:\/\/www.africanchallenges.com\/index.php?rest_route=\/wp\/v2\/posts"}],"about":[{"href":"https:\/\/www.africanchallenges.com\/index.php?rest_route=\/wp\/v2\/types\/post"}],"author":[{"embeddable":true,"href":"https:\/\/www.africanchallenges.com\/index.php?rest_route=\/wp\/v2\/users\/4"}],"replies":[{"embeddable":true,"href":"https:\/\/www.africanchallenges.com\/index.php?rest_route=%2Fwp%2Fv2%2Fcomments&post=51058"}],"version-history":[{"count":1,"href":"https:\/\/www.africanchallenges.com\/index.php?rest_route=\/wp\/v2\/posts\/51058\/revisions"}],"predecessor-version":[{"id":51060,"href":"https:\/\/www.africanchallenges.com\/index.php?rest_route=\/wp\/v2\/posts\/51058\/revisions\/51060"}],"wp:featuredmedia":[{"embeddable":true,"href":"https:\/\/www.africanchallenges.com\/index.php?rest_route=\/wp\/v2\/media\/51059"}],"wp:attachment":[{"href":"https:\/\/www.africanchallenges.com\/index.php?rest_route=%2Fwp%2Fv2%2Fmedia&parent=51058"}],"wp:term":[{"taxonomy":"category","embeddable":true,"href":"https:\/\/www.africanchallenges.com\/index.php?rest_route=%2Fwp%2Fv2%2Fcategories&post=51058"},{"taxonomy":"post_tag","embeddable":true,"href":"https:\/\/www.africanchallenges.com\/index.php?rest_route=%2Fwp%2Fv2%2Ftags&post=51058"}],"curies":[{"name":"wp","href":"https:\/\/api.w.org\/{rel}","templated":true}]}}