{"id":50933,"date":"2023-10-11T09:16:17","date_gmt":"2023-10-11T09:16:17","guid":{"rendered":"https:\/\/www.africanchallenges.com\/?p=50933"},"modified":"2023-10-11T09:24:34","modified_gmt":"2023-10-11T09:24:34","slug":"tunisie-sur-ordre-du-president-de-la-republique-kais-saied-la-tunisie-envoie-une-caravane-de-sante-et-daide-humanitaire-au-peuple-palestinien","status":"publish","type":"post","link":"https:\/\/www.africanchallenges.com\/?p=50933","title":{"rendered":"Tunisie : Sur ordre du Pr\u00e9sident de la R\u00e9publique, Ka\u00efs Sa\u00efed, la Tunisie envoie une caravane de sant\u00e9 et d&rsquo;aide humanitaire au peuple palestinien"},"content":{"rendered":"\n<p class=\"wp-block-paragraph\">En conformit\u00e9 avec les directives du pr\u00e9sident de la R\u00e9publique, Ka\u00efs Sa\u00efed, le ministre de la Sant\u00e9, Ali Mrabet, a dirig\u00e9 hier mardi 10 octobre 2023, une s\u00e9ance de travail au si\u00e8ge du minist\u00e8re.<\/p>\n\n\n\n<p class=\"wp-block-paragraph\">L\u2019objectif \u00e9tait de pr\u00e9parer l\u2019envoi d\u2019une caravane d\u2019aide sanitaire et humanitaire au peuple palestinien.<\/p>\n\n\n\n<p class=\"wp-block-paragraph\">La r\u00e9union a r\u00e9uni des repr\u00e9sentants des structures du minist\u00e8re ainsi que plusieurs responsables r\u00e9gionaux de la sant\u00e9. Le ministre de la Sant\u00e9 a r\u00e9it\u00e9r\u00e9 le soutien absolu de la Tunisie \u00e0 la cause palestinienne et son engagement constant envers le peuple palestinien. Il a soulign\u00e9 l\u2019imp\u00e9ratif de mobiliser toutes les ressources mat\u00e9rielles, logistiques et humaines disponibles pour soutenir le peuple palestinien face \u00e0 la situation sanitaire et humanitaire actuelle.<\/p>\n\n\n\n<p class=\"wp-block-paragraph\">La session a mis l\u2019accent sur le renforcement de la pr\u00e9paration et de la coordination entre toutes les parties prenantes, y compris l\u2019autorit\u00e9 officielle et l\u2019organisation du Croissant-Rouge tunisien. L\u2019objectif est d\u2019acc\u00e9l\u00e9rer l\u2019envoi d\u2019aide, en mobilisant des \u00e9quipes m\u00e9dicales sp\u00e9cialis\u00e9es, des m\u00e9dicaments, des fournitures m\u00e9dicales et des dons de sang au profit du peuple palestinien.<\/p>\n","protected":false},"excerpt":{"rendered":"<p>En conformit\u00e9 avec les directives du pr\u00e9sident de la R\u00e9publique, Ka\u00efs Sa\u00efed, le ministre de la Sant\u00e9, Ali Mrabet, a dirig\u00e9 hier mardi 10 octobre 2023, une s\u00e9ance de travail au si\u00e8ge du minist\u00e8re. L\u2019objectif \u00e9tait de pr\u00e9parer l\u2019envoi d\u2019une caravane d\u2019aide sanitaire et humanitaire au peuple palestinien. La r\u00e9union a r\u00e9uni des repr\u00e9sentants des [&hellip;]<\/p>\n","protected":false},"author":4,"featured_media":50936,"comment_status":"open","ping_status":"closed","sticky":false,"template":"","format":"standard","meta":{"content-type":"","jnews-multi-image_gallery":[],"jnews_single_post":{"subtitle":"","format":"standard","video":"","gallery":"","source_name":"","source_url":"","via_name":"","via_url":"","override_template":"0","override":[{"template":"1","single_blog_custom":"","parallax":"1","fullscreen":"1","layout":"right-sidebar","sidebar":"default-sidebar","second_sidebar":"default-sidebar","sticky_sidebar":"1","share_position":"top","share_float_style":"share-monocrhome","show_share_counter":"1","show_view_counter":"1","show_featured":"1","show_post_meta":"1","show_post_author":"1","show_post_author_image":"1","show_post_date":"1","post_date_format":"default","post_date_format_custom":"Y\/m\/d","show_post_category":"1","show_post_reading_time":"0","post_reading_time_wpm":"300","show_zoom_button":"0","zoom_button_out_step":"2","zoom_button_in_step":"3","show_post_tag":"1","show_prev_next_post":"1","show_popup_post":"1","number_popup_post":"1","show_author_box":"0","show_post_related":"0","show_inline_post_related":"0"}],"override_image_size":"0","image_override":[{"single_post_thumbnail_size":"crop-500","single_post_gallery_size":"crop-500"}],"trending_post":"0","trending_post_position":"meta","trending_post_label":"Trending","sponsored_post":"0","sponsored_post_label":"Sponsored by","sponsored_post_name":"","sponsored_post_url":"","sponsored_post_logo_enable":"0","sponsored_post_logo":"","sponsored_post_desc":"","disable_ad":"0"},"jnews_primary_category":{"id":"","hide":""},"jnews_override_bookmark_settings":[],"jnews_review":[],"enable_review":"","type":"","name":"","summary":"","brand":"","sku":"","good":[],"bad":[],"score_override":"","override_value":"","rating":[],"price":[],"jnews_post_split":[],"footnotes":""},"categories":[2],"tags":[10946,10945,3694,10944,7653],"class_list":["post-50933","post","type-post","status-publish","format-standard","has-post-thumbnail","hentry","category-news-politique","tag-aide-humanitaire","tag-caravane","tag-kais-saied","tag-ordre","tag-peuple-palestinien"],"_links":{"self":[{"href":"https:\/\/www.africanchallenges.com\/index.php?rest_route=\/wp\/v2\/posts\/50933","targetHints":{"allow":["GET"]}}],"collection":[{"href":"https:\/\/www.africanchallenges.com\/index.php?rest_route=\/wp\/v2\/posts"}],"about":[{"href":"https:\/\/www.africanchallenges.com\/index.php?rest_route=\/wp\/v2\/types\/post"}],"author":[{"embeddable":true,"href":"https:\/\/www.africanchallenges.com\/index.php?rest_route=\/wp\/v2\/users\/4"}],"replies":[{"embeddable":true,"href":"https:\/\/www.africanchallenges.com\/index.php?rest_route=%2Fwp%2Fv2%2Fcomments&post=50933"}],"version-history":[{"count":2,"href":"https:\/\/www.africanchallenges.com\/index.php?rest_route=\/wp\/v2\/posts\/50933\/revisions"}],"predecessor-version":[{"id":50935,"href":"https:\/\/www.africanchallenges.com\/index.php?rest_route=\/wp\/v2\/posts\/50933\/revisions\/50935"}],"wp:featuredmedia":[{"embeddable":true,"href":"https:\/\/www.africanchallenges.com\/index.php?rest_route=\/wp\/v2\/media\/50936"}],"wp:attachment":[{"href":"https:\/\/www.africanchallenges.com\/index.php?rest_route=%2Fwp%2Fv2%2Fmedia&parent=50933"}],"wp:term":[{"taxonomy":"category","embeddable":true,"href":"https:\/\/www.africanchallenges.com\/index.php?rest_route=%2Fwp%2Fv2%2Fcategories&post=50933"},{"taxonomy":"post_tag","embeddable":true,"href":"https:\/\/www.africanchallenges.com\/index.php?rest_route=%2Fwp%2Fv2%2Ftags&post=50933"}],"curies":[{"name":"wp","href":"https:\/\/api.w.org\/{rel}","templated":true}]}}