{"id":50905,"date":"2023-10-10T12:11:53","date_gmt":"2023-10-10T12:11:53","guid":{"rendered":"https:\/\/www.africanchallenges.com\/?p=50905"},"modified":"2023-10-10T12:13:26","modified_gmt":"2023-10-10T12:13:26","slug":"tunisie-la-conect-annonce-lorganisation-de-son-3eme-congres-national-autour-du-theme-les-filieres-economiques-menaces-et-aspirations-financement-acces-aux-marches-complexite-economique","status":"publish","type":"post","link":"https:\/\/www.africanchallenges.com\/?p=50905","title":{"rendered":"Tunisie : La CONECT annonce l&rsquo;organisation de son 3\u00e8me Congr\u00e8s National autour du th\u00e8me \u00ab\u00a0Les fili\u00e8res \u00e9conomiques : menaces et aspirations &#8211; Financement, acc\u00e8s aux march\u00e9s, complexit\u00e9 \u00e9conomique\u00a0\u00bb, le 10 novembre"},"content":{"rendered":"\n<p class=\"wp-block-paragraph\">Le Syndicat Patronal- CONECT- Conf\u00e9d\u00e9ration des Entreprises Citoyennes de Tunisie, a organis\u00e9, ce mardi 10 octobre 2023, \u00e0 son si\u00e8ge \u00e0 Tunis, une conf\u00e9rence de presse ax\u00e9e sur le programme de son 3\u00e8me Congr\u00e8s National qui se tiendra en novembre prochain autour du th\u00e8me \u00ab Les fili\u00e8res \u00e9conomiques : menaces et aspirations &#8211; Financement, acc\u00e8s aux march\u00e9s, complexit\u00e9 \u00e9conomique \u00bb.<\/p>\n\n\n\n<p class=\"wp-block-paragraph\">Au cours de cette rencontre, \u00e0 laquelle ont particip\u00e9 des repr\u00e9sentants de plusieurs m\u00e9dias nationaux et \u00e9trangers, la Conf\u00e9d\u00e9ration a pass\u00e9 en revue les nombreux progr\u00e8s r\u00e9alis\u00e9s depuis sa cr\u00e9ation en 2011.<\/p>\n\n\n\n<p class=\"wp-block-paragraph\">La CONECT a, notamment, \u00e9voqu\u00e9 les efforts d\u00e9ploy\u00e9s en vue de booster l\u2019investissement, renforcer les relations de partenariat et d\u2019\u00e9changes commerciaux que ce soit \u00e0 l\u2019int\u00e9rieur qu\u2019\u00e0 l\u2019ext\u00e9rieur du pays, outre l\u2019ouverture de nouveaux march\u00e9s prometteurs pour les entreprises tunisiennes.<\/p>\n\n\n\n<p class=\"wp-block-paragraph\">La CONECT a \u00e9galement tout mis en \u0153uvre en vue de promouvoir la diplomatie \u00e9conomique en coop\u00e9ration avec toutes les structures d\u2019appui, et mis en place des plans ambitieux pour les ann\u00e9es \u00e0 venir, surtout apr\u00e8s l\u2019obtention de la certification internationale ISO qui renforcera son positionnement aux niveaux national et international.<\/p>\n\n\n\n<p class=\"wp-block-paragraph\">L\u2019organisation a rappel\u00e9 qu\u2019elle repr\u00e9sente actuellement plus de 3 000 entreprises adh\u00e9rentes, plus de 30 groupements professionnels et plus de 70 bureaux sectoriels nationaux et r\u00e9gionaux.<\/p>\n\n\n\n<p class=\"wp-block-paragraph\">La CONECT a activement particip\u00e9 aux diff\u00e9rentes activit\u00e9s aux niveaux central et r\u00e9gional relatives aux plans de d\u00e9veloppement dans le cadre d\u2019une approche bas\u00e9e sur la n\u00e9cessit\u00e9 de mettre en place une s\u00e9rie de r\u00e9formes \u00e9conomiques et sociales pratiques et efficaces.<\/p>\n\n\n\n<p class=\"wp-block-paragraph\">Entre 2019 et 2023, les manifestations organis\u00e9es par CONECT ont attir\u00e9 plus de 30 000 participants, en plus de la tenue de 40 r\u00e9unions officielles, plus de 200 activit\u00e9s nationales et sectorielles et plus de 30 activit\u00e9s internationales, outre la signature de plus de 50 accords de partenariat.<\/p>\n\n\n\n<p class=\"wp-block-paragraph\">Au cours de la m\u00eame p\u00e9riode, la CONECT International a conduit plus de 20 missions \u00e9conomiques en Afrique, au Moyen-Orient, en Europe, en Asie et en Am\u00e9rique. Elle a en outre particip\u00e9 activement \u00e0 des manifestations dans plus de 15 pays et tenue plus de 2 000 rencontres B2B en plus de la signature d&rsquo;environ 17 accords avec des partenaires \u00e9trangers au plus haut niveau.<\/p>\n\n\n\n<p class=\"wp-block-paragraph\">CONECT a mis en place de nombreux programmes importants en partenariat avec les plus grandes organisations internationales et \u00e9labor\u00e9 de nombreuses \u00e9tudes, notamment des \u00e9tudes li\u00e9es au transport et la logistique, \u00e0 l&rsquo;exportation, aux boulangeries modernes, au plastique et autres secteurs pertinents.<\/p>\n\n\n\n<p class=\"wp-block-paragraph\">CONECT met actuellement \u00e0 la disposition des op\u00e9rateurs \u00e9conomiques sa plateforme CIEP pour l&rsquo;innovation et l&rsquo;entrepreneuriat, qui donne acc\u00e8s \u00e0 plusieurs m\u00e9canismes importants visant \u00e0 soutenir l&rsquo;entrepreneuriat et l\u2019initiative priv\u00e9e, l&#8217;emploi, la RSE, les \u00e9nergies renouvelables, les nouvelles technologies, le d\u00e9veloppement durable et l&rsquo;\u00e9conomie circulaire comme le Projet Green Impact en M\u00e9diterran\u00e9e &#8211; GIMED &#8211; le projet \u00ab Cluster4Green: Promouvoir les clusters innovants et la cha\u00eene de valeur des petites et moyennes entreprises pour le d\u00e9veloppement durable \u00bb, la plateforme \u00ab Financini \u00bb, le projet MEDITHEATRE pour les industries culturelles et cr\u00e9atives, etc.<\/p>\n\n\n\n<p class=\"wp-block-paragraph\">CONECT a rappel\u00e9 que la situation du pays que ce soit au niveau des grands \u00e9quilibres ou des plans r\u00e9gionaux et locaux, n\u00e9cessite une r\u00e9orientation des capitaux nationaux vers les r\u00e9gions int\u00e9rieures afin de booster la croissance et la cr\u00e9ation d&#8217;emplois.<\/p>\n\n\n\n<p class=\"wp-block-paragraph\">CONECT a, dans ce cadre, appel\u00e9 les autorit\u00e9s \u00e0 dynamiser davantage l&rsquo;\u00e9conomie du pays par l&rsquo;am\u00e9lioration du climat des affaires et du volet l\u00e9gislatif, de mettre en place l\u2019infrastructure n\u00e9cessaire et d&rsquo;instaurer l&rsquo;\u00e9galit\u00e9 fiscale afin de booster le d\u00e9veloppement r\u00e9gional.<\/p>\n\n\n\n<p class=\"wp-block-paragraph\">CONECT a soulign\u00e9 que les \u00e9volutions sur la sc\u00e8ne internationale, notamment sur le continent africain ou dans la r\u00e9gion du Maghreb, n\u00e9cessitent d\u00e9sormais une<br>pr\u00e9sence active des entreprises tunisiennes et le d\u00e9veloppement de son r\u00e9seautage pour renforcer son positionnement sur ces march\u00e9s importants.<\/p>\n","protected":false},"excerpt":{"rendered":"<p>Le Syndicat Patronal- CONECT- Conf\u00e9d\u00e9ration des Entreprises Citoyennes de Tunisie, a organis\u00e9, ce mardi 10 octobre 2023, \u00e0 son si\u00e8ge \u00e0 Tunis, une conf\u00e9rence de presse ax\u00e9e sur le programme de son 3\u00e8me Congr\u00e8s National qui se tiendra en novembre prochain autour du th\u00e8me \u00ab Les fili\u00e8res \u00e9conomiques : menaces et aspirations &#8211; Financement, acc\u00e8s [&hellip;]<\/p>\n","protected":false},"author":4,"featured_media":50906,"comment_status":"open","ping_status":"closed","sticky":false,"template":"","format":"standard","meta":{"content-type":"","jnews-multi-image_gallery":[],"jnews_single_post":{"subtitle":"","format":"standard","video":"","gallery":"","source_name":"","source_url":"","via_name":"","via_url":"","override_template":"0","override":[{"template":"1","single_blog_custom":"","parallax":"1","fullscreen":"1","layout":"right-sidebar","sidebar":"default-sidebar","second_sidebar":"default-sidebar","sticky_sidebar":"1","share_position":"top","share_float_style":"share-monocrhome","show_share_counter":"1","show_view_counter":"1","show_featured":"1","show_post_meta":"1","show_post_author":"1","show_post_author_image":"1","show_post_date":"1","post_date_format":"default","post_date_format_custom":"Y\/m\/d","show_post_category":"1","show_post_reading_time":"0","post_reading_time_wpm":"300","show_zoom_button":"0","zoom_button_out_step":"2","zoom_button_in_step":"3","show_post_tag":"1","show_prev_next_post":"1","show_popup_post":"1","number_popup_post":"1","show_author_box":"0","show_post_related":"0","show_inline_post_related":"0"}],"override_image_size":"0","image_override":[{"single_post_thumbnail_size":"crop-500","single_post_gallery_size":"crop-500"}],"trending_post":"0","trending_post_position":"meta","trending_post_label":"Trending","sponsored_post":"0","sponsored_post_label":"Sponsored by","sponsored_post_name":"","sponsored_post_url":"","sponsored_post_logo_enable":"0","sponsored_post_logo":"","sponsored_post_desc":"","disable_ad":"0"},"jnews_primary_category":{"id":"","hide":""},"jnews_override_bookmark_settings":[],"jnews_review":[],"enable_review":"","type":"","name":"","summary":"","brand":"","sku":"","good":[],"bad":[],"score_override":"","override_value":"","rating":[],"price":[],"jnews_post_split":[],"footnotes":""},"categories":[43,73],"tags":[51,1455,4825],"class_list":["post-50905","post","type-post","status-publish","format-standard","has-post-thumbnail","hentry","category-eco-business","category-eco","tag-conect","tag-congres","tag-organisation"],"_links":{"self":[{"href":"https:\/\/www.africanchallenges.com\/index.php?rest_route=\/wp\/v2\/posts\/50905","targetHints":{"allow":["GET"]}}],"collection":[{"href":"https:\/\/www.africanchallenges.com\/index.php?rest_route=\/wp\/v2\/posts"}],"about":[{"href":"https:\/\/www.africanchallenges.com\/index.php?rest_route=\/wp\/v2\/types\/post"}],"author":[{"embeddable":true,"href":"https:\/\/www.africanchallenges.com\/index.php?rest_route=\/wp\/v2\/users\/4"}],"replies":[{"embeddable":true,"href":"https:\/\/www.africanchallenges.com\/index.php?rest_route=%2Fwp%2Fv2%2Fcomments&post=50905"}],"version-history":[{"count":1,"href":"https:\/\/www.africanchallenges.com\/index.php?rest_route=\/wp\/v2\/posts\/50905\/revisions"}],"predecessor-version":[{"id":50907,"href":"https:\/\/www.africanchallenges.com\/index.php?rest_route=\/wp\/v2\/posts\/50905\/revisions\/50907"}],"wp:featuredmedia":[{"embeddable":true,"href":"https:\/\/www.africanchallenges.com\/index.php?rest_route=\/wp\/v2\/media\/50906"}],"wp:attachment":[{"href":"https:\/\/www.africanchallenges.com\/index.php?rest_route=%2Fwp%2Fv2%2Fmedia&parent=50905"}],"wp:term":[{"taxonomy":"category","embeddable":true,"href":"https:\/\/www.africanchallenges.com\/index.php?rest_route=%2Fwp%2Fv2%2Fcategories&post=50905"},{"taxonomy":"post_tag","embeddable":true,"href":"https:\/\/www.africanchallenges.com\/index.php?rest_route=%2Fwp%2Fv2%2Ftags&post=50905"}],"curies":[{"name":"wp","href":"https:\/\/api.w.org\/{rel}","templated":true}]}}