{"id":50796,"date":"2023-10-04T21:09:13","date_gmt":"2023-10-04T21:09:13","guid":{"rendered":"https:\/\/www.africanchallenges.com\/?p=50796"},"modified":"2023-10-04T21:14:09","modified_gmt":"2023-10-04T21:14:09","slug":"tunisie-lambassadrice-des-emirats-arabes-unis-a-tunis-imen-ahmed-sellami-recue-par-la-ministre-de-la-famille-de-la-femme-de-lenfance-et-des-personnes-agees","status":"publish","type":"post","link":"https:\/\/www.africanchallenges.com\/?p=50796","title":{"rendered":"Tunisie : L&rsquo;Ambassadrice des Emirats Arabes Unis \u00e0 Tunis, Imen Ahmed Sellami re\u00e7ue par la ministre de la Famille, de la Femme, de l&rsquo;Enfance et des Personnes \u00e2g\u00e9es"},"content":{"rendered":"\n<p class=\"wp-block-paragraph\">L\u2019Ambassadrice des Emirats Arabes Unis \u00e0 Tunis , Imen Ahmed Sellami a \u00e9t\u00e9 re\u00e7ue ce mercredi 04 octobre2023, par Mme , Amel Belhaj Moussa, ministre de la Famille, de la Femme, de l&rsquo;Enfance et des Personnes \u00e2g\u00e9es .<\/p>\n\n\n\n<p class=\"wp-block-paragraph\">&nbsp;Cette r\u00e9union a \u00e9t\u00e9 l&rsquo;occasion de discuter les relations de coop\u00e9ration entre les deux pays dans les domaines de la famille, de la femme, de l&rsquo;enfance et des personnes \u00e2g\u00e9es, ainsi que des perspectives futures pour leur d\u00e9veloppement vers des horizons plus nobles qui refl\u00e8tent les relations bilat\u00e9rales historiques entre les deux pays fr\u00e8res.<\/p>\n","protected":false},"excerpt":{"rendered":"<p>L\u2019Ambassadrice des Emirats Arabes Unis \u00e0 Tunis , Imen Ahmed Sellami a \u00e9t\u00e9 re\u00e7ue ce mercredi 04 octobre2023, par Mme , Amel Belhaj Moussa, ministre de la Famille, de la Femme, de l&rsquo;Enfance et des Personnes \u00e2g\u00e9es . &nbsp;Cette r\u00e9union a \u00e9t\u00e9 l&rsquo;occasion de discuter les relations de coop\u00e9ration entre les deux pays dans les [&hellip;]<\/p>\n","protected":false},"author":3,"featured_media":50798,"comment_status":"open","ping_status":"closed","sticky":false,"template":"","format":"standard","meta":{"content-type":"","jnews-multi-image_gallery":[],"jnews_single_post":{"subtitle":"","format":"standard","video":"","gallery":"","source_name":"","source_url":"","via_name":"","via_url":"","override_template":"0","override":[{"template":"1","single_blog_custom":"","parallax":"1","fullscreen":"1","layout":"right-sidebar","sidebar":"default-sidebar","second_sidebar":"default-sidebar","sticky_sidebar":"1","share_position":"top","share_float_style":"share-monocrhome","show_share_counter":"1","show_view_counter":"1","show_featured":"1","show_post_meta":"1","show_post_author":"1","show_post_author_image":"1","show_post_date":"1","post_date_format":"default","post_date_format_custom":"Y\/m\/d","show_post_category":"1","show_post_reading_time":"0","post_reading_time_wpm":"300","show_zoom_button":"0","zoom_button_out_step":"2","zoom_button_in_step":"3","show_post_tag":"1","show_prev_next_post":"1","show_popup_post":"1","number_popup_post":"1","show_author_box":"0","show_post_related":"0","show_inline_post_related":"0"}],"override_image_size":"0","image_override":[{"single_post_thumbnail_size":"crop-500","single_post_gallery_size":"crop-500"}],"trending_post":"0","trending_post_position":"meta","trending_post_label":"Trending","sponsored_post":"0","sponsored_post_label":"Sponsored by","sponsored_post_name":"","sponsored_post_url":"","sponsored_post_logo_enable":"0","sponsored_post_logo":"","sponsored_post_desc":"","disable_ad":"0"},"jnews_primary_category":{"id":"","hide":""},"jnews_override_bookmark_settings":[],"jnews_review":[],"enable_review":"","type":"","name":"","summary":"","brand":"","sku":"","good":[],"bad":[],"score_override":"","override_value":"","rating":[],"price":[],"jnews_post_split":[],"footnotes":""},"categories":[2],"tags":[10649,298,2988,1672,10685,1797],"class_list":["post-50796","post","type-post","status-publish","format-standard","has-post-thumbnail","hentry","category-news-politique","tag-amel-belhaj-moussa","tag-cooperation","tag-famille","tag-femme","tag-imen-ahmed-sellami","tag-reunion"],"_links":{"self":[{"href":"https:\/\/www.africanchallenges.com\/index.php?rest_route=\/wp\/v2\/posts\/50796","targetHints":{"allow":["GET"]}}],"collection":[{"href":"https:\/\/www.africanchallenges.com\/index.php?rest_route=\/wp\/v2\/posts"}],"about":[{"href":"https:\/\/www.africanchallenges.com\/index.php?rest_route=\/wp\/v2\/types\/post"}],"author":[{"embeddable":true,"href":"https:\/\/www.africanchallenges.com\/index.php?rest_route=\/wp\/v2\/users\/3"}],"replies":[{"embeddable":true,"href":"https:\/\/www.africanchallenges.com\/index.php?rest_route=%2Fwp%2Fv2%2Fcomments&post=50796"}],"version-history":[{"count":1,"href":"https:\/\/www.africanchallenges.com\/index.php?rest_route=\/wp\/v2\/posts\/50796\/revisions"}],"predecessor-version":[{"id":50797,"href":"https:\/\/www.africanchallenges.com\/index.php?rest_route=\/wp\/v2\/posts\/50796\/revisions\/50797"}],"wp:featuredmedia":[{"embeddable":true,"href":"https:\/\/www.africanchallenges.com\/index.php?rest_route=\/wp\/v2\/media\/50798"}],"wp:attachment":[{"href":"https:\/\/www.africanchallenges.com\/index.php?rest_route=%2Fwp%2Fv2%2Fmedia&parent=50796"}],"wp:term":[{"taxonomy":"category","embeddable":true,"href":"https:\/\/www.africanchallenges.com\/index.php?rest_route=%2Fwp%2Fv2%2Fcategories&post=50796"},{"taxonomy":"post_tag","embeddable":true,"href":"https:\/\/www.africanchallenges.com\/index.php?rest_route=%2Fwp%2Fv2%2Ftags&post=50796"}],"curies":[{"name":"wp","href":"https:\/\/api.w.org\/{rel}","templated":true}]}}