{"id":50710,"date":"2023-10-02T18:37:49","date_gmt":"2023-10-02T18:37:49","guid":{"rendered":"https:\/\/www.africanchallenges.com\/?p=50710"},"modified":"2023-10-02T18:55:04","modified_gmt":"2023-10-02T18:55:04","slug":"la-tunisie-souhaite-conclure-un-accord-plus-large-au-sujet-des-migrants-selon-le-vice-president-du-conseil-italien-et-ministre-des-affaires-etrangeres-antonio-tajani","status":"publish","type":"post","link":"https:\/\/www.africanchallenges.com\/?p=50710","title":{"rendered":"\u00a0la Tunisie souhaite conclure un accord plus large au sujet des migrants, selon le vice-pr\u00e9sident du Conseil italien et ministre des Affaires \u00e9trang\u00e8res, Antonio Tajani"},"content":{"rendered":"\n<p class=\"wp-block-paragraph\">Dans un entretien, ce lundi, avec le Journal \u00ab La Stampa \u00bb, le vice-pr\u00e9sident du Conseil italien et ministre des Affaires \u00e9trang\u00e8res, Antonio Tajani, a d\u00e9clar\u00e9 que la Tunisie souhaite conclure un accord plus large au sujet des migrants, signalant que le travail sur ce dossier se fait, convenablement, avec la France.<\/p>\n\n\n\n<p class=\"wp-block-paragraph\">Antonio Tajani a exprim\u00e9 son \u00e9tonnement : \u00ab je ne peux comprendre la position de l\u2019Allemagne au sujet de la question migratoire, alors que nous planchons sur l\u2019\u00e9laboration d\u2019un document sp\u00e9cifique aux migrants, il y a sept bateaux relevant d\u2019Organisations non-gouvernementales financ\u00e9s par Berlin, devant nos c\u00f4tes. \u00bbS\u2019ils proc\u00e8dent au sauvetage des migrants, il serait sens\u00e9 d\u2019en assumer la responsabilit\u00e9 \u00bb, rapporte l\u2019agence de presse italienne, AKI.<\/p>\n\n\n\n<p class=\"wp-block-paragraph\">S\u2019agissant de la Tunisie, Tajani a indiqu\u00e9 que \u00ab la d\u00e9fense de nos fronti\u00e8res ne rel\u00e8ve pas de ses attributions. \u00bb<\/p>\n\n\n\n<p class=\"wp-block-paragraph\">\u00ab La Tunisie ne veut pas que les conventions se limitent, uniquement, \u00e0 la migration. Elle souhaite parvenir \u00e0 la conclusion d\u2019un accord plus large, a-t-il d\u00e9clar\u00e9, signalant que l\u2019argent qui lui est promis, va arriver dans les prochains jours \u00bb.<\/p>\n\n\n\n<p class=\"wp-block-paragraph\">Le ministre des Affaires \u00e9trang\u00e8res italien a consid\u00e9r\u00e9 que l\u2019embargo maritime europ\u00e9en propos\u00e9 par le ministre de l\u2019Infrastructure, Matteo Salvini ne r\u00e9ussira pas, mettant l\u2019accent sur le besoin de conclure des conventions avec les pays d\u2019origine, afin de pouvoir rapatrier les migrants.<\/p>\n","protected":false},"excerpt":{"rendered":"<p>Dans un entretien, ce lundi, avec le Journal \u00ab La Stampa \u00bb, le vice-pr\u00e9sident du Conseil italien et ministre des Affaires \u00e9trang\u00e8res, Antonio Tajani, a d\u00e9clar\u00e9 que la Tunisie souhaite conclure un accord plus large au sujet des migrants, signalant que le travail sur ce dossier se fait, convenablement, avec la France. Antonio Tajani a [&hellip;]<\/p>\n","protected":false},"author":4,"featured_media":48653,"comment_status":"open","ping_status":"closed","sticky":false,"template":"","format":"standard","meta":{"content-type":"","jnews-multi-image_gallery":[],"jnews_single_post":{"subtitle":"","format":"standard","video":"","gallery":"","source_name":"","source_url":"","via_name":"","via_url":"","override_template":"0","override":[{"template":"1","single_blog_custom":"","parallax":"1","fullscreen":"1","layout":"right-sidebar","sidebar":"default-sidebar","second_sidebar":"default-sidebar","sticky_sidebar":"1","share_position":"top","share_float_style":"share-monocrhome","show_share_counter":"1","show_view_counter":"1","show_featured":"1","show_post_meta":"1","show_post_author":"1","show_post_author_image":"1","show_post_date":"1","post_date_format":"default","post_date_format_custom":"Y\/m\/d","show_post_category":"1","show_post_reading_time":"0","post_reading_time_wpm":"300","show_zoom_button":"0","zoom_button_out_step":"2","zoom_button_in_step":"3","show_post_tag":"1","show_prev_next_post":"1","show_popup_post":"1","number_popup_post":"1","show_author_box":"0","show_post_related":"0","show_inline_post_related":"0"}],"override_image_size":"0","image_override":[{"single_post_thumbnail_size":"crop-500","single_post_gallery_size":"crop-500"}],"trending_post":"0","trending_post_position":"meta","trending_post_label":"Trending","sponsored_post":"0","sponsored_post_label":"Sponsored by","sponsored_post_name":"","sponsored_post_url":"","sponsored_post_logo_enable":"0","sponsored_post_logo":"","sponsored_post_desc":"","disable_ad":"0"},"jnews_primary_category":{"id":"","hide":""},"jnews_override_bookmark_settings":[],"jnews_review":[],"enable_review":"","type":"","name":"","summary":"","brand":"","sku":"","good":[],"bad":[],"score_override":"","override_value":"","rating":[],"price":[],"jnews_post_split":[],"footnotes":""},"categories":[7950],"tags":[1103,10404,4343,5696,54],"class_list":["post-50710","post","type-post","status-publish","format-standard","has-post-thumbnail","hentry","category-politique","tag-accord","tag-antonio-tajani","tag-entretien","tag-migrants","tag-tunisie"],"_links":{"self":[{"href":"https:\/\/www.africanchallenges.com\/index.php?rest_route=\/wp\/v2\/posts\/50710","targetHints":{"allow":["GET"]}}],"collection":[{"href":"https:\/\/www.africanchallenges.com\/index.php?rest_route=\/wp\/v2\/posts"}],"about":[{"href":"https:\/\/www.africanchallenges.com\/index.php?rest_route=\/wp\/v2\/types\/post"}],"author":[{"embeddable":true,"href":"https:\/\/www.africanchallenges.com\/index.php?rest_route=\/wp\/v2\/users\/4"}],"replies":[{"embeddable":true,"href":"https:\/\/www.africanchallenges.com\/index.php?rest_route=%2Fwp%2Fv2%2Fcomments&post=50710"}],"version-history":[{"count":1,"href":"https:\/\/www.africanchallenges.com\/index.php?rest_route=\/wp\/v2\/posts\/50710\/revisions"}],"predecessor-version":[{"id":50711,"href":"https:\/\/www.africanchallenges.com\/index.php?rest_route=\/wp\/v2\/posts\/50710\/revisions\/50711"}],"wp:featuredmedia":[{"embeddable":true,"href":"https:\/\/www.africanchallenges.com\/index.php?rest_route=\/wp\/v2\/media\/48653"}],"wp:attachment":[{"href":"https:\/\/www.africanchallenges.com\/index.php?rest_route=%2Fwp%2Fv2%2Fmedia&parent=50710"}],"wp:term":[{"taxonomy":"category","embeddable":true,"href":"https:\/\/www.africanchallenges.com\/index.php?rest_route=%2Fwp%2Fv2%2Fcategories&post=50710"},{"taxonomy":"post_tag","embeddable":true,"href":"https:\/\/www.africanchallenges.com\/index.php?rest_route=%2Fwp%2Fv2%2Ftags&post=50710"}],"curies":[{"name":"wp","href":"https:\/\/api.w.org\/{rel}","templated":true}]}}